{"id":74380,"date":"2025-04-01T11:33:39","date_gmt":"2025-04-01T14:33:39","guid":{"rendered":"https:\/\/blogopara.com.br\/?p=74380"},"modified":"2025-04-01T11:33:39","modified_gmt":"2025-04-01T14:33:39","slug":"ex-comandante-marchesini-questiona-exoneracao-e-alfineta-jeronimo-me-doeu-muito","status":"publish","type":"post","link":"https:\/\/blogopara.com.br\/index.php\/2025\/04\/01\/ex-comandante-marchesini-questiona-exoneracao-e-alfineta-jeronimo-me-doeu-muito","title":{"rendered":"Ex-comandante Marchesini questiona exonera\u00e7\u00e3o e alfineta Jer\u00f4nimo: &#8216;Me doeu muito&#8217;"},"content":{"rendered":"<div class=\"flex flex-col p-2 px-0 w-full font-normal text-[18px] leading-[30px] text-tw-theme-text-default\">\n<p id=\"paragrafo-49hvuq0k2c\">O clima ficou tenso durante a posse do novo comandante do Corpo de Bombeiros Militar da Bahia (CBMB), na segunda-feira (31), em Sim\u00f5es Filho. Na solenidade, o ex-comandante Adson Marchesini questionou sua exonera\u00e7\u00e3o ao governador Jer\u00f4nimo Rodrigues, disse que foi surpreendido e que est\u00e1 triste com a decis\u00e3o.<\/p>\n<\/div>\n<div class=\"flex flex-col p-2 px-0 w-full font-normal text-[18px] leading-[30px] text-tw-theme-text-default\">\n<p id=\"paragrafo-larl77o7ip\">&#8220;Quando tomei conhecimento que fui exonerado, n\u00e3o vou mentir, fiquei muito triste com o senhor [Jer\u00f4nimo]. N\u00e3o tenho raiva, mas aquele sentimento de dor. O que foi que eu errei para ser exonerado do Corpo de Bombeiros, uma institui\u00e7\u00e3o que eu lutei?&#8221;, disse. A fala inesperada surpreendeu o p\u00fablico.<\/p>\n<\/div>\n<div class=\"flex flex-col p-2 px-0 w-full font-normal text-[18px] leading-[30px] text-tw-theme-text-default\">\n<p id=\"paragrafo-2bqa1d7lmn\">A cerim\u00f4nia marcou a posse de Alo\u00edsio Mascarenhas Fernandes como novo comandante, no Instituto Militar de Ensino Superior de Bombeiros (Imesb). Marchesini ainda falou sobre o dia que foi exonerado.<\/p>\n<div class=\"flex flex-col p-2 px-0 w-full font-normal text-[18px] leading-[30px] text-tw-theme-text-default\">\n<p id=\"paragrafo-49hvuq0k2c\">O clima ficou tenso durante a posse do novo comandante do\u00a0Corpo de Bombeiros Militar da Bahia (CBMB), na segunda-feira (31), em Sim\u00f5es Filho. Na solenidade, o ex-comandante\u00a0Adson Marchesini questionou sua exonera\u00e7\u00e3o ao governador Jer\u00f4nimo Rodrigues, disse que foi surpreendido e que est\u00e1 triste com a decis\u00e3o.<\/p>\n<\/div>\n<div class=\"article_mrec_destaque sticky\">\n<div id=\"internas_336x280_01\"><span style=\"font-size: 1rem;\">&#8220;Quando tomei conhecimento que fui exonerado, n\u00e3o vou mentir, fiquei muito triste com o senhor [Jer\u00f4nimo]. N\u00e3o tenho raiva, mas aquele sentimento de dor. O que foi que eu errei para ser exonerado do Corpo de Bombeiros, uma institui\u00e7\u00e3o que eu lutei?&#8221;, disse. A fala inesperada surpreendeu o p\u00fablico.\u00a0<\/span><\/div>\n<\/div>\n<div class=\"flex flex-col p-2 px-0 w-full font-normal text-[18px] leading-[30px] text-tw-theme-text-default\">\n<p id=\"paragrafo-2bqa1d7lmn\">A cerim\u00f4nia marcou a posse de Alo\u00edsio Mascarenhas Fernandes como novo comandante, no Instituto Militar de Ensino Superior de Bombeiros (Imesb). Marchesini ainda falou sobre o dia que foi exonerado.<\/p>\n<p>Confira o v\u00eddeo<\/p>\n<div style=\"width: 640px;\" class=\"wp-video\"><!--[if lt IE 9]><script>document.createElement('video');<\/script><![endif]-->\n<video class=\"wp-video-shortcode\" id=\"video-74380-1\" width=\"640\" height=\"288\" preload=\"metadata\" controls=\"controls\"><source type=\"video\/mp4\" src=\"https:\/\/blogopara.com.br\/wp-content\/uploads\/2025\/04\/WhatsApp-Video-2025-04-01-at-11.26.10.mp4?_=1\" \/><a href=\"https:\/\/blogopara.com.br\/wp-content\/uploads\/2025\/04\/WhatsApp-Video-2025-04-01-at-11.26.10.mp4\">https:\/\/blogopara.com.br\/wp-content\/uploads\/2025\/04\/WhatsApp-Video-2025-04-01-at-11.26.10.mp4<\/a><\/video><\/div>\n<\/div>\n<\/div>\n","protected":false},"excerpt":{"rendered":"<p>O clima ficou tenso durante a posse do novo comandante do Corpo de Bombeiros Militar da Bahia (CBMB), na segunda-feira (31), em Sim\u00f5es Filho. Na solenidade, o ex-comandante Adson Marchesini questionou sua exonera\u00e7\u00e3o ao governador Jer\u00f4nimo Rodrigues, disse que foi surpreendido e que est\u00e1 triste com a decis\u00e3o. &#8220;Quando tomei conhecimento que fui exonerado, n\u00e3o [&hellip;]<\/p>\n","protected":false},"author":1,"featured_media":74381,"comment_status":"open","ping_status":"open","sticky":false,"template":"","format":"standard","meta":{"_uag_custom_page_level_css":"","_monsterinsights_skip_tracking":false,"_monsterinsights_sitenote_active":false,"_monsterinsights_sitenote_note":"","_monsterinsights_sitenote_category":0,"jetpack_post_was_ever_published":false,"_jetpack_newsletter_access":"","_jetpack_dont_email_post_to_subs":false,"_jetpack_newsletter_tier_id":0,"_jetpack_memberships_contains_paywalled_content":false,"_jetpack_memberships_contains_paid_content":false,"footnotes":"","jetpack_publicize_message":"","jetpack_publicize_feature_enabled":true,"jetpack_social_post_already_shared":true,"jetpack_social_options":{"image_generator_settings":{"template":"highway","default_image_id":0,"font":"","enabled":false},"version":2}},"categories":[199,197],"tags":[],"class_list":["post-74380","post","type-post","status-publish","format-standard","has-post-thumbnail","hentry","category-bahia","category-politica"],"jetpack_publicize_connections":[],"jetpack_featured_media_url":"https:\/\/blogopara.com.br\/wp-content\/uploads\/2025\/04\/Capturar-1.jpg","uagb_featured_image_src":{"full":["https:\/\/blogopara.com.br\/wp-content\/uploads\/2025\/04\/Capturar-1.jpg",500,262,false],"thumbnail":["https:\/\/blogopara.com.br\/wp-content\/uploads\/2025\/04\/Capturar-1-150x150.jpg",150,150,true],"medium":["https:\/\/blogopara.com.br\/wp-content\/uploads\/2025\/04\/Capturar-1-300x157.jpg",300,157,true],"medium_large":["https:\/\/blogopara.com.br\/wp-content\/uploads\/2025\/04\/Capturar-1.jpg",500,262,false],"large":["https:\/\/blogopara.com.br\/wp-content\/uploads\/2025\/04\/Capturar-1.jpg",500,262,false],"1536x1536":["https:\/\/blogopara.com.br\/wp-content\/uploads\/2025\/04\/Capturar-1.jpg",500,262,false],"2048x2048":["https:\/\/blogopara.com.br\/wp-content\/uploads\/2025\/04\/Capturar-1.jpg",500,262,false],"mantranews-slider-large":["https:\/\/blogopara.com.br\/wp-content\/uploads\/2025\/04\/Capturar-1.jpg",500,262,false],"mantranews-featured-medium":["https:\/\/blogopara.com.br\/wp-content\/uploads\/2025\/04\/Capturar-1-420x262.jpg",420,262,true],"mantranews-featured-long":["https:\/\/blogopara.com.br\/wp-content\/uploads\/2025\/04\/Capturar-1-300x262.jpg",300,262,true],"mantranews-block-medium":["https:\/\/blogopara.com.br\/wp-content\/uploads\/2025\/04\/Capturar-1-464x262.jpg",464,262,true],"mantranews-carousel-image":["https:\/\/blogopara.com.br\/wp-content\/uploads\/2025\/04\/Capturar-1.jpg",500,262,false],"mantranews-block-thumb":["https:\/\/blogopara.com.br\/wp-content\/uploads\/2025\/04\/Capturar-1-322x230.jpg",322,230,true],"mantranews-single-large":["https:\/\/blogopara.com.br\/wp-content\/uploads\/2025\/04\/Capturar-1.jpg",500,262,false]},"uagb_author_info":{"display_name":"Reda\u00e7\u00e3o geral","author_link":"https:\/\/blogopara.com.br\/index.php\/author\/blogopara"},"uagb_comment_info":0,"uagb_excerpt":"O clima ficou tenso durante a posse do novo comandante do Corpo de Bombeiros Militar da Bahia (CBMB), na segunda-feira (31), em Sim\u00f5es Filho. Na solenidade, o ex-comandante Adson Marchesini questionou sua exonera\u00e7\u00e3o ao governador Jer\u00f4nimo Rodrigues, disse que foi surpreendido e que est\u00e1 triste com a decis\u00e3o. &#8220;Quando tomei conhecimento que fui exonerado, n\u00e3o&hellip;","jetpack_sharing_enabled":true,"jetpack_likes_enabled":true,"_links":{"self":[{"href":"https:\/\/blogopara.com.br\/index.php\/wp-json\/wp\/v2\/posts\/74380","targetHints":{"allow":["GET"]}}],"collection":[{"href":"https:\/\/blogopara.com.br\/index.php\/wp-json\/wp\/v2\/posts"}],"about":[{"href":"https:\/\/blogopara.com.br\/index.php\/wp-json\/wp\/v2\/types\/post"}],"author":[{"embeddable":true,"href":"https:\/\/blogopara.com.br\/index.php\/wp-json\/wp\/v2\/users\/1"}],"replies":[{"embeddable":true,"href":"https:\/\/blogopara.com.br\/index.php\/wp-json\/wp\/v2\/comments?post=74380"}],"version-history":[{"count":1,"href":"https:\/\/blogopara.com.br\/index.php\/wp-json\/wp\/v2\/posts\/74380\/revisions"}],"predecessor-version":[{"id":74383,"href":"https:\/\/blogopara.com.br\/index.php\/wp-json\/wp\/v2\/posts\/74380\/revisions\/74383"}],"wp:featuredmedia":[{"embeddable":true,"href":"https:\/\/blogopara.com.br\/index.php\/wp-json\/wp\/v2\/media\/74381"}],"wp:attachment":[{"href":"https:\/\/blogopara.com.br\/index.php\/wp-json\/wp\/v2\/media?parent=74380"}],"wp:term":[{"taxonomy":"category","embeddable":true,"href":"https:\/\/blogopara.com.br\/index.php\/wp-json\/wp\/v2\/categories?post=74380"},{"taxonomy":"post_tag","embeddable":true,"href":"https:\/\/blogopara.com.br\/index.php\/wp-json\/wp\/v2\/tags?post=74380"}],"curies":[{"name":"wp","href":"https:\/\/api.w.org\/{rel}","templated":true}]}}