{"id":74384,"date":"2025-04-01T11:36:00","date_gmt":"2025-04-01T14:36:00","guid":{"rendered":"https:\/\/blogopara.com.br\/?p=74384"},"modified":"2025-04-01T11:36:00","modified_gmt":"2025-04-01T14:36:00","slug":"desaprovacao-de-lula-chega-a-536-aponta-pesquisa-da-atlasintel","status":"publish","type":"post","link":"https:\/\/blogopara.com.br\/index.php\/2025\/04\/01\/desaprovacao-de-lula-chega-a-536-aponta-pesquisa-da-atlasintel","title":{"rendered":"Desaprova\u00e7\u00e3o de Lula chega a 53,6%, aponta pesquisa da AtlasIntel"},"content":{"rendered":"<p>Uma pesquisa realizada pelo instituto AtlasIntel, divulgada nesta ter\u00e7a-feira, revelou que a desaprova\u00e7\u00e3o do presidente Lula atingiu 53,6% em mar\u00e7o, o maior \u00edndice desde o in\u00edcio das medi\u00e7\u00f5es do instituto em janeiro do ano passado, quando a desaprova\u00e7\u00e3o era de 45,4%. Dos entrevistados, 44,9% manifestaram aprova\u00e7\u00e3o pelo desempenho do petista, enquanto 1,5% n\u00e3o souberam opinar. A informa\u00e7\u00e3o \u00e9 da \u201cVeja\u201d.<\/p>\n<p>A pesquisa, que ouviu 4.659 pessoas por meio de recrutamento digital aleat\u00f3rio, tem margem de erro de 1 ponto percentual, com um n\u00edvel de confian\u00e7a de 95%. O per\u00edodo de coleta de dados ocorreu entre 20 e 24 de mar\u00e7o. O levantamento faz parte do relat\u00f3rio Latam Pulse, uma colabora\u00e7\u00e3o entre AtlasIntel e Bloomberg.<\/p>\n<p>O resultado de mar\u00e7o foi semelhante ao de fevereiro, com 53% de desaprova\u00e7\u00e3o e 45,7% de aprova\u00e7\u00e3o, dentro da margem de erro. Contudo, o desempenho de Lula foi pior do que no in\u00edcio do ano, quando a desaprova\u00e7\u00e3o foi de 51,4% e a aprova\u00e7\u00e3o de 45,9%.<\/p>\n<p>Em rela\u00e7\u00e3o \u00e0 avalia\u00e7\u00e3o do governo Lula, 49,6% dos entrevistados consideram sua gest\u00e3o ruim ou p\u00e9ssima, 37,4% a veem como \u00f3tima ou boa, e 12,5% a classificam como regular. Apenas 0,5% n\u00e3o souberam responder. No m\u00eas anterior, a avalia\u00e7\u00e3o negativa foi de 50,8%, enquanto a positiva foi de 37,6%, e a regular de 11,3%.<\/p>\n","protected":false},"excerpt":{"rendered":"<p>Uma pesquisa realizada pelo instituto AtlasIntel, divulgada nesta ter\u00e7a-feira, revelou que a desaprova\u00e7\u00e3o do presidente Lula atingiu 53,6% em mar\u00e7o, o maior \u00edndice desde o in\u00edcio das medi\u00e7\u00f5es do instituto em janeiro do ano passado, quando a desaprova\u00e7\u00e3o era de 45,4%. Dos entrevistados, 44,9% manifestaram aprova\u00e7\u00e3o pelo desempenho do petista, enquanto 1,5% n\u00e3o souberam opinar. [&hellip;]<\/p>\n","protected":false},"author":1,"featured_media":48745,"comment_status":"open","ping_status":"open","sticky":false,"template":"","format":"standard","meta":{"_uag_custom_page_level_css":"","_monsterinsights_skip_tracking":false,"_monsterinsights_sitenote_active":false,"_monsterinsights_sitenote_note":"","_monsterinsights_sitenote_category":0,"jetpack_post_was_ever_published":false,"_jetpack_newsletter_access":"","_jetpack_dont_email_post_to_subs":false,"_jetpack_newsletter_tier_id":0,"_jetpack_memberships_contains_paywalled_content":false,"_jetpack_memberships_contains_paid_content":false,"footnotes":"","jetpack_publicize_message":"","jetpack_publicize_feature_enabled":true,"jetpack_social_post_already_shared":true,"jetpack_social_options":{"image_generator_settings":{"template":"highway","default_image_id":0,"font":"","enabled":false},"version":2}},"categories":[200,197],"tags":[],"class_list":["post-74384","post","type-post","status-publish","format-standard","has-post-thumbnail","hentry","category-brasil","category-politica"],"jetpack_publicize_connections":[],"jetpack_featured_media_url":"https:\/\/blogopara.com.br\/wp-content\/uploads\/2023\/01\/lula-500x333-1.webp","uagb_featured_image_src":{"full":["https:\/\/blogopara.com.br\/wp-content\/uploads\/2023\/01\/lula-500x333-1.webp",500,333,false],"thumbnail":["https:\/\/blogopara.com.br\/wp-content\/uploads\/2023\/01\/lula-500x333-1-150x150.webp",150,150,true],"medium":["https:\/\/blogopara.com.br\/wp-content\/uploads\/2023\/01\/lula-500x333-1-300x200.webp",300,200,true],"medium_large":["https:\/\/blogopara.com.br\/wp-content\/uploads\/2023\/01\/lula-500x333-1.webp",500,333,false],"large":["https:\/\/blogopara.com.br\/wp-content\/uploads\/2023\/01\/lula-500x333-1.webp",500,333,false],"1536x1536":["https:\/\/blogopara.com.br\/wp-content\/uploads\/2023\/01\/lula-500x333-1.webp",500,333,false],"2048x2048":["https:\/\/blogopara.com.br\/wp-content\/uploads\/2023\/01\/lula-500x333-1.webp",500,333,false],"mantranews-slider-large":["https:\/\/blogopara.com.br\/wp-content\/uploads\/2023\/01\/lula-500x333-1.webp",500,333,false],"mantranews-featured-medium":["https:\/\/blogopara.com.br\/wp-content\/uploads\/2023\/01\/lula-500x333-1-420x307.webp",420,307,true],"mantranews-featured-long":["https:\/\/blogopara.com.br\/wp-content\/uploads\/2023\/01\/lula-500x333-1-300x333.webp",300,333,true],"mantranews-block-medium":["https:\/\/blogopara.com.br\/wp-content\/uploads\/2023\/01\/lula-500x333-1-464x290.webp",464,290,true],"mantranews-carousel-image":["https:\/\/blogopara.com.br\/wp-content\/uploads\/2023\/01\/lula-500x333-1.webp",500,333,false],"mantranews-block-thumb":["https:\/\/blogopara.com.br\/wp-content\/uploads\/2023\/01\/lula-500x333-1-322x230.webp",322,230,true],"mantranews-single-large":["https:\/\/blogopara.com.br\/wp-content\/uploads\/2023\/01\/lula-500x333-1.webp",500,333,false]},"uagb_author_info":{"display_name":"Reda\u00e7\u00e3o geral","author_link":"https:\/\/blogopara.com.br\/index.php\/author\/blogopara"},"uagb_comment_info":0,"uagb_excerpt":"Uma pesquisa realizada pelo instituto AtlasIntel, divulgada nesta ter\u00e7a-feira, revelou que a desaprova\u00e7\u00e3o do presidente Lula atingiu 53,6% em mar\u00e7o, o maior \u00edndice desde o in\u00edcio das medi\u00e7\u00f5es do instituto em janeiro do ano passado, quando a desaprova\u00e7\u00e3o era de 45,4%. Dos entrevistados, 44,9% manifestaram aprova\u00e7\u00e3o pelo desempenho do petista, enquanto 1,5% n\u00e3o souberam opinar.&hellip;","jetpack_sharing_enabled":true,"jetpack_likes_enabled":true,"_links":{"self":[{"href":"https:\/\/blogopara.com.br\/index.php\/wp-json\/wp\/v2\/posts\/74384","targetHints":{"allow":["GET"]}}],"collection":[{"href":"https:\/\/blogopara.com.br\/index.php\/wp-json\/wp\/v2\/posts"}],"about":[{"href":"https:\/\/blogopara.com.br\/index.php\/wp-json\/wp\/v2\/types\/post"}],"author":[{"embeddable":true,"href":"https:\/\/blogopara.com.br\/index.php\/wp-json\/wp\/v2\/users\/1"}],"replies":[{"embeddable":true,"href":"https:\/\/blogopara.com.br\/index.php\/wp-json\/wp\/v2\/comments?post=74384"}],"version-history":[{"count":1,"href":"https:\/\/blogopara.com.br\/index.php\/wp-json\/wp\/v2\/posts\/74384\/revisions"}],"predecessor-version":[{"id":74385,"href":"https:\/\/blogopara.com.br\/index.php\/wp-json\/wp\/v2\/posts\/74384\/revisions\/74385"}],"wp:featuredmedia":[{"embeddable":true,"href":"https:\/\/blogopara.com.br\/index.php\/wp-json\/wp\/v2\/media\/48745"}],"wp:attachment":[{"href":"https:\/\/blogopara.com.br\/index.php\/wp-json\/wp\/v2\/media?parent=74384"}],"wp:term":[{"taxonomy":"category","embeddable":true,"href":"https:\/\/blogopara.com.br\/index.php\/wp-json\/wp\/v2\/categories?post=74384"},{"taxonomy":"post_tag","embeddable":true,"href":"https:\/\/blogopara.com.br\/index.php\/wp-json\/wp\/v2\/tags?post=74384"}],"curies":[{"name":"wp","href":"https:\/\/api.w.org\/{rel}","templated":true}]}}