{"id":74386,"date":"2025-04-01T11:37:05","date_gmt":"2025-04-01T14:37:05","guid":{"rendered":"https:\/\/blogopara.com.br\/?p=74386"},"modified":"2025-04-01T11:37:05","modified_gmt":"2025-04-01T14:37:05","slug":"lula-sinaliza-a-retomada-de-conversas-e-aliados-veem-chance-de-destravar-reforma-ministerial","status":"publish","type":"post","link":"https:\/\/blogopara.com.br\/index.php\/2025\/04\/01\/lula-sinaliza-a-retomada-de-conversas-e-aliados-veem-chance-de-destravar-reforma-ministerial","title":{"rendered":"Lula sinaliza a retomada de conversas, e aliados veem chance de destravar reforma ministerial"},"content":{"rendered":"<p>O presidente Lula (PT) sinalizou a aliados que vai procurar dirigentes partid\u00e1rios e integrantes da c\u00fapula do Congresso Nacional a partir desta semana para avan\u00e7ar com as negocia\u00e7\u00f5es de uma reforma ministerial em seu governo.<\/p>\n<p>Apesar de at\u00e9 mesmo auxiliares do petista n\u00e3o arriscarem precisar o alcance dessas trocas na Esplanada, h\u00e1 uma expectativa de que essa conversas possam destravar as negocia\u00e7\u00f5es \u2014que se arrastam h\u00e1 meses.<\/p>\n<p>A ideia \u00e9 que isso possa acontecer agora que Lula est\u00e1 de volta ao Brasil, depois de viagem internacional para o Jap\u00e3o e o Vietn\u00e3 na \u00faltima semana. Para a miss\u00e3o internacional, o presidente da Rep\u00fablica convidou os presidentes da C\u00e2mara, Hugo Motta (Republicanos-PB), e do Senado, Davi Alcolumbre (Uni\u00e3o Brasil-AP), al\u00e9m de ministros e l\u00edderes de partidos como MDB, Uni\u00e3o Brasil e PP, na sinaliza\u00e7\u00e3o de uma busca por aproxima\u00e7\u00e3o com o Congresso.<\/p>\n<p>Tamb\u00e9m estiveram na comitiva o ex-presidente da C\u00e2mara Arthur Lira (PP-AL) e o ex-presidente do Senado Rodrigo Pacheco (PSD-MG). Tanto Pacheco como Lira integravam a bolsa de apostas para assumir minist\u00e9rios. No entanto, Pacheco se reuniu com Lula no \u00faltimo dia 15 e descartou sua ida para o governo.<\/p>\n<p>J\u00e1 Lira tem afirmado a interlocutores que n\u00e3o houve conversas concretas sobre o assunto e que ele pretende se dedicar \u00e0 presid\u00eancia da federa\u00e7\u00e3o entre PP e Uni\u00e3o Brasil, caso essa alian\u00e7a entre os dois partidos seja confirmada. Um aliado do deputado, no entanto, diz que n\u00e3o est\u00e1 descartada sua entrada no governo, caso haja o convite para uma pasta considerada estrat\u00e9gica.<\/p>\n<p>Quatro parlamentares que integraram a comitiva disseram \u00e0 reportagem que essa atua\u00e7\u00e3o de Lula para se aproximar dos deputados e senadores ajuda o governo. Eles reconhecem que a viagem tem um saldo positivo nesse sentido, diante do esfor\u00e7o do presidente.<\/p>\n<p>Eles afirmaram que desde o come\u00e7o do terceiro mandato do petista os congressistas cobram envolvimento direto do presidente na articula\u00e7\u00e3o pol\u00edtica, assim como um maior di\u00e1logo.<\/p>\n<p>H\u00e1 uma avalia\u00e7\u00e3o entre os parlamentares de que o governo tem mostrado desde o come\u00e7o do ano querer melhorar o ambiente com o Legislativo, ap\u00f3s dois anos de rela\u00e7\u00e3o marcada por tens\u00e3o entre os dois Poderes.<\/p>\n<p>Nesse sentido, dizem que Lula sinaliza para um novo modelo de rela\u00e7\u00e3o com os parlamentares, com encontros mais frequentes e di\u00e1logo mais estreito. Apesar de essa promessa ter sido feita em outras ocasi\u00f5es neste mandato, dois congressistas afirmam ter sentido uma mudan\u00e7a de postura do chefe do Executivo na viagem.<\/p>\n<p>Segundo um l\u00edder, reduzir as tens\u00f5es deve permitir que o presidente discuta, num segundo momento e em situa\u00e7\u00e3o mais favor\u00e1vel, temas como trocas na Esplanada e pautas de interesse do Pal\u00e1cio do Planalto.<\/p>\n<p>Outro congressista que esteve na comitiva afirma que esse movimento de Lula passa por uma aproxima\u00e7\u00e3o do presidente com Alcolumbre e Motta. Desde a elei\u00e7\u00e3o da c\u00fapula do Congresso, em fevereiro, o petista se reuniu por mais de uma vez com os dois parlamentares, al\u00e9m de convid\u00e1-los para cerim\u00f4nias no Planalto e para viagens \u2014algo que quer tornar mais frequente a partir de agora.<\/p>\n<p>Em mais um gesto nesse sentido, Lula dever\u00e1 procurar Motta e Alcolumbre, individualmente, para tratar das trocas ministeriais, segundo um aliado do presidente da C\u00e2mara. H\u00e1 expectativas de aliados do petista de que essas conversas possam ter avan\u00e7ado durante a viagem, j\u00e1 que os tr\u00eas conversaram a s\u00f3s em alguns momentos.<\/p>\n<p>Apesar disso, dizem que as conversas mais aprofundadas acerca desse tema devem come\u00e7ar agora. O pr\u00f3prio presidente disse no Jap\u00e3o que \u201cn\u00e3o seria louco\u201d de discutir o assunto durante a viagem. \u201cTrouxe eles e fiz quest\u00e3o que a gente n\u00e3o fizesse nenhuma discuss\u00e3o no avi\u00e3o que a gente poderia fazer em terra. Quando n\u00f3s voltarmos ao Brasil, vamos discutir as coisas que temos que discutir\u201d, disse.<\/p>\n<p>De acordo com dois ministros, Lula tamb\u00e9m sinalizou a inten\u00e7\u00e3o de procurar os presidentes de partidos que t\u00eam representantes em seu governo para avan\u00e7ar com essas conversas. Segundo um desses auxiliares, ele citou os nomes dos presidentes do PSD, Gilberto Kassab, e do Republicanos, Marcos Pereira.<\/p>\n<p>As discuss\u00f5es sobre a reforma da Esplanada ocorrem em um momento de baixa popularidade do governo. Hoje, integram a base aliada siglas que consideram lan\u00e7ar candidatura pr\u00f3pria \u00e0 Presid\u00eancia, como Uni\u00e3o Brasil, PSD (cada um com tr\u00eas minist\u00e9rios) e Republicanos (com uma pasta).<\/p>\n<p>H\u00e1 tamb\u00e9m descontentamento entre integrantes do PP, que tem Andr\u00e9 Fufuca \u00e0 frente do Minist\u00e9rio do Esporte e uma ala que chegou a amea\u00e7ar com um desembarque do governo.<\/p>\n<p>Apesar de algumas legendas se queixarem do espa\u00e7o que t\u00eam hoje na Esplanada, h\u00e1 uma resist\u00eancia de integrantes do centr\u00e3o em aumentar sua participa\u00e7\u00e3o no mandato petista num momento de queda de popularidade.<\/p>\n<p>Al\u00e9m disso, eles dizem que haveria pouco tempo para permanecer \u00e0 frente de um minist\u00e9rio \u2014j\u00e1 que a legisla\u00e7\u00e3o prev\u00ea que, para concorrer \u00e0s elei\u00e7\u00f5es, um candidato precisa deixar o cargo at\u00e9 abril de 2026.<\/p>\n<p>Presidentes de siglas de centro, na mira das pr\u00f3ximas conversas de Lula, n\u00e3o d\u00e3o garantia de apoio em 2026. Nos \u00faltimos meses, alguns deles fizeram cr\u00edticas p\u00fablicas \u00e0 gest\u00e3o petista. Em janeiro, Kassab chamou o ministro da Fazenda, Fernando Haddad, de fraco e afirmou que o PT perderia a elei\u00e7\u00e3o se ela ocorresse naquele momento.<\/p>\n<p>Em entrevista \u00e0 Folha em mar\u00e7o, o presidente do Uni\u00e3o Brasil, Antonio Rueda, disse que o petista vivia o pior momento de seu terceiro mandato e que ele precisava ouvir mais os partidos aliados.<\/p>\n<p>J\u00e1 Marcos Pereira, do Republicanos, partido do governador de S\u00e3o Paulo, Tarc\u00edsio de Freitas, afirmou publicamente que a tend\u00eancia \u00e9 que o partido caminhe com uma candidatura de centro-direita na pr\u00f3xima elei\u00e7\u00e3o.<\/p>\n<p>Neste ano, Lula oficializou a troca em tr\u00eas pastas: a chegada de Sid\u00f4nio Palmeira na Secom (Secretaria de Comunica\u00e7\u00e3o Social), no lugar de Paulo Pimenta (PT); a de Gleisi Hoffmann (PT) na Secretaria de Rela\u00e7\u00f5es Institucionais, no lugar de Alexandre Padilha (PT); e a ida de Padilha para a Sa\u00fade, no lugar de N\u00edsia Trindade.<\/p>\n<p>Aliados de Lula tamb\u00e9m n\u00e3o descartam mais trocas em pastas comandadas pelo PT. Eles citam a Secretaria-Geral da Presid\u00eancia, chefiada por M\u00e1rcio Mac\u00eado, o Minist\u00e9rio das Mulheres, comandado por Cida Gon\u00e7alves, o Minist\u00e9rio de Desenvolvimento Agr\u00e1rio, que tem Paulo Teixeira \u00e0 frente da pasta, e o Minist\u00e9rio de Desenvolvimento Social, chefiado por Wellington Dias.<\/p>\n<p>Victoria Azevedo\/Folhapress<\/p>\n","protected":false},"excerpt":{"rendered":"<p>O presidente Lula (PT) sinalizou a aliados que vai procurar dirigentes partid\u00e1rios e integrantes da c\u00fapula do Congresso Nacional a partir desta semana para avan\u00e7ar com as negocia\u00e7\u00f5es de uma reforma ministerial em seu governo. Apesar de at\u00e9 mesmo auxiliares do petista n\u00e3o arriscarem precisar o alcance dessas trocas na Esplanada, h\u00e1 uma expectativa de [&hellip;]<\/p>\n","protected":false},"author":1,"featured_media":47159,"comment_status":"open","ping_status":"open","sticky":false,"template":"","format":"standard","meta":{"_uag_custom_page_level_css":"","_monsterinsights_skip_tracking":false,"_monsterinsights_sitenote_active":false,"_monsterinsights_sitenote_note":"","_monsterinsights_sitenote_category":0,"jetpack_post_was_ever_published":false,"_jetpack_newsletter_access":"","_jetpack_dont_email_post_to_subs":false,"_jetpack_newsletter_tier_id":0,"_jetpack_memberships_contains_paywalled_content":false,"_jetpack_memberships_contains_paid_content":false,"footnotes":"","jetpack_publicize_message":"","jetpack_publicize_feature_enabled":true,"jetpack_social_post_already_shared":true,"jetpack_social_options":{"image_generator_settings":{"template":"highway","default_image_id":0,"font":"","enabled":false},"version":2}},"categories":[200,197],"tags":[],"class_list":["post-74386","post","type-post","status-publish","format-standard","has-post-thumbnail","hentry","category-brasil","category-politica"],"jetpack_publicize_connections":[],"jetpack_featured_media_url":"https:\/\/blogopara.com.br\/wp-content\/uploads\/2022\/12\/lula_diplomacao.jpg","uagb_featured_image_src":{"full":["https:\/\/blogopara.com.br\/wp-content\/uploads\/2022\/12\/lula_diplomacao.jpg",501,333,false],"thumbnail":["https:\/\/blogopara.com.br\/wp-content\/uploads\/2022\/12\/lula_diplomacao-150x150.jpg",150,150,true],"medium":["https:\/\/blogopara.com.br\/wp-content\/uploads\/2022\/12\/lula_diplomacao-300x199.jpg",300,199,true],"medium_large":["https:\/\/blogopara.com.br\/wp-content\/uploads\/2022\/12\/lula_diplomacao.jpg",501,333,false],"large":["https:\/\/blogopara.com.br\/wp-content\/uploads\/2022\/12\/lula_diplomacao.jpg",501,333,false],"1536x1536":["https:\/\/blogopara.com.br\/wp-content\/uploads\/2022\/12\/lula_diplomacao.jpg",501,333,false],"2048x2048":["https:\/\/blogopara.com.br\/wp-content\/uploads\/2022\/12\/lula_diplomacao.jpg",501,333,false],"mantranews-slider-large":["https:\/\/blogopara.com.br\/wp-content\/uploads\/2022\/12\/lula_diplomacao.jpg",501,333,false],"mantranews-featured-medium":["https:\/\/blogopara.com.br\/wp-content\/uploads\/2022\/12\/lula_diplomacao-420x307.jpg",420,307,true],"mantranews-featured-long":["https:\/\/blogopara.com.br\/wp-content\/uploads\/2022\/12\/lula_diplomacao-300x333.jpg",300,333,true],"mantranews-block-medium":["https:\/\/blogopara.com.br\/wp-content\/uploads\/2022\/12\/lula_diplomacao-464x290.jpg",464,290,true],"mantranews-carousel-image":["https:\/\/blogopara.com.br\/wp-content\/uploads\/2022\/12\/lula_diplomacao.jpg",501,333,false],"mantranews-block-thumb":["https:\/\/blogopara.com.br\/wp-content\/uploads\/2022\/12\/lula_diplomacao-322x230.jpg",322,230,true],"mantranews-single-large":["https:\/\/blogopara.com.br\/wp-content\/uploads\/2022\/12\/lula_diplomacao.jpg",501,333,false]},"uagb_author_info":{"display_name":"Reda\u00e7\u00e3o geral","author_link":"https:\/\/blogopara.com.br\/index.php\/author\/blogopara"},"uagb_comment_info":0,"uagb_excerpt":"O presidente Lula (PT) sinalizou a aliados que vai procurar dirigentes partid\u00e1rios e integrantes da c\u00fapula do Congresso Nacional a partir desta semana para avan\u00e7ar com as negocia\u00e7\u00f5es de uma reforma ministerial em seu governo. Apesar de at\u00e9 mesmo auxiliares do petista n\u00e3o arriscarem precisar o alcance dessas trocas na Esplanada, h\u00e1 uma expectativa de&hellip;","jetpack_sharing_enabled":true,"jetpack_likes_enabled":true,"_links":{"self":[{"href":"https:\/\/blogopara.com.br\/index.php\/wp-json\/wp\/v2\/posts\/74386","targetHints":{"allow":["GET"]}}],"collection":[{"href":"https:\/\/blogopara.com.br\/index.php\/wp-json\/wp\/v2\/posts"}],"about":[{"href":"https:\/\/blogopara.com.br\/index.php\/wp-json\/wp\/v2\/types\/post"}],"author":[{"embeddable":true,"href":"https:\/\/blogopara.com.br\/index.php\/wp-json\/wp\/v2\/users\/1"}],"replies":[{"embeddable":true,"href":"https:\/\/blogopara.com.br\/index.php\/wp-json\/wp\/v2\/comments?post=74386"}],"version-history":[{"count":1,"href":"https:\/\/blogopara.com.br\/index.php\/wp-json\/wp\/v2\/posts\/74386\/revisions"}],"predecessor-version":[{"id":74387,"href":"https:\/\/blogopara.com.br\/index.php\/wp-json\/wp\/v2\/posts\/74386\/revisions\/74387"}],"wp:featuredmedia":[{"embeddable":true,"href":"https:\/\/blogopara.com.br\/index.php\/wp-json\/wp\/v2\/media\/47159"}],"wp:attachment":[{"href":"https:\/\/blogopara.com.br\/index.php\/wp-json\/wp\/v2\/media?parent=74386"}],"wp:term":[{"taxonomy":"category","embeddable":true,"href":"https:\/\/blogopara.com.br\/index.php\/wp-json\/wp\/v2\/categories?post=74386"},{"taxonomy":"post_tag","embeddable":true,"href":"https:\/\/blogopara.com.br\/index.php\/wp-json\/wp\/v2\/tags?post=74386"}],"curies":[{"name":"wp","href":"https:\/\/api.w.org\/{rel}","templated":true}]}}