{"id":74389,"date":"2025-04-01T16:30:08","date_gmt":"2025-04-01T19:30:08","guid":{"rendered":"https:\/\/blogopara.com.br\/?p=74389"},"modified":"2025-04-02T20:56:30","modified_gmt":"2025-04-02T23:56:30","slug":"projeto-de-lei-do-poder-executivo-que-regulamenta-o-programa-juazeiro-sem-fome-e-aprovado-por-unanimidade-na-camara-municipal","status":"publish","type":"post","link":"https:\/\/blogopara.com.br\/index.php\/2025\/04\/01\/projeto-de-lei-do-poder-executivo-que-regulamenta-o-programa-juazeiro-sem-fome-e-aprovado-por-unanimidade-na-camara-municipal","title":{"rendered":"Projeto de Lei do Poder Executivo que regulamenta o Programa Juazeiro Sem Fome \u00e9 aprovado por unanimidade na C\u00e2mara Municipal"},"content":{"rendered":"<p>Nesta ter\u00e7a-feira (1\u00ba), a C\u00e2mara Municipal de Juazeiro aprovou o Projeto de Lei, de autoria do Poder Executivo, que regulamenta o Programa Juazeiro Sem Fome. A iniciativa tem o objetivo de combater a fome e garantir o direito humano \u00e0 alimenta\u00e7\u00e3o adequada e saud\u00e1vel, assegurando o atendimento integral \u00e0s pessoas e fam\u00edlias em situa\u00e7\u00e3o de vulnerabilidade social.<\/p>\n<p>Aprovada por unanimidade em sess\u00e3o ordin\u00e1ria da Casa Apr\u00edgio Duarte Filho, a proposta prev\u00ea a cria\u00e7\u00e3o do Fundo de Combate \u00e0 Fome, da Coordena\u00e7\u00e3o Geral de Combate \u00e0 Fome e Seguran\u00e7a Alimentar (CGCSAN) e do cargo de Coordenador-Geral de Combate \u00e0 Fome e Seguran\u00e7a Alimentar.<\/p>\n<p>A coordenadora do Programa Juazeiro Sem Fome, Lorena Pesqueira, destacou a import\u00e2ncia da aprova\u00e7\u00e3o do PL para a implementa\u00e7\u00e3o de a\u00e7\u00f5es em parceria com as secretarias municipais, visando fortalecer a seguran\u00e7a alimentar e nutricional no munic\u00edpio.<\/p>\n<p>\u201cHoje \u00e9 um grande dia, um marco na hist\u00f3ria de Juazeiro com a aprova\u00e7\u00e3o do Projeto de Lei que institui o Programa Juazeiro Sem Fome. O objetivo do programa \u00e9 combater a fome no nosso munic\u00edpio e fortalecer a seguran\u00e7a alimentar e nutricional em diversos setores do governo. Temos como refer\u00eancia os programas Bahia Sem Fome e Brasil Sem Fome, do Governo do Estado e do Governo Federal, pois, a partir desses exemplos, queremos ver a popula\u00e7\u00e3o de Juazeiro crescer e se desenvolver cada vez mais\u201d, destacou.<\/p>\n<p>Para o vereador Mitu do Sindicato, a aprova\u00e7\u00e3o do Programa Juazeiro Sem Fome \u00e9 essencial para garantir que fam\u00edlias em situa\u00e7\u00e3o de vulnerabilidade social tenham acesso a uma alimenta\u00e7\u00e3o digna e adequada, promovendo bem-estar e sa\u00fade por meio da seguran\u00e7a nutricional.<\/p>\n<p>\u201cPara n\u00f3s, a aprova\u00e7\u00e3o desse projeto \u00e9 de extrema relev\u00e2ncia. Sabemos que Juazeiro \u00e9 considerada uma cidade rica, mas ainda h\u00e1 muitas pessoas que passam necessidade e precisam de suplementa\u00e7\u00e3o alimentar. Sem d\u00favida, esse programa ser\u00e1 fundamental para a popula\u00e7\u00e3o carente da nossa cidade\u201d, ressaltou o parlamentar.<\/p>\n<p>Ap\u00f3s a aprova\u00e7\u00e3o do PL, o Programa Juazeiro Sem Fome ser\u00e1 oficialmente lan\u00e7ado no dia 10 de abril, com as presen\u00e7as confirmadas do ministro do Desenvolvimento e Assist\u00eancia Social, Fam\u00edlia e Combate \u00e0 Fome, Wellington Dias, e do governador da Bahia, Jer\u00f4nimo Rodrigues.<\/p>\n<p>Ascom PMJ<\/p>\n","protected":false},"excerpt":{"rendered":"<p>Nesta ter\u00e7a-feira (1\u00ba), a C\u00e2mara Municipal de Juazeiro aprovou o Projeto de Lei, de autoria do Poder Executivo, que regulamenta o Programa Juazeiro Sem Fome. A iniciativa tem o objetivo de combater a fome e garantir o direito humano \u00e0 alimenta\u00e7\u00e3o adequada e saud\u00e1vel, assegurando o atendimento integral \u00e0s pessoas e fam\u00edlias em situa\u00e7\u00e3o de [&hellip;]<\/p>\n","protected":false},"author":1,"featured_media":74453,"comment_status":"open","ping_status":"open","sticky":false,"template":"","format":"standard","meta":{"_uag_custom_page_level_css":"","_monsterinsights_skip_tracking":false,"_monsterinsights_sitenote_active":false,"_monsterinsights_sitenote_note":"","_monsterinsights_sitenote_category":0,"jetpack_post_was_ever_published":false,"_jetpack_newsletter_access":"","_jetpack_dont_email_post_to_subs":false,"_jetpack_newsletter_tier_id":0,"_jetpack_memberships_contains_paywalled_content":false,"_jetpack_memberships_contains_paid_content":false,"footnotes":"","jetpack_publicize_message":"","jetpack_publicize_feature_enabled":true,"jetpack_social_post_already_shared":true,"jetpack_social_options":{"image_generator_settings":{"template":"highway","default_image_id":0,"font":"","enabled":false},"version":2}},"categories":[203],"tags":[11862,11692],"class_list":["post-74389","post","type-post","status-publish","format-standard","has-post-thumbnail","hentry","category-juazeiro","tag-lorena-pesqueira","tag-mitu-do-sindicato"],"jetpack_publicize_connections":[],"jetpack_featured_media_url":"https:\/\/blogopara.com.br\/wp-content\/uploads\/2025\/04\/JUAZEIRO-SEM-FOME.jpeg","uagb_featured_image_src":{"full":["https:\/\/blogopara.com.br\/wp-content\/uploads\/2025\/04\/JUAZEIRO-SEM-FOME.jpeg",500,533,false],"thumbnail":["https:\/\/blogopara.com.br\/wp-content\/uploads\/2025\/04\/JUAZEIRO-SEM-FOME-150x150.jpeg",150,150,true],"medium":["https:\/\/blogopara.com.br\/wp-content\/uploads\/2025\/04\/JUAZEIRO-SEM-FOME-281x300.jpeg",281,300,true],"medium_large":["https:\/\/blogopara.com.br\/wp-content\/uploads\/2025\/04\/JUAZEIRO-SEM-FOME.jpeg",500,533,false],"large":["https:\/\/blogopara.com.br\/wp-content\/uploads\/2025\/04\/JUAZEIRO-SEM-FOME.jpeg",500,533,false],"1536x1536":["https:\/\/blogopara.com.br\/wp-content\/uploads\/2025\/04\/JUAZEIRO-SEM-FOME.jpeg",500,533,false],"2048x2048":["https:\/\/blogopara.com.br\/wp-content\/uploads\/2025\/04\/JUAZEIRO-SEM-FOME.jpeg",500,533,false],"mantranews-slider-large":["https:\/\/blogopara.com.br\/wp-content\/uploads\/2025\/04\/JUAZEIRO-SEM-FOME.jpeg",500,533,false],"mantranews-featured-medium":["https:\/\/blogopara.com.br\/wp-content\/uploads\/2025\/04\/JUAZEIRO-SEM-FOME-420x307.jpeg",420,307,true],"mantranews-featured-long":["https:\/\/blogopara.com.br\/wp-content\/uploads\/2025\/04\/JUAZEIRO-SEM-FOME-300x443.jpeg",300,443,true],"mantranews-block-medium":["https:\/\/blogopara.com.br\/wp-content\/uploads\/2025\/04\/JUAZEIRO-SEM-FOME-464x290.jpeg",464,290,true],"mantranews-carousel-image":["https:\/\/blogopara.com.br\/wp-content\/uploads\/2025\/04\/JUAZEIRO-SEM-FOME-500x500.jpeg",500,500,true],"mantranews-block-thumb":["https:\/\/blogopara.com.br\/wp-content\/uploads\/2025\/04\/JUAZEIRO-SEM-FOME-322x230.jpeg",322,230,true],"mantranews-single-large":["https:\/\/blogopara.com.br\/wp-content\/uploads\/2025\/04\/JUAZEIRO-SEM-FOME.jpeg",500,533,false]},"uagb_author_info":{"display_name":"Reda\u00e7\u00e3o geral","author_link":"https:\/\/blogopara.com.br\/index.php\/author\/blogopara"},"uagb_comment_info":0,"uagb_excerpt":"Nesta ter\u00e7a-feira (1\u00ba), a C\u00e2mara Municipal de Juazeiro aprovou o Projeto de Lei, de autoria do Poder Executivo, que regulamenta o Programa Juazeiro Sem Fome. A iniciativa tem o objetivo de combater a fome e garantir o direito humano \u00e0 alimenta\u00e7\u00e3o adequada e saud\u00e1vel, assegurando o atendimento integral \u00e0s pessoas e fam\u00edlias em situa\u00e7\u00e3o de&hellip;","jetpack_sharing_enabled":true,"jetpack_likes_enabled":true,"_links":{"self":[{"href":"https:\/\/blogopara.com.br\/index.php\/wp-json\/wp\/v2\/posts\/74389","targetHints":{"allow":["GET"]}}],"collection":[{"href":"https:\/\/blogopara.com.br\/index.php\/wp-json\/wp\/v2\/posts"}],"about":[{"href":"https:\/\/blogopara.com.br\/index.php\/wp-json\/wp\/v2\/types\/post"}],"author":[{"embeddable":true,"href":"https:\/\/blogopara.com.br\/index.php\/wp-json\/wp\/v2\/users\/1"}],"replies":[{"embeddable":true,"href":"https:\/\/blogopara.com.br\/index.php\/wp-json\/wp\/v2\/comments?post=74389"}],"version-history":[{"count":1,"href":"https:\/\/blogopara.com.br\/index.php\/wp-json\/wp\/v2\/posts\/74389\/revisions"}],"predecessor-version":[{"id":74392,"href":"https:\/\/blogopara.com.br\/index.php\/wp-json\/wp\/v2\/posts\/74389\/revisions\/74392"}],"wp:featuredmedia":[{"embeddable":true,"href":"https:\/\/blogopara.com.br\/index.php\/wp-json\/wp\/v2\/media\/74453"}],"wp:attachment":[{"href":"https:\/\/blogopara.com.br\/index.php\/wp-json\/wp\/v2\/media?parent=74389"}],"wp:term":[{"taxonomy":"category","embeddable":true,"href":"https:\/\/blogopara.com.br\/index.php\/wp-json\/wp\/v2\/categories?post=74389"},{"taxonomy":"post_tag","embeddable":true,"href":"https:\/\/blogopara.com.br\/index.php\/wp-json\/wp\/v2\/tags?post=74389"}],"curies":[{"name":"wp","href":"https:\/\/api.w.org\/{rel}","templated":true}]}}