{"id":74436,"date":"2025-04-02T20:24:59","date_gmt":"2025-04-02T23:24:59","guid":{"rendered":"https:\/\/blogopara.com.br\/?p=74436"},"modified":"2025-04-02T20:24:59","modified_gmt":"2025-04-02T23:24:59","slug":"pai-confessa-estupro-e-assassinato-brutal-da-propria-filha-de-apenas-uma-semana-de-vida","status":"publish","type":"post","link":"https:\/\/blogopara.com.br\/index.php\/2025\/04\/02\/pai-confessa-estupro-e-assassinato-brutal-da-propria-filha-de-apenas-uma-semana-de-vida","title":{"rendered":"Pai confessa estupro e assassinato brutal da pr\u00f3pria filha de apenas uma semana de vida"},"content":{"rendered":"<div class=\"flex flex-col p-2 px-0 w-full font-normal text-[18px] leading-[30px] text-tw-theme-text-default\">\n<p id=\"paragrafo-6r1u9g0eyi\">Um crime chocante abalou a \u00c1frica do Sul ap\u00f3s Hugo Ferreira, 37 anos, confessar o estupro e assassinato da pr\u00f3pria filha, uma beb\u00ea de apenas uma semana de vida. O caso ocorreu em Pret\u00f3ria, quando a m\u00e3e da crian\u00e7a saiu por alguns minutos para comprar itens infantis.<\/p>\n<\/div>\n<div class=\"flex flex-col p-2 px-0 w-full font-normal text-[18px] leading-[30px] text-tw-theme-text-default\">\n<p id=\"paragrafo-jyu9youluu\">Sob efeito de metanfetamina, Ferreira alegou ter perdido a paci\u00eancia com o choro incessante do beb\u00ea, que precisava de troca de fraldas e alimenta\u00e7\u00e3o. &#8220;Decidi dar a ela um motivo real para chorar&#8221;, declarou o homem aos investigadores, segundo o portal News24. O crime brutal aconteceu em junho de 2023 e agora ele vai a julgamento.<\/p>\n<\/div>\n<div class=\"flex flex-col p-2 px-0 w-full font-normal text-[18px] leading-[30px] text-tw-theme-text-default\">\n<p id=\"paragrafo-7csfdtxdjw\">Em depoimento chocante, Ferreira descreveu como agarrou o pesco\u00e7o da rec\u00e9m-nascida com for\u00e7a, bateu repetidamente em suas n\u00e1degas e esmagou sua cabe\u00e7a contra uma mesa. Ap\u00f3s o ataque f\u00edsico, ele ainda cometeu viol\u00eancia sexual contra a crian\u00e7a.<\/p>\n<\/div>\n<div class=\"flex flex-col p-2 px-0 w-full font-normal text-[18px] leading-[30px] text-tw-theme-text-default\">\n<p id=\"paragrafo-rlndrl8264\">A m\u00e3e, ao retornar, encontrou a filha gravemente ferida e a levou imediatamente ao hospital, mas a beb\u00ea n\u00e3o resistiu aos ferimentos na cabe\u00e7a e morreu no dia seguinte.<\/p>\n<\/div>\n<div class=\"flex flex-col p-2 px-0 w-full font-normal text-[18px] leading-[30px] text-tw-theme-text-default\">\n<p id=\"paragrafo-7hwd8jxuju\">&#8220;Reconhe\u00e7o que foi um ataque cruel e hediondo, especialmente contra um beb\u00ea t\u00e3o novo&#8221;, admitiu Ferreira no tribunal. &#8220;Minhas a\u00e7\u00f5es foram claramente ilegais e intencionais.&#8221;<\/p>\n<\/div>\n<div class=\"flex flex-col p-2 px-0 w-full font-normal text-[18px] leading-[30px] text-tw-theme-text-default\">\n<p id=\"paragrafo-rtsh5yldgh\">O caso tomou propor\u00e7\u00f5es ainda mais sombrias quando o acusado amea\u00e7ou assassinar a m\u00e3e da crian\u00e7a caso fosse liberado da cust\u00f3dia policial. As autoridades mant\u00eam Ferreira preso enquanto aguardam a continua\u00e7\u00e3o do julgamento.<\/p>\n<\/div>\n","protected":false},"excerpt":{"rendered":"<p>Um crime chocante abalou a \u00c1frica do Sul ap\u00f3s Hugo Ferreira, 37 anos, confessar o estupro e assassinato da pr\u00f3pria filha, uma beb\u00ea de apenas uma semana de vida. O caso ocorreu em Pret\u00f3ria, quando a m\u00e3e da crian\u00e7a saiu por alguns minutos para comprar itens infantis. Sob efeito de metanfetamina, Ferreira alegou ter perdido [&hellip;]<\/p>\n","protected":false},"author":1,"featured_media":74437,"comment_status":"open","ping_status":"open","sticky":false,"template":"","format":"standard","meta":{"_uag_custom_page_level_css":"","_monsterinsights_skip_tracking":false,"_monsterinsights_sitenote_active":false,"_monsterinsights_sitenote_note":"","_monsterinsights_sitenote_category":0,"jetpack_post_was_ever_published":false,"_jetpack_newsletter_access":"","_jetpack_dont_email_post_to_subs":false,"_jetpack_newsletter_tier_id":0,"_jetpack_memberships_contains_paywalled_content":false,"_jetpack_memberships_contains_paid_content":false,"footnotes":"","jetpack_publicize_message":"","jetpack_publicize_feature_enabled":true,"jetpack_social_post_already_shared":true,"jetpack_social_options":{"image_generator_settings":{"template":"highway","default_image_id":0,"font":"","enabled":false},"version":2}},"categories":[273],"tags":[],"class_list":["post-74436","post","type-post","status-publish","format-standard","has-post-thumbnail","hentry","category-mundo"],"jetpack_publicize_connections":[],"jetpack_featured_media_url":"https:\/\/blogopara.com.br\/wp-content\/uploads\/2025\/04\/Capturar-4.jpg","uagb_featured_image_src":{"full":["https:\/\/blogopara.com.br\/wp-content\/uploads\/2025\/04\/Capturar-4.jpg",500,332,false],"thumbnail":["https:\/\/blogopara.com.br\/wp-content\/uploads\/2025\/04\/Capturar-4-150x150.jpg",150,150,true],"medium":["https:\/\/blogopara.com.br\/wp-content\/uploads\/2025\/04\/Capturar-4-300x199.jpg",300,199,true],"medium_large":["https:\/\/blogopara.com.br\/wp-content\/uploads\/2025\/04\/Capturar-4.jpg",500,332,false],"large":["https:\/\/blogopara.com.br\/wp-content\/uploads\/2025\/04\/Capturar-4.jpg",500,332,false],"1536x1536":["https:\/\/blogopara.com.br\/wp-content\/uploads\/2025\/04\/Capturar-4.jpg",500,332,false],"2048x2048":["https:\/\/blogopara.com.br\/wp-content\/uploads\/2025\/04\/Capturar-4.jpg",500,332,false],"mantranews-slider-large":["https:\/\/blogopara.com.br\/wp-content\/uploads\/2025\/04\/Capturar-4.jpg",500,332,false],"mantranews-featured-medium":["https:\/\/blogopara.com.br\/wp-content\/uploads\/2025\/04\/Capturar-4-420x307.jpg",420,307,true],"mantranews-featured-long":["https:\/\/blogopara.com.br\/wp-content\/uploads\/2025\/04\/Capturar-4-300x332.jpg",300,332,true],"mantranews-block-medium":["https:\/\/blogopara.com.br\/wp-content\/uploads\/2025\/04\/Capturar-4-464x290.jpg",464,290,true],"mantranews-carousel-image":["https:\/\/blogopara.com.br\/wp-content\/uploads\/2025\/04\/Capturar-4.jpg",500,332,false],"mantranews-block-thumb":["https:\/\/blogopara.com.br\/wp-content\/uploads\/2025\/04\/Capturar-4-322x230.jpg",322,230,true],"mantranews-single-large":["https:\/\/blogopara.com.br\/wp-content\/uploads\/2025\/04\/Capturar-4.jpg",500,332,false]},"uagb_author_info":{"display_name":"Reda\u00e7\u00e3o geral","author_link":"https:\/\/blogopara.com.br\/index.php\/author\/blogopara"},"uagb_comment_info":0,"uagb_excerpt":"Um crime chocante abalou a \u00c1frica do Sul ap\u00f3s Hugo Ferreira, 37 anos, confessar o estupro e assassinato da pr\u00f3pria filha, uma beb\u00ea de apenas uma semana de vida. O caso ocorreu em Pret\u00f3ria, quando a m\u00e3e da crian\u00e7a saiu por alguns minutos para comprar itens infantis. Sob efeito de metanfetamina, Ferreira alegou ter perdido&hellip;","jetpack_sharing_enabled":true,"jetpack_likes_enabled":true,"_links":{"self":[{"href":"https:\/\/blogopara.com.br\/index.php\/wp-json\/wp\/v2\/posts\/74436","targetHints":{"allow":["GET"]}}],"collection":[{"href":"https:\/\/blogopara.com.br\/index.php\/wp-json\/wp\/v2\/posts"}],"about":[{"href":"https:\/\/blogopara.com.br\/index.php\/wp-json\/wp\/v2\/types\/post"}],"author":[{"embeddable":true,"href":"https:\/\/blogopara.com.br\/index.php\/wp-json\/wp\/v2\/users\/1"}],"replies":[{"embeddable":true,"href":"https:\/\/blogopara.com.br\/index.php\/wp-json\/wp\/v2\/comments?post=74436"}],"version-history":[{"count":1,"href":"https:\/\/blogopara.com.br\/index.php\/wp-json\/wp\/v2\/posts\/74436\/revisions"}],"predecessor-version":[{"id":74438,"href":"https:\/\/blogopara.com.br\/index.php\/wp-json\/wp\/v2\/posts\/74436\/revisions\/74438"}],"wp:featuredmedia":[{"embeddable":true,"href":"https:\/\/blogopara.com.br\/index.php\/wp-json\/wp\/v2\/media\/74437"}],"wp:attachment":[{"href":"https:\/\/blogopara.com.br\/index.php\/wp-json\/wp\/v2\/media?parent=74436"}],"wp:term":[{"taxonomy":"category","embeddable":true,"href":"https:\/\/blogopara.com.br\/index.php\/wp-json\/wp\/v2\/categories?post=74436"},{"taxonomy":"post_tag","embeddable":true,"href":"https:\/\/blogopara.com.br\/index.php\/wp-json\/wp\/v2\/tags?post=74436"}],"curies":[{"name":"wp","href":"https:\/\/api.w.org\/{rel}","templated":true}]}}