{"id":74470,"date":"2025-04-03T13:13:36","date_gmt":"2025-04-03T16:13:36","guid":{"rendered":"https:\/\/blogopara.com.br\/?p=74470"},"modified":"2025-04-03T13:13:36","modified_gmt":"2025-04-03T16:13:36","slug":"gestao-anisio-viana-entrega-centro-multidisciplinar-teacolhe-e-sanciona-lei-de-protecao-aos-direitos-das-pessoas-com-tea","status":"publish","type":"post","link":"https:\/\/blogopara.com.br\/index.php\/2025\/04\/03\/gestao-anisio-viana-entrega-centro-multidisciplinar-teacolhe-e-sanciona-lei-de-protecao-aos-direitos-das-pessoas-com-tea","title":{"rendered":"Gest\u00e3o Anisio Viana entrega Centro Multidisciplinar TEAcolhe e sanciona lei de prote\u00e7\u00e3o aos direitos das pessoas com TEA"},"content":{"rendered":"<p>A noite desta quarta-feira (02) marcou um avan\u00e7o hist\u00f3rico na pol\u00edtica de inclus\u00e3o em Casa Nova. A gest\u00e3o do prefeito Anisio Viana entregou o TEAcolhe \u2013 Centro Multidisciplinar, espa\u00e7o totalmente voltado para o atendimento de pessoas com defici\u00eancia intelectual e Transtorno do Espectro Autista (TEA). Na mesma ocasi\u00e3o, o prefeito sancionou a Lei n\u00ba 493\/2025, que institui a Pol\u00edtica Municipal de Prote\u00e7\u00e3o dos Direitos das Pessoas com TEA.<\/p>\n<p>O Centro TEAcolhe disp\u00f5e de estrutura moderna, com consult\u00f3rios e salas para terapias, al\u00e9m de uma equipe formada por profissionais altamente capacitados, que conta com neuropediatra, fonoaudi\u00f3loga, fisioterapeuta, psicopedagoga, psic\u00f3loga, assistente social e monitores. O prefeito Anisio Viana destacou a import\u00e2ncia do cuidado humanizado. \u201cEstamos falando de amor, cuidado e carinho com as pessoas que mais precisam. O TEAcolhe n\u00e3o \u00e9 apenas um espa\u00e7o f\u00edsico, \u00e9 um gesto de respeito e compromisso com a inclus\u00e3o, realizado atrav\u00e9s de profissionais capacitados e prontos para fazer a diferen\u00e7a\u201d, afirmou.<\/p>\n<p>Emocionada, a primeira-dama Cinara Viana celebrou o momento como um marco. \u201cO que para muitos era um sonho, para mim sempre foi um prop\u00f3sito. Eu esperei por isso, sonhei com esse dia, e agora come\u00e7a um novo tempo de cuidado em Casa Nova. Esse centro \u00e9 um s\u00edmbolo de esperan\u00e7a para muitas fam\u00edlias\u201d, disse.<\/p>\n<p>A entrega emocionou familiares de pessoas com TEA, como Jossimaria Rocha, av\u00f3 de Kenedy Gabriel. \u201cEstou muito agradecida \u00e0 gest\u00e3o municipal pela cria\u00e7\u00e3o desse espa\u00e7o. Antes n\u00e3o t\u00ednhamos esse cuidado, agora temos um centro que acolhe nossas crian\u00e7as com carinho\u201d, disse. Para Jo\u00e3o Cl\u00e1udio, o sentimento \u00e9 de reconhecimento. \u201cO espa\u00e7o \u00e9 amplo, aconchegante e com certeza vai ajudar muito as m\u00e3es at\u00edpicas no desenvolvimento dos seus filhos. Parab\u00e9ns \u00e0 gest\u00e3o por esse passo t\u00e3o importante\u201d, destacou.<\/p>\n<p>A Lei n\u00ba 493\/2025<\/p>\n<p>Sancionada pelo prefeito Anisio Viana, institui a Pol\u00edtica Municipal de Prote\u00e7\u00e3o dos Direitos das Pessoas com Transtorno do Espectro Autista (TEA) em Casa Nova. A nova legisla\u00e7\u00e3o assegura o atendimento integral nas \u00e1reas de sa\u00fade, educa\u00e7\u00e3o e assist\u00eancia social, al\u00e9m de garantir prioridade no acesso a servi\u00e7os p\u00fablicos, inclus\u00e3o escolar e inser\u00e7\u00e3o no mercado de trabalho. Entre os avan\u00e7os, a lei prev\u00ea a cria\u00e7\u00e3o da Carteira de Identifica\u00e7\u00e3o da Pessoa com TEA (CIPTEA), a realiza\u00e7\u00e3o da Semana Municipal de Conscientiza\u00e7\u00e3o do Autismo e a proibi\u00e7\u00e3o do uso de fogos de artif\u00edcio com estampido no munic\u00edpio. Tamb\u00e9m assegura hor\u00e1rio especial ou redu\u00e7\u00e3o de carga hor\u00e1ria para servidores municipais que sejam respons\u00e1veis por c\u00f4njuge, filho ou dependente com TEA, entre outras medidas que fortalecem a inclus\u00e3o e o respeito \u00e0s diferen\u00e7as.<\/p>\n<p>&#8211;<br \/>\nTexto: Ascom PMCN<\/p>\n","protected":false},"excerpt":{"rendered":"<p>A noite desta quarta-feira (02) marcou um avan\u00e7o hist\u00f3rico na pol\u00edtica de inclus\u00e3o em Casa Nova. A gest\u00e3o do prefeito Anisio Viana entregou o TEAcolhe \u2013 Centro Multidisciplinar, espa\u00e7o totalmente voltado para o atendimento de pessoas com defici\u00eancia intelectual e Transtorno do Espectro Autista (TEA). Na mesma ocasi\u00e3o, o prefeito sancionou a Lei n\u00ba 493\/2025, [&hellip;]<\/p>\n","protected":false},"author":1,"featured_media":74471,"comment_status":"open","ping_status":"open","sticky":false,"template":"","format":"standard","meta":{"_uag_custom_page_level_css":"","_monsterinsights_skip_tracking":false,"_monsterinsights_sitenote_active":false,"_monsterinsights_sitenote_note":"","_monsterinsights_sitenote_category":0,"jetpack_post_was_ever_published":false,"_jetpack_newsletter_access":"","_jetpack_dont_email_post_to_subs":false,"_jetpack_newsletter_tier_id":0,"_jetpack_memberships_contains_paywalled_content":false,"_jetpack_memberships_contains_paid_content":false,"footnotes":"","jetpack_publicize_message":"","jetpack_publicize_feature_enabled":true,"jetpack_social_post_already_shared":true,"jetpack_social_options":{"image_generator_settings":{"template":"highway","default_image_id":0,"font":"","enabled":false},"version":2}},"categories":[205],"tags":[],"class_list":["post-74470","post","type-post","status-publish","format-standard","has-post-thumbnail","hentry","category-saude"],"jetpack_publicize_connections":[],"jetpack_featured_media_url":"https:\/\/blogopara.com.br\/wp-content\/uploads\/2025\/04\/thumbnail_IMG_5723.jpg","uagb_featured_image_src":{"full":["https:\/\/blogopara.com.br\/wp-content\/uploads\/2025\/04\/thumbnail_IMG_5723.jpg",500,333,false],"thumbnail":["https:\/\/blogopara.com.br\/wp-content\/uploads\/2025\/04\/thumbnail_IMG_5723-150x150.jpg",150,150,true],"medium":["https:\/\/blogopara.com.br\/wp-content\/uploads\/2025\/04\/thumbnail_IMG_5723-300x200.jpg",300,200,true],"medium_large":["https:\/\/blogopara.com.br\/wp-content\/uploads\/2025\/04\/thumbnail_IMG_5723.jpg",500,333,false],"large":["https:\/\/blogopara.com.br\/wp-content\/uploads\/2025\/04\/thumbnail_IMG_5723.jpg",500,333,false],"1536x1536":["https:\/\/blogopara.com.br\/wp-content\/uploads\/2025\/04\/thumbnail_IMG_5723.jpg",500,333,false],"2048x2048":["https:\/\/blogopara.com.br\/wp-content\/uploads\/2025\/04\/thumbnail_IMG_5723.jpg",500,333,false],"mantranews-slider-large":["https:\/\/blogopara.com.br\/wp-content\/uploads\/2025\/04\/thumbnail_IMG_5723.jpg",500,333,false],"mantranews-featured-medium":["https:\/\/blogopara.com.br\/wp-content\/uploads\/2025\/04\/thumbnail_IMG_5723-420x307.jpg",420,307,true],"mantranews-featured-long":["https:\/\/blogopara.com.br\/wp-content\/uploads\/2025\/04\/thumbnail_IMG_5723-300x333.jpg",300,333,true],"mantranews-block-medium":["https:\/\/blogopara.com.br\/wp-content\/uploads\/2025\/04\/thumbnail_IMG_5723-464x290.jpg",464,290,true],"mantranews-carousel-image":["https:\/\/blogopara.com.br\/wp-content\/uploads\/2025\/04\/thumbnail_IMG_5723.jpg",500,333,false],"mantranews-block-thumb":["https:\/\/blogopara.com.br\/wp-content\/uploads\/2025\/04\/thumbnail_IMG_5723-322x230.jpg",322,230,true],"mantranews-single-large":["https:\/\/blogopara.com.br\/wp-content\/uploads\/2025\/04\/thumbnail_IMG_5723.jpg",500,333,false]},"uagb_author_info":{"display_name":"Reda\u00e7\u00e3o geral","author_link":"https:\/\/blogopara.com.br\/index.php\/author\/blogopara"},"uagb_comment_info":0,"uagb_excerpt":"A noite desta quarta-feira (02) marcou um avan\u00e7o hist\u00f3rico na pol\u00edtica de inclus\u00e3o em Casa Nova. A gest\u00e3o do prefeito Anisio Viana entregou o TEAcolhe \u2013 Centro Multidisciplinar, espa\u00e7o totalmente voltado para o atendimento de pessoas com defici\u00eancia intelectual e Transtorno do Espectro Autista (TEA). Na mesma ocasi\u00e3o, o prefeito sancionou a Lei n\u00ba 493\/2025,&hellip;","jetpack_sharing_enabled":true,"jetpack_likes_enabled":true,"_links":{"self":[{"href":"https:\/\/blogopara.com.br\/index.php\/wp-json\/wp\/v2\/posts\/74470","targetHints":{"allow":["GET"]}}],"collection":[{"href":"https:\/\/blogopara.com.br\/index.php\/wp-json\/wp\/v2\/posts"}],"about":[{"href":"https:\/\/blogopara.com.br\/index.php\/wp-json\/wp\/v2\/types\/post"}],"author":[{"embeddable":true,"href":"https:\/\/blogopara.com.br\/index.php\/wp-json\/wp\/v2\/users\/1"}],"replies":[{"embeddable":true,"href":"https:\/\/blogopara.com.br\/index.php\/wp-json\/wp\/v2\/comments?post=74470"}],"version-history":[{"count":1,"href":"https:\/\/blogopara.com.br\/index.php\/wp-json\/wp\/v2\/posts\/74470\/revisions"}],"predecessor-version":[{"id":74472,"href":"https:\/\/blogopara.com.br\/index.php\/wp-json\/wp\/v2\/posts\/74470\/revisions\/74472"}],"wp:featuredmedia":[{"embeddable":true,"href":"https:\/\/blogopara.com.br\/index.php\/wp-json\/wp\/v2\/media\/74471"}],"wp:attachment":[{"href":"https:\/\/blogopara.com.br\/index.php\/wp-json\/wp\/v2\/media?parent=74470"}],"wp:term":[{"taxonomy":"category","embeddable":true,"href":"https:\/\/blogopara.com.br\/index.php\/wp-json\/wp\/v2\/categories?post=74470"},{"taxonomy":"post_tag","embeddable":true,"href":"https:\/\/blogopara.com.br\/index.php\/wp-json\/wp\/v2\/tags?post=74470"}],"curies":[{"name":"wp","href":"https:\/\/api.w.org\/{rel}","templated":true}]}}