{"id":74473,"date":"2025-04-03T13:17:39","date_gmt":"2025-04-03T16:17:39","guid":{"rendered":"https:\/\/blogopara.com.br\/?p=74473"},"modified":"2025-04-03T13:17:39","modified_gmt":"2025-04-03T16:17:39","slug":"prefeitura-de-senhor-do-bonfim-da-ordem-de-servico-para-construcao-da-escola-de-curandeira-nesta-sexta-4","status":"publish","type":"post","link":"https:\/\/blogopara.com.br\/index.php\/2025\/04\/03\/prefeitura-de-senhor-do-bonfim-da-ordem-de-servico-para-construcao-da-escola-de-curandeira-nesta-sexta-4","title":{"rendered":"Prefeitura de Senhor do Bonfim d\u00e1 ordem de servi\u00e7o para constru\u00e7\u00e3o da Escola de Curandeira nesta sexta (4)"},"content":{"rendered":"<p>A Prefeitura de Senhor do Bonfim segue firme no compromisso de transformar a educa\u00e7\u00e3o do nosso munic\u00edpio. Nesta sexta-feira (04), \u00e0s 17h, ser\u00e1 assinada a Ordem de Servi\u00e7o para a constru\u00e7\u00e3o da nova Escola Municipal da comunidade de Curandeira.<\/p>\n<p>Mais do que uma obra, \u00e9 a realiza\u00e7\u00e3o de um sonho antigo da popula\u00e7\u00e3o local, que agora se tornar\u00e1 realidade. A nova estrutura ir\u00e1 proporcionar mais conforto, seguran\u00e7a e qualidade no ensino para nossos alunos e professores.<\/p>\n<p>\u201cEstamos investindo forte na educa\u00e7\u00e3o porque acreditamos que ela \u00e9 o caminho para um futuro melhor. A escola de Curandeira ser\u00e1 moderna e adequada \u00e0s necessidades da comunidade, garantindo dignidade e oportunidades para nossas crian\u00e7as e jovens\u201d, destacou o prefeito La\u00e9rcio J\u00fanior.<\/p>\n<p><b>Outras escolas em constru\u00e7\u00e3o<\/b><\/p>\n<p>Al\u00e9m da assinatura da Ordem de Servi\u00e7o para a constru\u00e7\u00e3o da Escola Municipal de Curandeira, a gest\u00e3o municipal j\u00e1 est\u00e1 com outras importantes obras escolares em andamento. Est\u00e3o em execu\u00e7\u00e3o as escolas do S\u00edtio da Umburana, do Alto Bonito e uma unidade com 12 salas no bairro Brisas do Monte. J\u00e1 no bairro Monte Alegre, a escola de 12 salas est\u00e1 finalizada e pronta para atender a comunidade.<\/p>\n<p>&#8211;<br \/>\nTexto: Ascom PMSB<\/p>\n","protected":false},"excerpt":{"rendered":"<p>A Prefeitura de Senhor do Bonfim segue firme no compromisso de transformar a educa\u00e7\u00e3o do nosso munic\u00edpio. Nesta sexta-feira (04), \u00e0s 17h, ser\u00e1 assinada a Ordem de Servi\u00e7o para a constru\u00e7\u00e3o da nova Escola Municipal da comunidade de Curandeira. Mais do que uma obra, \u00e9 a realiza\u00e7\u00e3o de um sonho antigo da popula\u00e7\u00e3o local, que [&hellip;]<\/p>\n","protected":false},"author":1,"featured_media":74474,"comment_status":"open","ping_status":"open","sticky":false,"template":"","format":"standard","meta":{"_uag_custom_page_level_css":"","_monsterinsights_skip_tracking":false,"_monsterinsights_sitenote_active":false,"_monsterinsights_sitenote_note":"","_monsterinsights_sitenote_category":0,"jetpack_post_was_ever_published":false,"_jetpack_newsletter_access":"","_jetpack_dont_email_post_to_subs":false,"_jetpack_newsletter_tier_id":0,"_jetpack_memberships_contains_paywalled_content":false,"_jetpack_memberships_contains_paid_content":false,"footnotes":"","jetpack_publicize_message":"","jetpack_publicize_feature_enabled":true,"jetpack_social_post_already_shared":true,"jetpack_social_options":{"image_generator_settings":{"template":"highway","default_image_id":0,"font":"","enabled":false},"version":2}},"categories":[197],"tags":[],"class_list":["post-74473","post","type-post","status-publish","format-standard","has-post-thumbnail","hentry","category-politica"],"jetpack_publicize_connections":[],"jetpack_featured_media_url":"https:\/\/blogopara.com.br\/wp-content\/uploads\/2025\/04\/WhatsApp-Image-2025-04-03-at-11.53.26.jpeg","uagb_featured_image_src":{"full":["https:\/\/blogopara.com.br\/wp-content\/uploads\/2025\/04\/WhatsApp-Image-2025-04-03-at-11.53.26.jpeg",499,517,false],"thumbnail":["https:\/\/blogopara.com.br\/wp-content\/uploads\/2025\/04\/WhatsApp-Image-2025-04-03-at-11.53.26-150x150.jpeg",150,150,true],"medium":["https:\/\/blogopara.com.br\/wp-content\/uploads\/2025\/04\/WhatsApp-Image-2025-04-03-at-11.53.26-290x300.jpeg",290,300,true],"medium_large":["https:\/\/blogopara.com.br\/wp-content\/uploads\/2025\/04\/WhatsApp-Image-2025-04-03-at-11.53.26.jpeg",499,517,false],"large":["https:\/\/blogopara.com.br\/wp-content\/uploads\/2025\/04\/WhatsApp-Image-2025-04-03-at-11.53.26.jpeg",499,517,false],"1536x1536":["https:\/\/blogopara.com.br\/wp-content\/uploads\/2025\/04\/WhatsApp-Image-2025-04-03-at-11.53.26.jpeg",499,517,false],"2048x2048":["https:\/\/blogopara.com.br\/wp-content\/uploads\/2025\/04\/WhatsApp-Image-2025-04-03-at-11.53.26.jpeg",499,517,false],"mantranews-slider-large":["https:\/\/blogopara.com.br\/wp-content\/uploads\/2025\/04\/WhatsApp-Image-2025-04-03-at-11.53.26.jpeg",499,517,false],"mantranews-featured-medium":["https:\/\/blogopara.com.br\/wp-content\/uploads\/2025\/04\/WhatsApp-Image-2025-04-03-at-11.53.26-420x307.jpeg",420,307,true],"mantranews-featured-long":["https:\/\/blogopara.com.br\/wp-content\/uploads\/2025\/04\/WhatsApp-Image-2025-04-03-at-11.53.26-300x443.jpeg",300,443,true],"mantranews-block-medium":["https:\/\/blogopara.com.br\/wp-content\/uploads\/2025\/04\/WhatsApp-Image-2025-04-03-at-11.53.26-464x290.jpeg",464,290,true],"mantranews-carousel-image":["https:\/\/blogopara.com.br\/wp-content\/uploads\/2025\/04\/WhatsApp-Image-2025-04-03-at-11.53.26-499x500.jpeg",499,500,true],"mantranews-block-thumb":["https:\/\/blogopara.com.br\/wp-content\/uploads\/2025\/04\/WhatsApp-Image-2025-04-03-at-11.53.26-322x230.jpeg",322,230,true],"mantranews-single-large":["https:\/\/blogopara.com.br\/wp-content\/uploads\/2025\/04\/WhatsApp-Image-2025-04-03-at-11.53.26.jpeg",499,517,false]},"uagb_author_info":{"display_name":"Reda\u00e7\u00e3o geral","author_link":"https:\/\/blogopara.com.br\/index.php\/author\/blogopara"},"uagb_comment_info":0,"uagb_excerpt":"A Prefeitura de Senhor do Bonfim segue firme no compromisso de transformar a educa\u00e7\u00e3o do nosso munic\u00edpio. Nesta sexta-feira (04), \u00e0s 17h, ser\u00e1 assinada a Ordem de Servi\u00e7o para a constru\u00e7\u00e3o da nova Escola Municipal da comunidade de Curandeira. Mais do que uma obra, \u00e9 a realiza\u00e7\u00e3o de um sonho antigo da popula\u00e7\u00e3o local, que&hellip;","jetpack_sharing_enabled":true,"jetpack_likes_enabled":true,"_links":{"self":[{"href":"https:\/\/blogopara.com.br\/index.php\/wp-json\/wp\/v2\/posts\/74473","targetHints":{"allow":["GET"]}}],"collection":[{"href":"https:\/\/blogopara.com.br\/index.php\/wp-json\/wp\/v2\/posts"}],"about":[{"href":"https:\/\/blogopara.com.br\/index.php\/wp-json\/wp\/v2\/types\/post"}],"author":[{"embeddable":true,"href":"https:\/\/blogopara.com.br\/index.php\/wp-json\/wp\/v2\/users\/1"}],"replies":[{"embeddable":true,"href":"https:\/\/blogopara.com.br\/index.php\/wp-json\/wp\/v2\/comments?post=74473"}],"version-history":[{"count":1,"href":"https:\/\/blogopara.com.br\/index.php\/wp-json\/wp\/v2\/posts\/74473\/revisions"}],"predecessor-version":[{"id":74475,"href":"https:\/\/blogopara.com.br\/index.php\/wp-json\/wp\/v2\/posts\/74473\/revisions\/74475"}],"wp:featuredmedia":[{"embeddable":true,"href":"https:\/\/blogopara.com.br\/index.php\/wp-json\/wp\/v2\/media\/74474"}],"wp:attachment":[{"href":"https:\/\/blogopara.com.br\/index.php\/wp-json\/wp\/v2\/media?parent=74473"}],"wp:term":[{"taxonomy":"category","embeddable":true,"href":"https:\/\/blogopara.com.br\/index.php\/wp-json\/wp\/v2\/categories?post=74473"},{"taxonomy":"post_tag","embeddable":true,"href":"https:\/\/blogopara.com.br\/index.php\/wp-json\/wp\/v2\/tags?post=74473"}],"curies":[{"name":"wp","href":"https:\/\/api.w.org\/{rel}","templated":true}]}}