{"id":74504,"date":"2025-04-04T18:41:23","date_gmt":"2025-04-04T21:41:23","guid":{"rendered":"https:\/\/blogopara.com.br\/?p=74504"},"modified":"2025-04-04T18:41:23","modified_gmt":"2025-04-04T21:41:23","slug":"mae-e-presa-suspeita-de-matar-o-proprio-filho-de-3-anos","status":"publish","type":"post","link":"https:\/\/blogopara.com.br\/index.php\/2025\/04\/04\/mae-e-presa-suspeita-de-matar-o-proprio-filho-de-3-anos","title":{"rendered":"M\u00e3e \u00e9 presa suspeita de matar o pr\u00f3prio filho de 3 anos"},"content":{"rendered":"<div class=\"flex flex-col w-full font-normal text-[18px] leading-[30px] text-tw-theme-text-default\">\n<p id=\"paragrafo-oou5d0m485\">Uma mulher de 21 anos foi presa nesta quarta-feira (2) em Teixeira de Freitas, no extremo sul da Bahia, sob suspeita de ter matado o pr\u00f3prio filho, de 3 anos, no dia 25 de mar\u00e7o.<\/p>\n<\/div>\n<div class=\"flex flex-col w-full font-normal text-[18px] leading-[30px] text-tw-theme-text-default\">\n<p id=\"paragrafo-ojjhkjcya2\">Na ocasi\u00e3o, a crian\u00e7a foi encaminhada em estado grave para o Hospital Estadual Costa das Baleias com marcas de agress\u00f5es, de acordo com a Pol\u00edcia Civil (PC). Exames m\u00e9dicos constataram traumatismo craniano, fratura na clav\u00edcula e logo depois, foi registrada a morte encef\u00e1lica do beb\u00ea.<\/p>\n<\/div>\n<div class=\"flex flex-col w-full font-normal text-[18px] leading-[30px] text-tw-theme-text-default\">\n<p id=\"paragrafo-19fgkgqx7g\">De acordo com informa\u00e7\u00f5es preliminares, a casa da jovem foi incendiada na ter\u00e7a (1\u00ba), dois dias antes da pris\u00e3o. A reportagem entrou em contato com o Corpo de Bombeiros para apurar a informa\u00e7\u00e3o mas n\u00e3o as obteve at\u00e9 o fechamento da mat\u00e9ria.<\/p>\n<\/div>\n<div class=\"flex flex-col w-full font-normal text-[18px] leading-[30px] text-tw-theme-text-default\">\n<p id=\"paragrafo-lehu5wlxcn\">O celular da jovem foi apreendido durante o mandado de pris\u00e3o e ser\u00e1 encaminhado \u00e0 per\u00edcia para investiga\u00e7\u00e3o. Ela segue \u00e0 disposi\u00e7\u00e3o da Justi\u00e7a.<\/p>\n<\/div>\n","protected":false},"excerpt":{"rendered":"<p>Uma mulher de 21 anos foi presa nesta quarta-feira (2) em Teixeira de Freitas, no extremo sul da Bahia, sob suspeita de ter matado o pr\u00f3prio filho, de 3 anos, no dia 25 de mar\u00e7o. Na ocasi\u00e3o, a crian\u00e7a foi encaminhada em estado grave para o Hospital Estadual Costa das Baleias com marcas de agress\u00f5es, [&hellip;]<\/p>\n","protected":false},"author":1,"featured_media":74505,"comment_status":"open","ping_status":"open","sticky":false,"template":"","format":"standard","meta":{"_uag_custom_page_level_css":"","_monsterinsights_skip_tracking":false,"_monsterinsights_sitenote_active":false,"_monsterinsights_sitenote_note":"","_monsterinsights_sitenote_category":0,"jetpack_post_was_ever_published":false,"_jetpack_newsletter_access":"","_jetpack_dont_email_post_to_subs":false,"_jetpack_newsletter_tier_id":0,"_jetpack_memberships_contains_paywalled_content":false,"_jetpack_memberships_contains_paid_content":false,"footnotes":"","jetpack_publicize_message":"","jetpack_publicize_feature_enabled":true,"jetpack_social_post_already_shared":true,"jetpack_social_options":{"image_generator_settings":{"template":"highway","default_image_id":0,"font":"","enabled":false},"version":2}},"categories":[199,202],"tags":[],"class_list":["post-74504","post","type-post","status-publish","format-standard","has-post-thumbnail","hentry","category-bahia","category-policia"],"jetpack_publicize_connections":[],"jetpack_featured_media_url":"https:\/\/blogopara.com.br\/wp-content\/uploads\/2025\/04\/Captura-de-tela-2025-04-04-184011.png","uagb_featured_image_src":{"full":["https:\/\/blogopara.com.br\/wp-content\/uploads\/2025\/04\/Captura-de-tela-2025-04-04-184011.png",500,225,false],"thumbnail":["https:\/\/blogopara.com.br\/wp-content\/uploads\/2025\/04\/Captura-de-tela-2025-04-04-184011-150x150.png",150,150,true],"medium":["https:\/\/blogopara.com.br\/wp-content\/uploads\/2025\/04\/Captura-de-tela-2025-04-04-184011-300x135.png",300,135,true],"medium_large":["https:\/\/blogopara.com.br\/wp-content\/uploads\/2025\/04\/Captura-de-tela-2025-04-04-184011.png",500,225,false],"large":["https:\/\/blogopara.com.br\/wp-content\/uploads\/2025\/04\/Captura-de-tela-2025-04-04-184011.png",500,225,false],"1536x1536":["https:\/\/blogopara.com.br\/wp-content\/uploads\/2025\/04\/Captura-de-tela-2025-04-04-184011.png",500,225,false],"2048x2048":["https:\/\/blogopara.com.br\/wp-content\/uploads\/2025\/04\/Captura-de-tela-2025-04-04-184011.png",500,225,false],"mantranews-slider-large":["https:\/\/blogopara.com.br\/wp-content\/uploads\/2025\/04\/Captura-de-tela-2025-04-04-184011.png",500,225,false],"mantranews-featured-medium":["https:\/\/blogopara.com.br\/wp-content\/uploads\/2025\/04\/Captura-de-tela-2025-04-04-184011-420x225.png",420,225,true],"mantranews-featured-long":["https:\/\/blogopara.com.br\/wp-content\/uploads\/2025\/04\/Captura-de-tela-2025-04-04-184011-300x225.png",300,225,true],"mantranews-block-medium":["https:\/\/blogopara.com.br\/wp-content\/uploads\/2025\/04\/Captura-de-tela-2025-04-04-184011-464x225.png",464,225,true],"mantranews-carousel-image":["https:\/\/blogopara.com.br\/wp-content\/uploads\/2025\/04\/Captura-de-tela-2025-04-04-184011.png",500,225,false],"mantranews-block-thumb":["https:\/\/blogopara.com.br\/wp-content\/uploads\/2025\/04\/Captura-de-tela-2025-04-04-184011-322x225.png",322,225,true],"mantranews-single-large":["https:\/\/blogopara.com.br\/wp-content\/uploads\/2025\/04\/Captura-de-tela-2025-04-04-184011.png",500,225,false]},"uagb_author_info":{"display_name":"Reda\u00e7\u00e3o geral","author_link":"https:\/\/blogopara.com.br\/index.php\/author\/blogopara"},"uagb_comment_info":0,"uagb_excerpt":"Uma mulher de 21 anos foi presa nesta quarta-feira (2) em Teixeira de Freitas, no extremo sul da Bahia, sob suspeita de ter matado o pr\u00f3prio filho, de 3 anos, no dia 25 de mar\u00e7o. Na ocasi\u00e3o, a crian\u00e7a foi encaminhada em estado grave para o Hospital Estadual Costa das Baleias com marcas de agress\u00f5es,&hellip;","jetpack_sharing_enabled":true,"jetpack_likes_enabled":true,"_links":{"self":[{"href":"https:\/\/blogopara.com.br\/index.php\/wp-json\/wp\/v2\/posts\/74504","targetHints":{"allow":["GET"]}}],"collection":[{"href":"https:\/\/blogopara.com.br\/index.php\/wp-json\/wp\/v2\/posts"}],"about":[{"href":"https:\/\/blogopara.com.br\/index.php\/wp-json\/wp\/v2\/types\/post"}],"author":[{"embeddable":true,"href":"https:\/\/blogopara.com.br\/index.php\/wp-json\/wp\/v2\/users\/1"}],"replies":[{"embeddable":true,"href":"https:\/\/blogopara.com.br\/index.php\/wp-json\/wp\/v2\/comments?post=74504"}],"version-history":[{"count":1,"href":"https:\/\/blogopara.com.br\/index.php\/wp-json\/wp\/v2\/posts\/74504\/revisions"}],"predecessor-version":[{"id":74506,"href":"https:\/\/blogopara.com.br\/index.php\/wp-json\/wp\/v2\/posts\/74504\/revisions\/74506"}],"wp:featuredmedia":[{"embeddable":true,"href":"https:\/\/blogopara.com.br\/index.php\/wp-json\/wp\/v2\/media\/74505"}],"wp:attachment":[{"href":"https:\/\/blogopara.com.br\/index.php\/wp-json\/wp\/v2\/media?parent=74504"}],"wp:term":[{"taxonomy":"category","embeddable":true,"href":"https:\/\/blogopara.com.br\/index.php\/wp-json\/wp\/v2\/categories?post=74504"},{"taxonomy":"post_tag","embeddable":true,"href":"https:\/\/blogopara.com.br\/index.php\/wp-json\/wp\/v2\/tags?post=74504"}],"curies":[{"name":"wp","href":"https:\/\/api.w.org\/{rel}","templated":true}]}}