{"id":74745,"date":"2025-04-11T15:44:57","date_gmt":"2025-04-11T18:44:57","guid":{"rendered":"https:\/\/blogopara.com.br\/?p=74745"},"modified":"2025-04-11T15:44:57","modified_gmt":"2025-04-11T18:44:57","slug":"rombo-milionario-gestao-anisio-viana-encontra-mais-de-r-8-milhoes-sem-comprovacao-de-despesas-na-prefeitura","status":"publish","type":"post","link":"https:\/\/blogopara.com.br\/index.php\/2025\/04\/11\/rombo-milionario-gestao-anisio-viana-encontra-mais-de-r-8-milhoes-sem-comprovacao-de-despesas-na-prefeitura","title":{"rendered":"Rombo milion\u00e1rio: Gest\u00e3o Anisio Viana encontra mais de R$ 8 milh\u00f5es sem comprova\u00e7\u00e3o de despesas na prefeitura"},"content":{"rendered":"<p class=\"x_MsoNormal\">Um encontro com a imprensa local e regional marcou os 100 dias da gest\u00e3o do prefeito Anisio Viana, nesta quinta-feira (10), na sede da Prefeitura Municipal. Uma presta\u00e7\u00e3o de contas foi apresentada sobre como o munic\u00edpio foi encontrado e o trabalho realizado no per\u00edodo inicial do novo governo. \u201cAbrimos a caixa-preta da Prefeitura de Casa Nova, estamos mostrando com os documentos p\u00fablicos o rombo provocado pela gest\u00e3o passada e as consequ\u00eancias desta irresponsabilidade, al\u00e9m do trabalho j\u00e1 iniciado para transforma\u00e7\u00e3o da cidade\u201d, declarou o prefeito Anisio Viana.<\/p>\n<p class=\"x_MsoNormal\">O conte\u00fado apresentado na reuni\u00e3o mostrou que o per\u00edodo foi marcado por muito trabalho, reestrutura\u00e7\u00e3o e retomada dos servi\u00e7os p\u00fablicos essenciais. Logo nos primeiros dias, foi poss\u00edvel come\u00e7ar a reverter um cen\u00e1rio cr\u00edtico herdado, caracterizado pela total aus\u00eancia de processo de transi\u00e7\u00e3o, obras abandonadas, frota de ve\u00edculos sucateada e graves irregularidades na gest\u00e3o de pessoal. Al\u00e9m de uma d\u00edvida milion\u00e1ria herdada e falta de presta\u00e7\u00e3o de contas que resultou no bloqueio das contas do munic\u00edpio.<\/p>\n<p class=\"x_MsoNormal\">Um dos pontos mais alarmantes identificados pela nova administra\u00e7\u00e3o foi a exist\u00eancia de mais de R$ 8 milh\u00f5es e duzentos mil em despesas realizadas sem qualquer tipo de comprova\u00e7\u00e3o. Ou seja, dinheiro que sumiu da conta, sem nenhuma explica\u00e7\u00e3o. \u201cSou contador h\u00e1 20 anos e nunca vi tamanha irresponsabilidade com o dinheiro p\u00fablico\u201d, alertou Anisio.<\/p>\n<p class=\"x_MsoNormal\">Tamb\u00e9m \u00e9 preciso frisar que a antiga gest\u00e3o assumiu em 2017 a prefeitura com d\u00edvidas na ordem de R$ de 7 milh\u00f5es\u00a0 e entregou com d\u00e9bitos que ultrapassam R$ 150 milh\u00f5es, entre d\u00e9bitos com fornecedores, parcelamentos e obriga\u00e7\u00f5es n\u00e3o quitadas. A atual gest\u00e3o trabalha para reconstruir a sa\u00fade fiscal da prefeitura, garantir transpar\u00eancia e restabelecer a credibilidade junto \u00e0 popula\u00e7\u00e3o e aos \u00f3rg\u00e3os de controle.<\/p>\n<p class=\"x_MsoNormal\">Ao assumir a administra\u00e7\u00e3o em 1\u00ba de janeiro, a nova equipe encontrou escolas que n\u00e3o haviam cumprido os 200 dias letivos, postos de sa\u00fade fechados, obras paralisadas e o munic\u00edpio completamente desorganizado. Entre os bens p\u00fablicos, havia 53 ve\u00edculos, dos quais apenas tr\u00eas \u00f4nibus escolares estavam em funcionamento, al\u00e9m do uso indevido de ve\u00edculos por ex-servidores.<\/p>\n<p class=\"x_MsoNormal\"><b>Sa\u00fade<\/b><\/p>\n<p class=\"x_MsoNormal\">As unidades de sa\u00fade fechadas desde outubro de 2024 foram reabertas, agora com equipes completas de m\u00e9dicos, enfermeiros e t\u00e9cnicos. Al\u00e9m dos atendimentos de ultrassonografia, com exames em diversas modalidades, como abdome total, vias urin\u00e1rias, pr\u00f3stata, tireoide, articula\u00e7\u00f5es, transvaginal, p\u00e9lvico, mamas, axilas, entre outros. A inclus\u00e3o ganhou refor\u00e7o com a entrega do Centro Multidisciplinar TEAcolhe e a san\u00e7\u00e3o da lei que assegura os direitos das pessoas com Transtorno do Espectro Autista (TEA).<\/p>\n<p class=\"x_MsoNormal\"><b>Educa\u00e7\u00e3o e infraestrutura<\/b><\/p>\n<p class=\"x_MsoNormal\">A gest\u00e3o retomou a obra da creche de Santana do Sobrado, paralisada h\u00e1 mais de 8 anos, e autorizou a licita\u00e7\u00e3o para a constru\u00e7\u00e3o de outras duas creches no distrito de Bem Bom e no bairro S\u00e3o Francisco, com investimento superior a R$ 2,6 milh\u00f5es.<\/p>\n<p class=\"x_MsoNormal\"><b>Valoriza\u00e7\u00e3o do servidor<\/b><\/p>\n<p class=\"x_MsoNormal\">Tamb\u00e9m foi realizada a convoca\u00e7\u00e3o de aprovados no concurso p\u00fablico para cargos como professores, servi\u00e7os gerais, garis e agentes de portaria, reafirmando o compromisso com a legalidade e valoriza\u00e7\u00e3o dos servidores. Os aprovados esperavam h\u00e1 mais de dois anos para serem convocados. \u201cEsses 100 dias foram intensos. Trabalhamos muito para reorganizar a casa e j\u00e1 conseguimos entregar resultados concretos. Agora \u00e9 hora de acelerar ainda mais. \u00c9 trabalho por todos e para todos os cantos de Casa Nova\u201d, refor\u00e7ou o prefeito Anisio Viana.<\/p>\n<p class=\"x_MsoNormal\">Com o apoio dos deputados estaduais Jord\u00e1vio Ramos, J\u00fanior Nascimento e \u00c2ngelo Coronel Filho, dos federais Adolfo Viana e Diego Coronel, e do senador \u00c2ngelo Coronel, o munic\u00edpio recebeu importantes equipamentos: tr\u00eas retroescavadeiras, um trator agr\u00edcola, um \u00f4nibus escolar, uma van para transporte de pacientes do TFD, kits de cozinha industrial, panifica\u00e7\u00e3o e apicultura, al\u00e9m de uma nova viatura da Pol\u00edcia Civil.<\/p>\n<p class=\"x_MsoNormal\"><b>Cultura, lazer, cidadania e urbanismo<\/b><\/p>\n<p class=\"x_MsoNormal\">A Prefeitura realizou o Carna Jegue 2025 com grande participa\u00e7\u00e3o popular em Santana do Sobrado, al\u00e9m de apoiar a tradicional Festa de Nossa Senhora do Perp\u00e9tuo Socorro, em Ouricuri. Tamb\u00e9m foi regularizado o pagamento da Lei Aldir Blanc, garantindo recursos para o fortalecimento da cultura local.<\/p>\n<p class=\"x_MsoNormal\">Casa Nova agora conta com um cronograma semanal de limpeza, tr\u00eas caminh\u00f5es compactadores, um poliguindaste e mais de 30 cont\u00eaineres. Pra\u00e7as passaram a receber manuten\u00e7\u00e3o cont\u00ednua, com irriga\u00e7\u00e3o, poda e aduba\u00e7\u00e3o. Cemit\u00e9rios e a ilumina\u00e7\u00e3o p\u00fablica tamb\u00e9m receberam a\u00e7\u00f5es emergenciais.<\/p>\n<p class=\"x_MsoNormal\"><b>Turismo e desenvolvimento<\/b><\/p>\n<p class=\"x_MsoNormal\">O Balne\u00e1rio Dunas do Velho Chico foi reorganizado com a instala\u00e7\u00e3o de banheiros qu\u00edmicos, regulariza\u00e7\u00e3o da coleta de lixo e presen\u00e7a de bombeiros civis. O Conselho Municipal de Turismo foi reativado, e est\u00e3o em andamento a\u00e7\u00f5es como a implementa\u00e7\u00e3o da Sala do Empreendedor, o resgate da Festa do Interior e o reordenamento das Dunas.<\/p>\n<p class=\"x_MsoNormal\">Uma importante obra de saneamento b\u00e1sico foi anunciada no bairro Gilson Viana, com investimento de mais de R$ 7 milh\u00f5es em recursos pr\u00f3prios. Ap\u00f3s a conclus\u00e3o, o bairro tamb\u00e9m ser\u00e1 contemplado com pavimenta\u00e7\u00e3o, fruto de parceria com o deputado federal Adolfo Viana.<\/p>\n<p class=\"x_MsoNormal\">\n<p class=\"x_MsoNormal\">Texto: Ascom PMCN<\/p>\n","protected":false},"excerpt":{"rendered":"<p>Um encontro com a imprensa local e regional marcou os 100 dias da gest\u00e3o do prefeito Anisio Viana, nesta quinta-feira (10), na sede da Prefeitura Municipal. Uma presta\u00e7\u00e3o de contas foi apresentada sobre como o munic\u00edpio foi encontrado e o trabalho realizado no per\u00edodo inicial do novo governo. \u201cAbrimos a caixa-preta da Prefeitura de Casa [&hellip;]<\/p>\n","protected":false},"author":1,"featured_media":25453,"comment_status":"open","ping_status":"open","sticky":false,"template":"","format":"standard","meta":{"_uag_custom_page_level_css":"","_monsterinsights_skip_tracking":false,"_monsterinsights_sitenote_active":false,"_monsterinsights_sitenote_note":"","_monsterinsights_sitenote_category":0,"jetpack_post_was_ever_published":false,"_jetpack_newsletter_access":"","_jetpack_dont_email_post_to_subs":false,"_jetpack_newsletter_tier_id":0,"_jetpack_memberships_contains_paywalled_content":false,"_jetpack_memberships_contains_paid_content":false,"footnotes":"","jetpack_publicize_message":"","jetpack_publicize_feature_enabled":true,"jetpack_social_post_already_shared":true,"jetpack_social_options":{"image_generator_settings":{"template":"highway","default_image_id":0,"font":"","enabled":false},"version":2}},"categories":[199,197],"tags":[],"class_list":["post-74745","post","type-post","status-publish","format-standard","has-post-thumbnail","hentry","category-bahia","category-politica"],"jetpack_publicize_connections":[],"jetpack_featured_media_url":"https:\/\/blogopara.com.br\/wp-content\/uploads\/2021\/07\/Wilker-e-Tum-em-brasilia.jpeg","uagb_featured_image_src":{"full":["https:\/\/blogopara.com.br\/wp-content\/uploads\/2021\/07\/Wilker-e-Tum-em-brasilia.jpeg",500,397,false],"thumbnail":["https:\/\/blogopara.com.br\/wp-content\/uploads\/2021\/07\/Wilker-e-Tum-em-brasilia-150x150.jpeg",150,150,true],"medium":["https:\/\/blogopara.com.br\/wp-content\/uploads\/2021\/07\/Wilker-e-Tum-em-brasilia-300x238.jpeg",300,238,true],"medium_large":["https:\/\/blogopara.com.br\/wp-content\/uploads\/2021\/07\/Wilker-e-Tum-em-brasilia.jpeg",500,397,false],"large":["https:\/\/blogopara.com.br\/wp-content\/uploads\/2021\/07\/Wilker-e-Tum-em-brasilia.jpeg",500,397,false],"1536x1536":["https:\/\/blogopara.com.br\/wp-content\/uploads\/2021\/07\/Wilker-e-Tum-em-brasilia.jpeg",500,397,false],"2048x2048":["https:\/\/blogopara.com.br\/wp-content\/uploads\/2021\/07\/Wilker-e-Tum-em-brasilia.jpeg",500,397,false],"mantranews-slider-large":["https:\/\/blogopara.com.br\/wp-content\/uploads\/2021\/07\/Wilker-e-Tum-em-brasilia.jpeg",500,397,false],"mantranews-featured-medium":["https:\/\/blogopara.com.br\/wp-content\/uploads\/2021\/07\/Wilker-e-Tum-em-brasilia-420x307.jpeg",420,307,true],"mantranews-featured-long":["https:\/\/blogopara.com.br\/wp-content\/uploads\/2021\/07\/Wilker-e-Tum-em-brasilia-300x397.jpeg",300,397,true],"mantranews-block-medium":["https:\/\/blogopara.com.br\/wp-content\/uploads\/2021\/07\/Wilker-e-Tum-em-brasilia-464x290.jpeg",464,290,true],"mantranews-carousel-image":["https:\/\/blogopara.com.br\/wp-content\/uploads\/2021\/07\/Wilker-e-Tum-em-brasilia.jpeg",500,397,false],"mantranews-block-thumb":["https:\/\/blogopara.com.br\/wp-content\/uploads\/2021\/07\/Wilker-e-Tum-em-brasilia-322x230.jpeg",322,230,true],"mantranews-single-large":["https:\/\/blogopara.com.br\/wp-content\/uploads\/2021\/07\/Wilker-e-Tum-em-brasilia.jpeg",500,397,false]},"uagb_author_info":{"display_name":"Reda\u00e7\u00e3o geral","author_link":"https:\/\/blogopara.com.br\/index.php\/author\/blogopara"},"uagb_comment_info":0,"uagb_excerpt":"Um encontro com a imprensa local e regional marcou os 100 dias da gest\u00e3o do prefeito Anisio Viana, nesta quinta-feira (10), na sede da Prefeitura Municipal. Uma presta\u00e7\u00e3o de contas foi apresentada sobre como o munic\u00edpio foi encontrado e o trabalho realizado no per\u00edodo inicial do novo governo. \u201cAbrimos a caixa-preta da Prefeitura de Casa&hellip;","jetpack_sharing_enabled":true,"jetpack_likes_enabled":true,"_links":{"self":[{"href":"https:\/\/blogopara.com.br\/index.php\/wp-json\/wp\/v2\/posts\/74745","targetHints":{"allow":["GET"]}}],"collection":[{"href":"https:\/\/blogopara.com.br\/index.php\/wp-json\/wp\/v2\/posts"}],"about":[{"href":"https:\/\/blogopara.com.br\/index.php\/wp-json\/wp\/v2\/types\/post"}],"author":[{"embeddable":true,"href":"https:\/\/blogopara.com.br\/index.php\/wp-json\/wp\/v2\/users\/1"}],"replies":[{"embeddable":true,"href":"https:\/\/blogopara.com.br\/index.php\/wp-json\/wp\/v2\/comments?post=74745"}],"version-history":[{"count":1,"href":"https:\/\/blogopara.com.br\/index.php\/wp-json\/wp\/v2\/posts\/74745\/revisions"}],"predecessor-version":[{"id":74746,"href":"https:\/\/blogopara.com.br\/index.php\/wp-json\/wp\/v2\/posts\/74745\/revisions\/74746"}],"wp:featuredmedia":[{"embeddable":true,"href":"https:\/\/blogopara.com.br\/index.php\/wp-json\/wp\/v2\/media\/25453"}],"wp:attachment":[{"href":"https:\/\/blogopara.com.br\/index.php\/wp-json\/wp\/v2\/media?parent=74745"}],"wp:term":[{"taxonomy":"category","embeddable":true,"href":"https:\/\/blogopara.com.br\/index.php\/wp-json\/wp\/v2\/categories?post=74745"},{"taxonomy":"post_tag","embeddable":true,"href":"https:\/\/blogopara.com.br\/index.php\/wp-json\/wp\/v2\/tags?post=74745"}],"curies":[{"name":"wp","href":"https:\/\/api.w.org\/{rel}","templated":true}]}}