{"id":74766,"date":"2025-04-11T16:06:52","date_gmt":"2025-04-11T19:06:52","guid":{"rendered":"https:\/\/blogopara.com.br\/?p=74766"},"modified":"2025-04-11T16:06:52","modified_gmt":"2025-04-11T19:06:52","slug":"prefeitura-de-juazeiro-decreta-ponto-facultativo-na-quinta-feira-da-semana-santa","status":"publish","type":"post","link":"https:\/\/blogopara.com.br\/index.php\/2025\/04\/11\/prefeitura-de-juazeiro-decreta-ponto-facultativo-na-quinta-feira-da-semana-santa","title":{"rendered":"Prefeitura de Juazeiro decreta ponto facultativo na quinta-feira da Semana Santa"},"content":{"rendered":"<p>O servidor juazeirense vai aproveitar um feriado prolongado na pr\u00f3xima semana. Isso porque a Prefeitura de Juazeiro decretou ponto facultativo para a pr\u00f3xima quinta-feira (17), v\u00e9spera da Sexta-feira da Paix\u00e3o. Com isso, o expediente nas reparti\u00e7\u00f5es p\u00fablicas municipais ser\u00e1 retomado apenas na ter\u00e7a-feira (22), \u00e0s 8h, j\u00e1 que segunda-feira (21) \u00e9 feriado nacional de Tiradentes. A medida foi publicada nesta sexta-feira (11) no Di\u00e1rio Oficial do Munic\u00edpio, por meio da\u00a0<a href=\"https:\/\/www.juazeiro.ba.gov.br\/wp-content\/uploads\/2025\/04\/PREFEITURAMUNICIPALDEJUAZEIROESTADODABAHIADIARIOOFICIALDOMUNICIPIOANO2025PORTARIAGABPGMN076DE11DEABRILDE2025.pdf\">Portaria GAB\/PGM n\u00ba 076\/2025.<\/a><\/p>\n<p>O decreto abrange os \u00f3rg\u00e3os da administra\u00e7\u00e3o direta, indireta e aut\u00e1rquica, excetuando as secretarias e servi\u00e7os considerados essenciais, cuja continuidade seja indispens\u00e1vel. Como os atendimentos de urg\u00eancia e emerg\u00eancia nos hospitais, o Servi\u00e7o de Atendimento M\u00f3vel de Urg\u00eancia (SAMU), a coleta de lixo, o monitoramento do tr\u00e2nsito e a atua\u00e7\u00e3o da Defesa Civil.<\/p>\n<p>A administra\u00e7\u00e3o municipal ressalta seu comprometimento com a popula\u00e7\u00e3o, garantindo a oferta de servi\u00e7os p\u00fablicos com qualidade, respeitando as tradi\u00e7\u00f5es religiosas e culturais da comunidade, e promovendo a diversidade de cren\u00e7as, ideias e pensamentos.<\/p>\n<p><b>\u2014<\/b><\/p>\n<p>Ascom PMJ<\/p>\n","protected":false},"excerpt":{"rendered":"<p>O servidor juazeirense vai aproveitar um feriado prolongado na pr\u00f3xima semana. Isso porque a Prefeitura de Juazeiro decretou ponto facultativo para a pr\u00f3xima quinta-feira (17), v\u00e9spera da Sexta-feira da Paix\u00e3o. Com isso, o expediente nas reparti\u00e7\u00f5es p\u00fablicas municipais ser\u00e1 retomado apenas na ter\u00e7a-feira (22), \u00e0s 8h, j\u00e1 que segunda-feira (21) \u00e9 feriado nacional de Tiradentes. [&hellip;]<\/p>\n","protected":false},"author":1,"featured_media":69565,"comment_status":"open","ping_status":"open","sticky":false,"template":"","format":"standard","meta":{"_uag_custom_page_level_css":"","_monsterinsights_skip_tracking":false,"_monsterinsights_sitenote_active":false,"_monsterinsights_sitenote_note":"","_monsterinsights_sitenote_category":0,"jetpack_post_was_ever_published":false,"_jetpack_newsletter_access":"","_jetpack_dont_email_post_to_subs":false,"_jetpack_newsletter_tier_id":0,"_jetpack_memberships_contains_paywalled_content":false,"_jetpack_memberships_contains_paid_content":false,"footnotes":"","jetpack_publicize_message":"","jetpack_publicize_feature_enabled":true,"jetpack_social_post_already_shared":true,"jetpack_social_options":{"image_generator_settings":{"template":"highway","default_image_id":0,"font":"","enabled":false},"version":2}},"categories":[203],"tags":[],"class_list":["post-74766","post","type-post","status-publish","format-standard","has-post-thumbnail","hentry","category-juazeiro"],"jetpack_publicize_connections":[],"jetpack_featured_media_url":"https:\/\/blogopara.com.br\/wp-content\/uploads\/2024\/11\/Prefeitura-de-Juazeiro-Paco-Municipal.jpg","uagb_featured_image_src":{"full":["https:\/\/blogopara.com.br\/wp-content\/uploads\/2024\/11\/Prefeitura-de-Juazeiro-Paco-Municipal.jpg",500,333,false],"thumbnail":["https:\/\/blogopara.com.br\/wp-content\/uploads\/2024\/11\/Prefeitura-de-Juazeiro-Paco-Municipal-150x150.jpg",150,150,true],"medium":["https:\/\/blogopara.com.br\/wp-content\/uploads\/2024\/11\/Prefeitura-de-Juazeiro-Paco-Municipal-300x200.jpg",300,200,true],"medium_large":["https:\/\/blogopara.com.br\/wp-content\/uploads\/2024\/11\/Prefeitura-de-Juazeiro-Paco-Municipal.jpg",500,333,false],"large":["https:\/\/blogopara.com.br\/wp-content\/uploads\/2024\/11\/Prefeitura-de-Juazeiro-Paco-Municipal.jpg",500,333,false],"1536x1536":["https:\/\/blogopara.com.br\/wp-content\/uploads\/2024\/11\/Prefeitura-de-Juazeiro-Paco-Municipal.jpg",500,333,false],"2048x2048":["https:\/\/blogopara.com.br\/wp-content\/uploads\/2024\/11\/Prefeitura-de-Juazeiro-Paco-Municipal.jpg",500,333,false],"mantranews-slider-large":["https:\/\/blogopara.com.br\/wp-content\/uploads\/2024\/11\/Prefeitura-de-Juazeiro-Paco-Municipal.jpg",500,333,false],"mantranews-featured-medium":["https:\/\/blogopara.com.br\/wp-content\/uploads\/2024\/11\/Prefeitura-de-Juazeiro-Paco-Municipal-420x307.jpg",420,307,true],"mantranews-featured-long":["https:\/\/blogopara.com.br\/wp-content\/uploads\/2024\/11\/Prefeitura-de-Juazeiro-Paco-Municipal-300x333.jpg",300,333,true],"mantranews-block-medium":["https:\/\/blogopara.com.br\/wp-content\/uploads\/2024\/11\/Prefeitura-de-Juazeiro-Paco-Municipal-464x290.jpg",464,290,true],"mantranews-carousel-image":["https:\/\/blogopara.com.br\/wp-content\/uploads\/2024\/11\/Prefeitura-de-Juazeiro-Paco-Municipal.jpg",500,333,false],"mantranews-block-thumb":["https:\/\/blogopara.com.br\/wp-content\/uploads\/2024\/11\/Prefeitura-de-Juazeiro-Paco-Municipal-322x230.jpg",322,230,true],"mantranews-single-large":["https:\/\/blogopara.com.br\/wp-content\/uploads\/2024\/11\/Prefeitura-de-Juazeiro-Paco-Municipal.jpg",500,333,false]},"uagb_author_info":{"display_name":"Reda\u00e7\u00e3o geral","author_link":"https:\/\/blogopara.com.br\/index.php\/author\/blogopara"},"uagb_comment_info":0,"uagb_excerpt":"O servidor juazeirense vai aproveitar um feriado prolongado na pr\u00f3xima semana. Isso porque a Prefeitura de Juazeiro decretou ponto facultativo para a pr\u00f3xima quinta-feira (17), v\u00e9spera da Sexta-feira da Paix\u00e3o. Com isso, o expediente nas reparti\u00e7\u00f5es p\u00fablicas municipais ser\u00e1 retomado apenas na ter\u00e7a-feira (22), \u00e0s 8h, j\u00e1 que segunda-feira (21) \u00e9 feriado nacional de Tiradentes.&hellip;","jetpack_sharing_enabled":true,"jetpack_likes_enabled":true,"_links":{"self":[{"href":"https:\/\/blogopara.com.br\/index.php\/wp-json\/wp\/v2\/posts\/74766","targetHints":{"allow":["GET"]}}],"collection":[{"href":"https:\/\/blogopara.com.br\/index.php\/wp-json\/wp\/v2\/posts"}],"about":[{"href":"https:\/\/blogopara.com.br\/index.php\/wp-json\/wp\/v2\/types\/post"}],"author":[{"embeddable":true,"href":"https:\/\/blogopara.com.br\/index.php\/wp-json\/wp\/v2\/users\/1"}],"replies":[{"embeddable":true,"href":"https:\/\/blogopara.com.br\/index.php\/wp-json\/wp\/v2\/comments?post=74766"}],"version-history":[{"count":1,"href":"https:\/\/blogopara.com.br\/index.php\/wp-json\/wp\/v2\/posts\/74766\/revisions"}],"predecessor-version":[{"id":74767,"href":"https:\/\/blogopara.com.br\/index.php\/wp-json\/wp\/v2\/posts\/74766\/revisions\/74767"}],"wp:featuredmedia":[{"embeddable":true,"href":"https:\/\/blogopara.com.br\/index.php\/wp-json\/wp\/v2\/media\/69565"}],"wp:attachment":[{"href":"https:\/\/blogopara.com.br\/index.php\/wp-json\/wp\/v2\/media?parent=74766"}],"wp:term":[{"taxonomy":"category","embeddable":true,"href":"https:\/\/blogopara.com.br\/index.php\/wp-json\/wp\/v2\/categories?post=74766"},{"taxonomy":"post_tag","embeddable":true,"href":"https:\/\/blogopara.com.br\/index.php\/wp-json\/wp\/v2\/tags?post=74766"}],"curies":[{"name":"wp","href":"https:\/\/api.w.org\/{rel}","templated":true}]}}