{"id":74768,"date":"2025-04-11T16:09:33","date_gmt":"2025-04-11T19:09:33","guid":{"rendered":"https:\/\/blogopara.com.br\/?p=74768"},"modified":"2025-04-11T16:09:33","modified_gmt":"2025-04-11T19:09:33","slug":"gestao-municipal-de-juazeiro-apresenta-balanco-dos-100-dias-e-anuncia-novos-investimentos-para-o-municipio","status":"publish","type":"post","link":"https:\/\/blogopara.com.br\/index.php\/2025\/04\/11\/gestao-municipal-de-juazeiro-apresenta-balanco-dos-100-dias-e-anuncia-novos-investimentos-para-o-municipio","title":{"rendered":"Gest\u00e3o Municipal de Juazeiro apresenta balan\u00e7o dos 100 dias e anuncia novos investimentos para o munic\u00edpio"},"content":{"rendered":"<p>A Prefeitura de Juazeiro realizou, na noite desta quinta-feira (10), um evento na Orla II para apresentar o balan\u00e7o dos 100 primeiros dias de gest\u00e3o e anunciar novas a\u00e7\u00f5es voltadas ao desenvolvimento da cidade. A iniciativa reuniu autoridades, representantes de institui\u00e7\u00f5es parceiras, imprensa e popula\u00e7\u00e3o, em um momento de presta\u00e7\u00e3o de contas e fortalecimento do compromisso com a melhoria dos servi\u00e7os p\u00fablicos.<\/p>\n<p>Durante a cerim\u00f4nia, foram apresentados os principais resultados obtidos at\u00e9 o momento e os pr\u00f3ximos passos da administra\u00e7\u00e3o. \u201cEstes 100 dias s\u00e3o apenas o come\u00e7o de uma caminhada para tornar Juazeiro uma cidade mais justa, desenvolvida e acolhedora. Vamos seguir trabalhando com compromisso e agilidade, porque Juazeiro tem pressa\u201d, disse o prefeito Andrei Gon\u00e7alves. No local, tamb\u00e9m foram expostos ve\u00edculos e equipamentos adquiridos pela gest\u00e3o, como ambul\u00e2ncias, \u00f4nibus escolares, tratores e viaturas, frutos de parcerias com os governos estadual e federal.<\/p>\n<p>Ao longo da apresenta\u00e7\u00e3o, foram destacados os principais avan\u00e7os da administra\u00e7\u00e3o nos primeiros meses de trabalho:<\/p>\n<p><b>Infraestrutura e Mobilidade<\/b><\/p>\n<p>Aquisi\u00e7\u00e3o de 45 novos ve\u00edculos e equipamentos, incluindo \u00f4nibus escolares, ambul\u00e2ncias, retroescavadeiras e viaturas;<\/p>\n<p>Projeto Canal do Sert\u00e3o, voltado \u00e0 integra\u00e7\u00e3o e desenvolvimento regional;<\/p>\n<p>Ilumina\u00e7\u00e3o de vias, por meio do programa Ruas de Futuro, em parceria com o Governo do Estado da Bahia;<\/p>\n<p><b>Sa\u00fade P\u00fablica<\/b><\/p>\n<p>Investimento superior a R$ 2 milh\u00f5es em equipamentos hospitalares e realiza\u00e7\u00e3o de mutir\u00f5es de cirurgias e atendimentos especializados;<\/p>\n<p>Redu\u00e7\u00e3o de 88% nos casos de dengue no comparativo entre os primeiros meses de 2025 e 2024;<\/p>\n<p>Adequa\u00e7\u00f5es em unidades de sa\u00fade e refor\u00e7o nas equipes m\u00e9dicas;<\/p>\n<p><b>Educa\u00e7\u00e3o<\/b><\/p>\n<p>Inaugura\u00e7\u00e3o de novas unidades escolares e requalifica\u00e7\u00e3o de escolas existentes, com destaque para a Escola An\u00e1lia Barbosa e a amplia\u00e7\u00e3o da Escola de Educa\u00e7\u00e3o Infantil Apr\u00edgio Duarte;<\/p>\n<p>Quase 2 mil novas matr\u00edculas na rede municipal;<\/p>\n<p>Lan\u00e7amento do Programa Juazeirinho, que prev\u00ea a constru\u00e7\u00e3o de 30 novas creches;<\/p>\n<p>Cria\u00e7\u00e3o do programa Juazeiro pelo Mundo, com interc\u00e2mbio internacional para alunos da rede p\u00fablica;<\/p>\n<p><b>Habita\u00e7\u00e3o e Inclus\u00e3o Social<\/b><\/p>\n<p>Investimento de R$ 67 milh\u00f5es na constru\u00e7\u00e3o de 454 unidades habitacionais pelo programa Minha Casa Minha Vida;<\/p>\n<p>Implanta\u00e7\u00e3o do Juazeiro Sem Fome, voltado ao enfrentamento da inseguran\u00e7a alimentar;<\/p>\n<p>Reativa\u00e7\u00e3o do Banco de Alimentos e inaugura\u00e7\u00e3o do Centro POP para acolhimento de pessoas em situa\u00e7\u00e3o de rua;<\/p>\n<p><b>Seguran\u00e7a e Cidadania<\/b><\/p>\n<p>Atendimento 24h na Delegacia da Mulher e atua\u00e7\u00e3o da Ronda Maria da Penha;<\/p>\n<p>A\u00e7\u00f5es educativas e de enfrentamento \u00e0 viol\u00eancia contra a mulher, com a campanha Toler\u00e2ncia Zero;<\/p>\n<p><b>Desenvolvimento Econ\u00f4mico e Rural<\/b><\/p>\n<p>Cria\u00e7\u00e3o da Ag\u00eancia de Desenvolvimento Econ\u00f4mico (ADEER), respons\u00e1vel pela formaliza\u00e7\u00e3o de mais de 1.200 novas empresas \u2014 um aumento de 60% em rela\u00e7\u00e3o ao ano anterior;<\/p>\n<p>Expans\u00e3o do Programa Capacita Juazeiro, com oferta de cursos profissionalizantes;<\/p>\n<p>Recupera\u00e7\u00e3o de 40 km de estradas vicinais e pagamento do Garantia-Safra a 1.200 agricultores;<\/p>\n<p><b>Cultura e Valoriza\u00e7\u00e3o da Identidade Local<\/b><\/p>\n<p>Realiza\u00e7\u00e3o do Festival Velho Chico e do Projeto Cinema Itinerante;<\/p>\n<p>Apoio a eventos tradicionais e religiosos;<\/p>\n<p><b>Transpar\u00eancia e Participa\u00e7\u00e3o Popular<\/b><\/p>\n<p>Implanta\u00e7\u00e3o do Procon Digital, novo canal online de atendimento ao consumidor;<\/p>\n<p>Atua\u00e7\u00e3o da Ouvidoria Municipal com mais de 500 manifesta\u00e7\u00f5es atendidas, 70% delas resolvidas;<\/p>\n<p><b>Lan\u00e7amento do Programa Juazeiro Sem Fome<\/b><\/p>\n<p>Ap\u00f3s a apresenta\u00e7\u00e3o dos 100 dias de governo, foi lan\u00e7ado o projeto Juazeiro Sem Fome, institu\u00eddo atrav\u00e9s de Lei Municipal, e contou com a presen\u00e7a de Luiza Trabuco da Secretaria Extraordin\u00e1ria de Combate \u00e0 Fome e a Pobreza e do Coordenador Geral do Bahia Sem Fome, Tiago Pereira, que representou o governador Jer\u00f4nimo Rodrigues, no evento. O prefeito recebeu uma medalha do Bahia Sem Fome, pela iniciativa de instituir o programa no munic\u00edpio.<\/p>\n<p>A atividade contou com a presen\u00e7a de parlamentares estaduais e municipais, lideran\u00e7as comunit\u00e1rias, servidores p\u00fablicos e representantes da sociedade civil.<\/p>\n<p>Ascom PMJ<\/p>\n","protected":false},"excerpt":{"rendered":"<p>A Prefeitura de Juazeiro realizou, na noite desta quinta-feira (10), um evento na Orla II para apresentar o balan\u00e7o dos 100 primeiros dias de gest\u00e3o e anunciar novas a\u00e7\u00f5es voltadas ao desenvolvimento da cidade. A iniciativa reuniu autoridades, representantes de institui\u00e7\u00f5es parceiras, imprensa e popula\u00e7\u00e3o, em um momento de presta\u00e7\u00e3o de contas e fortalecimento do [&hellip;]<\/p>\n","protected":false},"author":1,"featured_media":74769,"comment_status":"open","ping_status":"open","sticky":false,"template":"","format":"standard","meta":{"_uag_custom_page_level_css":"","_monsterinsights_skip_tracking":false,"_monsterinsights_sitenote_active":false,"_monsterinsights_sitenote_note":"","_monsterinsights_sitenote_category":0,"jetpack_post_was_ever_published":false,"_jetpack_newsletter_access":"","_jetpack_dont_email_post_to_subs":false,"_jetpack_newsletter_tier_id":0,"_jetpack_memberships_contains_paywalled_content":false,"_jetpack_memberships_contains_paid_content":false,"footnotes":"","jetpack_publicize_message":"","jetpack_publicize_feature_enabled":true,"jetpack_social_post_already_shared":true,"jetpack_social_options":{"image_generator_settings":{"template":"highway","default_image_id":0,"font":"","enabled":false},"version":2}},"categories":[203,197],"tags":[],"class_list":["post-74768","post","type-post","status-publish","format-standard","has-post-thumbnail","hentry","category-juazeiro","category-politica"],"jetpack_publicize_connections":[],"jetpack_featured_media_url":"https:\/\/blogopara.com.br\/wp-content\/uploads\/2025\/04\/100-dias-7.jpeg","uagb_featured_image_src":{"full":["https:\/\/blogopara.com.br\/wp-content\/uploads\/2025\/04\/100-dias-7.jpeg",500,400,false],"thumbnail":["https:\/\/blogopara.com.br\/wp-content\/uploads\/2025\/04\/100-dias-7-150x150.jpeg",150,150,true],"medium":["https:\/\/blogopara.com.br\/wp-content\/uploads\/2025\/04\/100-dias-7-300x240.jpeg",300,240,true],"medium_large":["https:\/\/blogopara.com.br\/wp-content\/uploads\/2025\/04\/100-dias-7.jpeg",500,400,false],"large":["https:\/\/blogopara.com.br\/wp-content\/uploads\/2025\/04\/100-dias-7.jpeg",500,400,false],"1536x1536":["https:\/\/blogopara.com.br\/wp-content\/uploads\/2025\/04\/100-dias-7.jpeg",500,400,false],"2048x2048":["https:\/\/blogopara.com.br\/wp-content\/uploads\/2025\/04\/100-dias-7.jpeg",500,400,false],"mantranews-slider-large":["https:\/\/blogopara.com.br\/wp-content\/uploads\/2025\/04\/100-dias-7.jpeg",500,400,false],"mantranews-featured-medium":["https:\/\/blogopara.com.br\/wp-content\/uploads\/2025\/04\/100-dias-7-420x307.jpeg",420,307,true],"mantranews-featured-long":["https:\/\/blogopara.com.br\/wp-content\/uploads\/2025\/04\/100-dias-7-300x400.jpeg",300,400,true],"mantranews-block-medium":["https:\/\/blogopara.com.br\/wp-content\/uploads\/2025\/04\/100-dias-7-464x290.jpeg",464,290,true],"mantranews-carousel-image":["https:\/\/blogopara.com.br\/wp-content\/uploads\/2025\/04\/100-dias-7.jpeg",500,400,false],"mantranews-block-thumb":["https:\/\/blogopara.com.br\/wp-content\/uploads\/2025\/04\/100-dias-7-322x230.jpeg",322,230,true],"mantranews-single-large":["https:\/\/blogopara.com.br\/wp-content\/uploads\/2025\/04\/100-dias-7.jpeg",500,400,false]},"uagb_author_info":{"display_name":"Reda\u00e7\u00e3o geral","author_link":"https:\/\/blogopara.com.br\/index.php\/author\/blogopara"},"uagb_comment_info":0,"uagb_excerpt":"A Prefeitura de Juazeiro realizou, na noite desta quinta-feira (10), um evento na Orla II para apresentar o balan\u00e7o dos 100 primeiros dias de gest\u00e3o e anunciar novas a\u00e7\u00f5es voltadas ao desenvolvimento da cidade. A iniciativa reuniu autoridades, representantes de institui\u00e7\u00f5es parceiras, imprensa e popula\u00e7\u00e3o, em um momento de presta\u00e7\u00e3o de contas e fortalecimento do&hellip;","jetpack_sharing_enabled":true,"jetpack_likes_enabled":true,"_links":{"self":[{"href":"https:\/\/blogopara.com.br\/index.php\/wp-json\/wp\/v2\/posts\/74768","targetHints":{"allow":["GET"]}}],"collection":[{"href":"https:\/\/blogopara.com.br\/index.php\/wp-json\/wp\/v2\/posts"}],"about":[{"href":"https:\/\/blogopara.com.br\/index.php\/wp-json\/wp\/v2\/types\/post"}],"author":[{"embeddable":true,"href":"https:\/\/blogopara.com.br\/index.php\/wp-json\/wp\/v2\/users\/1"}],"replies":[{"embeddable":true,"href":"https:\/\/blogopara.com.br\/index.php\/wp-json\/wp\/v2\/comments?post=74768"}],"version-history":[{"count":1,"href":"https:\/\/blogopara.com.br\/index.php\/wp-json\/wp\/v2\/posts\/74768\/revisions"}],"predecessor-version":[{"id":74770,"href":"https:\/\/blogopara.com.br\/index.php\/wp-json\/wp\/v2\/posts\/74768\/revisions\/74770"}],"wp:featuredmedia":[{"embeddable":true,"href":"https:\/\/blogopara.com.br\/index.php\/wp-json\/wp\/v2\/media\/74769"}],"wp:attachment":[{"href":"https:\/\/blogopara.com.br\/index.php\/wp-json\/wp\/v2\/media?parent=74768"}],"wp:term":[{"taxonomy":"category","embeddable":true,"href":"https:\/\/blogopara.com.br\/index.php\/wp-json\/wp\/v2\/categories?post=74768"},{"taxonomy":"post_tag","embeddable":true,"href":"https:\/\/blogopara.com.br\/index.php\/wp-json\/wp\/v2\/tags?post=74768"}],"curies":[{"name":"wp","href":"https:\/\/api.w.org\/{rel}","templated":true}]}}