{"id":74782,"date":"2025-04-12T06:35:06","date_gmt":"2025-04-12T09:35:06","guid":{"rendered":"https:\/\/blogopara.com.br\/?p=74782"},"modified":"2025-04-11T20:44:12","modified_gmt":"2025-04-11T23:44:12","slug":"opiniao-carnaval-cancelado-mas-o-carnaval-dos-crentes-vai-acontecer","status":"publish","type":"post","link":"https:\/\/blogopara.com.br\/index.php\/2025\/04\/12\/opiniao-carnaval-cancelado-mas-o-carnaval-dos-crentes-vai-acontecer","title":{"rendered":"Opini\u00e3o: Carnaval cancelado, mas o \u201ccarnaval dos crentes\u201d vai acontecer"},"content":{"rendered":"<p>A alega\u00e7\u00e3o de que o carnaval deste ano n\u00e3o foi realizado por falta de recursos vai, aos poucos, se revelando uma grande mentira. Prova disso \u00e9 que, agora em abril, o governo do Estado est\u00e1 apoiando um evento evang\u00e9lico de grande porte: o &#8220;Canta Bahia&#8221;, que acontecer\u00e1 nos dias 18 e 19. Trata-se de uma celebra\u00e7\u00e3o religiosa tradicional em Salvador, mas que, em pleno ano pr\u00e9-eleitoral, est\u00e1 sendo expandida para diversos munic\u00edpios, com apoio do Estado.<\/p>\n<p>A verdade \u00e9 que a n\u00e3o realiza\u00e7\u00e3o do carnaval foi uma escolha do prefeito Andrei da Caixa. Mesmo com o apoio financeiro do governo estadual, ele n\u00e3o teve disposi\u00e7\u00e3o, planejamento nem vontade pol\u00edtica para viabilizar o evento. Faltou articula\u00e7\u00e3o para buscar parcerias com a iniciativa privada e garantir que a festa ocorresse, como sempre foi tradi\u00e7\u00e3o em Juazeiro.<\/p>\n<p>Quem perdeu foi a cidade. Deixamos de movimentar a economia local, gerar empregos tempor\u00e1rios e atrair turistas. O carnaval \u00e9 parte do calend\u00e1rio cultural e econ\u00f4mico do munic\u00edpio, e sua aus\u00eancia foi sentida por todos que dependem direta ou indiretamente do evento.<\/p>\n<p>H\u00e1 leitores que comentam que o prefeito, por ser evang\u00e9lico, teria boicotado o carnaval por quest\u00f5es religiosas e agora estaria promovendo um &#8220;carnaval gospel&#8221;. Ainda que essa hip\u00f3tese esteja sendo levantada, acredito que o que realmente impediu a festa foi a incompet\u00eancia administrativa, a inoper\u00e2ncia e a total falta de planejamento da gest\u00e3o municipal.<\/p>\n","protected":false},"excerpt":{"rendered":"<p>A alega\u00e7\u00e3o de que o carnaval deste ano n\u00e3o foi realizado por falta de recursos vai, aos poucos, se revelando uma grande mentira. Prova disso \u00e9 que, agora em abril, o governo do Estado est\u00e1 apoiando um evento evang\u00e9lico de grande porte: o &#8220;Canta Bahia&#8221;, que acontecer\u00e1 nos dias 18 e 19. Trata-se de uma [&hellip;]<\/p>\n","protected":false},"author":1,"featured_media":74788,"comment_status":"open","ping_status":"open","sticky":false,"template":"","format":"standard","meta":{"_uag_custom_page_level_css":"","_monsterinsights_skip_tracking":false,"_monsterinsights_sitenote_active":false,"_monsterinsights_sitenote_note":"","_monsterinsights_sitenote_category":0,"jetpack_post_was_ever_published":false,"_jetpack_newsletter_access":"","_jetpack_dont_email_post_to_subs":false,"_jetpack_newsletter_tier_id":0,"_jetpack_memberships_contains_paywalled_content":false,"_jetpack_memberships_contains_paid_content":false,"footnotes":"","jetpack_publicize_message":"","jetpack_publicize_feature_enabled":true,"jetpack_social_post_already_shared":true,"jetpack_social_options":{"image_generator_settings":{"template":"highway","default_image_id":0,"font":"","enabled":false},"version":2}},"categories":[203],"tags":[],"class_list":["post-74782","post","type-post","status-publish","format-standard","has-post-thumbnail","hentry","category-juazeiro"],"jetpack_publicize_connections":[],"jetpack_featured_media_url":"https:\/\/blogopara.com.br\/wp-content\/uploads\/2025\/04\/WhatsApp-Image-2025-04-11-at-16.43.03.jpeg","uagb_featured_image_src":{"full":["https:\/\/blogopara.com.br\/wp-content\/uploads\/2025\/04\/WhatsApp-Image-2025-04-11-at-16.43.03.jpeg",500,212,false],"thumbnail":["https:\/\/blogopara.com.br\/wp-content\/uploads\/2025\/04\/WhatsApp-Image-2025-04-11-at-16.43.03-150x150.jpeg",150,150,true],"medium":["https:\/\/blogopara.com.br\/wp-content\/uploads\/2025\/04\/WhatsApp-Image-2025-04-11-at-16.43.03-300x127.jpeg",300,127,true],"medium_large":["https:\/\/blogopara.com.br\/wp-content\/uploads\/2025\/04\/WhatsApp-Image-2025-04-11-at-16.43.03.jpeg",500,212,false],"large":["https:\/\/blogopara.com.br\/wp-content\/uploads\/2025\/04\/WhatsApp-Image-2025-04-11-at-16.43.03.jpeg",500,212,false],"1536x1536":["https:\/\/blogopara.com.br\/wp-content\/uploads\/2025\/04\/WhatsApp-Image-2025-04-11-at-16.43.03.jpeg",500,212,false],"2048x2048":["https:\/\/blogopara.com.br\/wp-content\/uploads\/2025\/04\/WhatsApp-Image-2025-04-11-at-16.43.03.jpeg",500,212,false],"mantranews-slider-large":["https:\/\/blogopara.com.br\/wp-content\/uploads\/2025\/04\/WhatsApp-Image-2025-04-11-at-16.43.03.jpeg",500,212,false],"mantranews-featured-medium":["https:\/\/blogopara.com.br\/wp-content\/uploads\/2025\/04\/WhatsApp-Image-2025-04-11-at-16.43.03-420x212.jpeg",420,212,true],"mantranews-featured-long":["https:\/\/blogopara.com.br\/wp-content\/uploads\/2025\/04\/WhatsApp-Image-2025-04-11-at-16.43.03-300x212.jpeg",300,212,true],"mantranews-block-medium":["https:\/\/blogopara.com.br\/wp-content\/uploads\/2025\/04\/WhatsApp-Image-2025-04-11-at-16.43.03-464x212.jpeg",464,212,true],"mantranews-carousel-image":["https:\/\/blogopara.com.br\/wp-content\/uploads\/2025\/04\/WhatsApp-Image-2025-04-11-at-16.43.03.jpeg",500,212,false],"mantranews-block-thumb":["https:\/\/blogopara.com.br\/wp-content\/uploads\/2025\/04\/WhatsApp-Image-2025-04-11-at-16.43.03-322x212.jpeg",322,212,true],"mantranews-single-large":["https:\/\/blogopara.com.br\/wp-content\/uploads\/2025\/04\/WhatsApp-Image-2025-04-11-at-16.43.03.jpeg",500,212,false]},"uagb_author_info":{"display_name":"Reda\u00e7\u00e3o geral","author_link":"https:\/\/blogopara.com.br\/index.php\/author\/blogopara"},"uagb_comment_info":0,"uagb_excerpt":"A alega\u00e7\u00e3o de que o carnaval deste ano n\u00e3o foi realizado por falta de recursos vai, aos poucos, se revelando uma grande mentira. Prova disso \u00e9 que, agora em abril, o governo do Estado est\u00e1 apoiando um evento evang\u00e9lico de grande porte: o &#8220;Canta Bahia&#8221;, que acontecer\u00e1 nos dias 18 e 19. Trata-se de uma&hellip;","jetpack_sharing_enabled":true,"jetpack_likes_enabled":true,"_links":{"self":[{"href":"https:\/\/blogopara.com.br\/index.php\/wp-json\/wp\/v2\/posts\/74782","targetHints":{"allow":["GET"]}}],"collection":[{"href":"https:\/\/blogopara.com.br\/index.php\/wp-json\/wp\/v2\/posts"}],"about":[{"href":"https:\/\/blogopara.com.br\/index.php\/wp-json\/wp\/v2\/types\/post"}],"author":[{"embeddable":true,"href":"https:\/\/blogopara.com.br\/index.php\/wp-json\/wp\/v2\/users\/1"}],"replies":[{"embeddable":true,"href":"https:\/\/blogopara.com.br\/index.php\/wp-json\/wp\/v2\/comments?post=74782"}],"version-history":[{"count":1,"href":"https:\/\/blogopara.com.br\/index.php\/wp-json\/wp\/v2\/posts\/74782\/revisions"}],"predecessor-version":[{"id":74789,"href":"https:\/\/blogopara.com.br\/index.php\/wp-json\/wp\/v2\/posts\/74782\/revisions\/74789"}],"wp:featuredmedia":[{"embeddable":true,"href":"https:\/\/blogopara.com.br\/index.php\/wp-json\/wp\/v2\/media\/74788"}],"wp:attachment":[{"href":"https:\/\/blogopara.com.br\/index.php\/wp-json\/wp\/v2\/media?parent=74782"}],"wp:term":[{"taxonomy":"category","embeddable":true,"href":"https:\/\/blogopara.com.br\/index.php\/wp-json\/wp\/v2\/categories?post=74782"},{"taxonomy":"post_tag","embeddable":true,"href":"https:\/\/blogopara.com.br\/index.php\/wp-json\/wp\/v2\/tags?post=74782"}],"curies":[{"name":"wp","href":"https:\/\/api.w.org\/{rel}","templated":true}]}}