{"id":74784,"date":"2025-04-11T20:43:26","date_gmt":"2025-04-11T23:43:26","guid":{"rendered":"https:\/\/blogopara.com.br\/?p=74784"},"modified":"2025-04-11T20:43:26","modified_gmt":"2025-04-11T23:43:26","slug":"apos-reclamar-de-exoneracao-ex-comandante-dos-bombeiros-se-aposenta-com-salario-de-r-71-mil","status":"publish","type":"post","link":"https:\/\/blogopara.com.br\/index.php\/2025\/04\/11\/apos-reclamar-de-exoneracao-ex-comandante-dos-bombeiros-se-aposenta-com-salario-de-r-71-mil","title":{"rendered":"Ap\u00f3s reclamar de exonera\u00e7\u00e3o, ex-comandante dos Bombeiros se aposenta com sal\u00e1rio de R$ 71 mil"},"content":{"rendered":"<div class=\"flex flex-col w-full font-normal text-[18px] leading-[30px] text-tw-theme-text-default\">\n<p id=\"paragrafo-yai3k5a17a\">O Coronel Adson Marchesini, ex-comandante geral da Corpo de Bombeiros Militar da Bahia (CBMB), que foi exonerado com outros nomes do setor de seguran\u00e7a e\u00a0chegou a reclamar da sua sa\u00edda do cargo, teve a aposentadoria oficializada em uma portaria publicada pelo Governo do Estado nesta sexta-feira (11). No Di\u00e1rio Oficial do Estado, o secret\u00e1rio de administra\u00e7\u00e3o e Aloisio Mascarenhas, que assumiu o cargo de comando do CBMB, transferiram Marchesini para a reserva com uma remunera\u00e7\u00e3o de R$ 71 mil.<\/p>\n<\/div>\n<div class=\"article_mrec_destaque sticky\">\n<div id=\"internas_336x280_01\"><\/div>\n<\/div>\n<div class=\"flex flex-col w-full font-normal text-[18px] leading-[30px] text-tw-theme-text-default\">\n<p id=\"paragrafo-c9u5c8tezz\">O valor a ser recebido pelo Coronel na sua aposentadoria \u00e9 superior, por exemplo,\u00a0<a class=\"link\" href=\"https:\/\/www.correio24horas.com.br\/minha-bahia\/jeronimo-reajusta-salario-de-novo-apos-aumento-de-49-em-2022-0524\" target=\"_blank\" rel=\"noopener\">ao do governador Jer\u00f4nimo Rodrigues que, em 2024, recebia R$ 36,8 mil<\/a>. No documento oficial da gest\u00e3o estadual, onde a ida do ex-comandante para aposentadoria foi decretada, os vencimentos que Marchesini vai receber s\u00e3o detalhados.<\/p>\n<\/div>\n<div class=\"flex flex-col w-full font-normal text-[18px] leading-[30px] text-tw-theme-text-default\">\n<p id=\"paragrafo-spujf7078o\">\u201c[Transfere-se para reserva] Adson Marchesini, de matr\u00edcula 30201418, com proventos integrais, calculados sobre a remunera\u00e7\u00e3o de Coronel Bombeiro Militar, de R$ R$ 71.549,26 (setenta e um mil quinhentos e quarenta e nove reais e vinte e seis centavos. [&#8230;] Ser\u00e1 respeitado o limite constitucional na implanta\u00e7\u00e3o dos proventos. A publica\u00e7\u00e3o do presente ato faz cessar os efeitos de eventuais nomea\u00e7\u00f5es, licen\u00e7as e afastamentos\u201d, informa o decreto.<\/p>\n<\/div>\n<div class=\"flex flex-col w-full\">\n<div id=\"imagem-l83fd4dpo1\" class=\"w-full\">\n<figure class=\"imagem-notas w-full max-w-full h-auto flex justify-center items-center overflow-hidden\"><img loading=\"lazy\" decoding=\"async\" class=\"w-full h-auto\" src=\"https:\/\/midias.correio24horas.com.br\/2025\/04\/11\/auto-upload-2686186.png\" alt=\"\" width=\"997\" height=\"505\" \/><\/figure>\n<p>Decis\u00e3o foi publicada no Di\u00e1rio Oficial\u00a0<span class=\"font-bold\">Cr\u00e9dito: Reprodu\u00e7\u00e3o\u00a0<\/span><\/div>\n<\/div>\n<div class=\"article_intext inline-block text-center w-full h-280\">\n<div id=\"internas_336x280_02\"><\/div>\n<\/div>\n<div class=\"flex flex-col w-full font-normal text-[18px] leading-[30px] text-tw-theme-text-default\">\n<p id=\"paragrafo-01y5uw8v5z\">Na posse do atual comandante do CBMB, na semana passada, em Sim\u00f5es Filho, uma fala do Coronel surpreendeu a todos. No meio da solenidade, Marchesini questionou sua exonera\u00e7\u00e3o ao governador Jer\u00f4nimo Rodrigues, disse que foi surpreendido e que est\u00e1 triste com a decis\u00e3o.<\/p>\n<\/div>\n<div class=\"flex flex-col w-full font-normal text-[18px] leading-[30px] text-tw-theme-text-default\">\n<p id=\"paragrafo-qr8sxzbdul\">&#8220;Quando tomei conhecimento que fui exonerado, n\u00e3o vou mentir, fiquei muito triste com o senhor [Jer\u00f4nimo]. N\u00e3o tenho raiva, mas aquele sentimento de dor. O que foi que eu errei para ser exonerado do Corpo de Bombeiros, uma institui\u00e7\u00e3o que eu lutei?&#8221;, disse. A fala inesperada surpreendeu o p\u00fablico.<\/p>\n<\/div>\n<div class=\"flex flex-col w-full font-normal text-[18px] leading-[30px] text-tw-theme-text-default\">\n<p id=\"paragrafo-lrmqgcag9n\">Al\u00e9m de Marchesini, Helo\u00edsa Brito, que ocupava o cargo de delegada geral da Pol\u00edcia Civil, e Paulo Coutinho, que comandava a Pol\u00edcia Militar da Bahia (PM-BA), foram exonerados no fim do m\u00eas passado. O delegado Andr\u00e9 Augusto de Mendon\u00e7a Viana e o coronel Aloisio Mascarenhas Fernandes substitu\u00edram Helo\u00edsa e Marchesini, respectivamente.<\/p>\n<\/div>\n","protected":false},"excerpt":{"rendered":"<p>O Coronel Adson Marchesini, ex-comandante geral da Corpo de Bombeiros Militar da Bahia (CBMB), que foi exonerado com outros nomes do setor de seguran\u00e7a e\u00a0chegou a reclamar da sua sa\u00edda do cargo, teve a aposentadoria oficializada em uma portaria publicada pelo Governo do Estado nesta sexta-feira (11). No Di\u00e1rio Oficial do Estado, o secret\u00e1rio de [&hellip;]<\/p>\n","protected":false},"author":1,"featured_media":74786,"comment_status":"open","ping_status":"open","sticky":false,"template":"","format":"standard","meta":{"_uag_custom_page_level_css":"","_monsterinsights_skip_tracking":false,"_monsterinsights_sitenote_active":false,"_monsterinsights_sitenote_note":"","_monsterinsights_sitenote_category":0,"jetpack_post_was_ever_published":false,"_jetpack_newsletter_access":"","_jetpack_dont_email_post_to_subs":false,"_jetpack_newsletter_tier_id":0,"_jetpack_memberships_contains_paywalled_content":false,"_jetpack_memberships_contains_paid_content":false,"footnotes":"","jetpack_publicize_message":"","jetpack_publicize_feature_enabled":true,"jetpack_social_post_already_shared":true,"jetpack_social_options":{"image_generator_settings":{"template":"highway","default_image_id":0,"font":"","enabled":false},"version":2}},"categories":[199],"tags":[],"class_list":["post-74784","post","type-post","status-publish","format-standard","has-post-thumbnail","hentry","category-bahia"],"jetpack_publicize_connections":[],"jetpack_featured_media_url":"https:\/\/blogopara.com.br\/wp-content\/uploads\/2025\/04\/bbbbbbbbbbbbbbbbbbb.jpg","uagb_featured_image_src":{"full":["https:\/\/blogopara.com.br\/wp-content\/uploads\/2025\/04\/bbbbbbbbbbbbbbbbbbb.jpg",500,334,false],"thumbnail":["https:\/\/blogopara.com.br\/wp-content\/uploads\/2025\/04\/bbbbbbbbbbbbbbbbbbb-150x150.jpg",150,150,true],"medium":["https:\/\/blogopara.com.br\/wp-content\/uploads\/2025\/04\/bbbbbbbbbbbbbbbbbbb-300x200.jpg",300,200,true],"medium_large":["https:\/\/blogopara.com.br\/wp-content\/uploads\/2025\/04\/bbbbbbbbbbbbbbbbbbb.jpg",500,334,false],"large":["https:\/\/blogopara.com.br\/wp-content\/uploads\/2025\/04\/bbbbbbbbbbbbbbbbbbb.jpg",500,334,false],"1536x1536":["https:\/\/blogopara.com.br\/wp-content\/uploads\/2025\/04\/bbbbbbbbbbbbbbbbbbb.jpg",500,334,false],"2048x2048":["https:\/\/blogopara.com.br\/wp-content\/uploads\/2025\/04\/bbbbbbbbbbbbbbbbbbb.jpg",500,334,false],"mantranews-slider-large":["https:\/\/blogopara.com.br\/wp-content\/uploads\/2025\/04\/bbbbbbbbbbbbbbbbbbb.jpg",500,334,false],"mantranews-featured-medium":["https:\/\/blogopara.com.br\/wp-content\/uploads\/2025\/04\/bbbbbbbbbbbbbbbbbbb-420x307.jpg",420,307,true],"mantranews-featured-long":["https:\/\/blogopara.com.br\/wp-content\/uploads\/2025\/04\/bbbbbbbbbbbbbbbbbbb-300x334.jpg",300,334,true],"mantranews-block-medium":["https:\/\/blogopara.com.br\/wp-content\/uploads\/2025\/04\/bbbbbbbbbbbbbbbbbbb-464x290.jpg",464,290,true],"mantranews-carousel-image":["https:\/\/blogopara.com.br\/wp-content\/uploads\/2025\/04\/bbbbbbbbbbbbbbbbbbb.jpg",500,334,false],"mantranews-block-thumb":["https:\/\/blogopara.com.br\/wp-content\/uploads\/2025\/04\/bbbbbbbbbbbbbbbbbbb-322x230.jpg",322,230,true],"mantranews-single-large":["https:\/\/blogopara.com.br\/wp-content\/uploads\/2025\/04\/bbbbbbbbbbbbbbbbbbb.jpg",500,334,false]},"uagb_author_info":{"display_name":"Reda\u00e7\u00e3o geral","author_link":"https:\/\/blogopara.com.br\/index.php\/author\/blogopara"},"uagb_comment_info":0,"uagb_excerpt":"O Coronel Adson Marchesini, ex-comandante geral da Corpo de Bombeiros Militar da Bahia (CBMB), que foi exonerado com outros nomes do setor de seguran\u00e7a e\u00a0chegou a reclamar da sua sa\u00edda do cargo, teve a aposentadoria oficializada em uma portaria publicada pelo Governo do Estado nesta sexta-feira (11). No Di\u00e1rio Oficial do Estado, o secret\u00e1rio de&hellip;","jetpack_sharing_enabled":true,"jetpack_likes_enabled":true,"_links":{"self":[{"href":"https:\/\/blogopara.com.br\/index.php\/wp-json\/wp\/v2\/posts\/74784","targetHints":{"allow":["GET"]}}],"collection":[{"href":"https:\/\/blogopara.com.br\/index.php\/wp-json\/wp\/v2\/posts"}],"about":[{"href":"https:\/\/blogopara.com.br\/index.php\/wp-json\/wp\/v2\/types\/post"}],"author":[{"embeddable":true,"href":"https:\/\/blogopara.com.br\/index.php\/wp-json\/wp\/v2\/users\/1"}],"replies":[{"embeddable":true,"href":"https:\/\/blogopara.com.br\/index.php\/wp-json\/wp\/v2\/comments?post=74784"}],"version-history":[{"count":1,"href":"https:\/\/blogopara.com.br\/index.php\/wp-json\/wp\/v2\/posts\/74784\/revisions"}],"predecessor-version":[{"id":74787,"href":"https:\/\/blogopara.com.br\/index.php\/wp-json\/wp\/v2\/posts\/74784\/revisions\/74787"}],"wp:featuredmedia":[{"embeddable":true,"href":"https:\/\/blogopara.com.br\/index.php\/wp-json\/wp\/v2\/media\/74786"}],"wp:attachment":[{"href":"https:\/\/blogopara.com.br\/index.php\/wp-json\/wp\/v2\/media?parent=74784"}],"wp:term":[{"taxonomy":"category","embeddable":true,"href":"https:\/\/blogopara.com.br\/index.php\/wp-json\/wp\/v2\/categories?post=74784"},{"taxonomy":"post_tag","embeddable":true,"href":"https:\/\/blogopara.com.br\/index.php\/wp-json\/wp\/v2\/tags?post=74784"}],"curies":[{"name":"wp","href":"https:\/\/api.w.org\/{rel}","templated":true}]}}