{"id":74791,"date":"2025-04-12T18:37:22","date_gmt":"2025-04-12T21:37:22","guid":{"rendered":"https:\/\/blogopara.com.br\/?p=74791"},"modified":"2025-04-12T18:37:22","modified_gmt":"2025-04-12T21:37:22","slug":"gestao-anisio-viana-empossa-mais-de-100-novos-servidores-concursados-nesta-segunda-feira-14","status":"publish","type":"post","link":"https:\/\/blogopara.com.br\/index.php\/2025\/04\/12\/gestao-anisio-viana-empossa-mais-de-100-novos-servidores-concursados-nesta-segunda-feira-14","title":{"rendered":"Gest\u00e3o Anisio Viana empossa mais de 100 novos servidores concursados nesta segunda-feira (14)"},"content":{"rendered":"<p class=\"x_MsoNormal\">A Prefeitura de Casa Nova, por meio do Edital de Convoca\u00e7\u00e3o n\u00ba 003\/2025, anunciou a posse de 109 novos servidores p\u00fablicos efetivos, aprovados em concurso p\u00fablico. A cerim\u00f4nia de posse acontecer\u00e1 nesta segunda-feira (14), na sede da Prefeitura, localizada na Pra\u00e7a Dr. Gilson Viana de Castro, no centro da cidade.<\/p>\n<p class=\"x_MsoNormal\">A convoca\u00e7\u00e3o, assinada pelo prefeito Anisio Viana, contempla candidatos habilitados em diversas \u00e1reas da administra\u00e7\u00e3o p\u00fablica municipal. Os convocados para os cargos de Agente de Portaria e Auxiliar de Servi\u00e7os Gerais, dever\u00e3o comparecer \u00e0s 8h, enquanto os convocados para os cargos de Agente Comunit\u00e1rio de Sa\u00fade, Assistentes Sociais, Nutricionistas e Psic\u00f3logo, dever\u00e3o se apresentar \u00e0s 14h.<\/p>\n<p class=\"x_MsoNormal\">\n<p class=\"x_MsoNormal\">\u201cEsse momento representa n\u00e3o apenas o fortalecimento do servi\u00e7o p\u00fablico, mas tamb\u00e9m a concretiza\u00e7\u00e3o do compromisso da nossa gest\u00e3o com a valoriza\u00e7\u00e3o dos profissionais e a melhoria da qualidade dos servi\u00e7os oferecidos \u00e0 popula\u00e7\u00e3o\u201d, destacou o prefeito Anisio Viana. A lista completa dos convocados a tomarem posse, est\u00e1 dispon\u00edvel do Di\u00e1rio Oficial do Munic\u00edpio.<\/p>\n<p class=\"x_MsoNormal\">\n<p class=\"x_MsoNormal\">Texto: Ascom PMCN<\/p>\n","protected":false},"excerpt":{"rendered":"<p>A Prefeitura de Casa Nova, por meio do Edital de Convoca\u00e7\u00e3o n\u00ba 003\/2025, anunciou a posse de 109 novos servidores p\u00fablicos efetivos, aprovados em concurso p\u00fablico. A cerim\u00f4nia de posse acontecer\u00e1 nesta segunda-feira (14), na sede da Prefeitura, localizada na Pra\u00e7a Dr. Gilson Viana de Castro, no centro da cidade. A convoca\u00e7\u00e3o, assinada pelo prefeito [&hellip;]<\/p>\n","protected":false},"author":1,"featured_media":72786,"comment_status":"open","ping_status":"open","sticky":false,"template":"","format":"standard","meta":{"_uag_custom_page_level_css":"","_monsterinsights_skip_tracking":false,"_monsterinsights_sitenote_active":false,"_monsterinsights_sitenote_note":"","_monsterinsights_sitenote_category":0,"jetpack_post_was_ever_published":false,"_jetpack_newsletter_access":"","_jetpack_dont_email_post_to_subs":false,"_jetpack_newsletter_tier_id":0,"_jetpack_memberships_contains_paywalled_content":false,"_jetpack_memberships_contains_paid_content":false,"footnotes":"","jetpack_publicize_message":"","jetpack_publicize_feature_enabled":true,"jetpack_social_post_already_shared":true,"jetpack_social_options":{"image_generator_settings":{"template":"highway","default_image_id":0,"font":"","enabled":false},"version":2}},"categories":[197],"tags":[],"class_list":["post-74791","post","type-post","status-publish","format-standard","has-post-thumbnail","hentry","category-politica"],"jetpack_publicize_connections":[],"jetpack_featured_media_url":"https:\/\/blogopara.com.br\/wp-content\/uploads\/2025\/02\/PREFEITURA-DE-CASA-NOVA.jpeg","uagb_featured_image_src":{"full":["https:\/\/blogopara.com.br\/wp-content\/uploads\/2025\/02\/PREFEITURA-DE-CASA-NOVA.jpeg",500,375,false],"thumbnail":["https:\/\/blogopara.com.br\/wp-content\/uploads\/2025\/02\/PREFEITURA-DE-CASA-NOVA-150x150.jpeg",150,150,true],"medium":["https:\/\/blogopara.com.br\/wp-content\/uploads\/2025\/02\/PREFEITURA-DE-CASA-NOVA-300x225.jpeg",300,225,true],"medium_large":["https:\/\/blogopara.com.br\/wp-content\/uploads\/2025\/02\/PREFEITURA-DE-CASA-NOVA.jpeg",500,375,false],"large":["https:\/\/blogopara.com.br\/wp-content\/uploads\/2025\/02\/PREFEITURA-DE-CASA-NOVA.jpeg",500,375,false],"1536x1536":["https:\/\/blogopara.com.br\/wp-content\/uploads\/2025\/02\/PREFEITURA-DE-CASA-NOVA.jpeg",500,375,false],"2048x2048":["https:\/\/blogopara.com.br\/wp-content\/uploads\/2025\/02\/PREFEITURA-DE-CASA-NOVA.jpeg",500,375,false],"mantranews-slider-large":["https:\/\/blogopara.com.br\/wp-content\/uploads\/2025\/02\/PREFEITURA-DE-CASA-NOVA.jpeg",500,375,false],"mantranews-featured-medium":["https:\/\/blogopara.com.br\/wp-content\/uploads\/2025\/02\/PREFEITURA-DE-CASA-NOVA-420x307.jpeg",420,307,true],"mantranews-featured-long":["https:\/\/blogopara.com.br\/wp-content\/uploads\/2025\/02\/PREFEITURA-DE-CASA-NOVA-300x375.jpeg",300,375,true],"mantranews-block-medium":["https:\/\/blogopara.com.br\/wp-content\/uploads\/2025\/02\/PREFEITURA-DE-CASA-NOVA-464x290.jpeg",464,290,true],"mantranews-carousel-image":["https:\/\/blogopara.com.br\/wp-content\/uploads\/2025\/02\/PREFEITURA-DE-CASA-NOVA.jpeg",500,375,false],"mantranews-block-thumb":["https:\/\/blogopara.com.br\/wp-content\/uploads\/2025\/02\/PREFEITURA-DE-CASA-NOVA-322x230.jpeg",322,230,true],"mantranews-single-large":["https:\/\/blogopara.com.br\/wp-content\/uploads\/2025\/02\/PREFEITURA-DE-CASA-NOVA.jpeg",500,375,false]},"uagb_author_info":{"display_name":"Reda\u00e7\u00e3o geral","author_link":"https:\/\/blogopara.com.br\/index.php\/author\/blogopara"},"uagb_comment_info":0,"uagb_excerpt":"A Prefeitura de Casa Nova, por meio do Edital de Convoca\u00e7\u00e3o n\u00ba 003\/2025, anunciou a posse de 109 novos servidores p\u00fablicos efetivos, aprovados em concurso p\u00fablico. A cerim\u00f4nia de posse acontecer\u00e1 nesta segunda-feira (14), na sede da Prefeitura, localizada na Pra\u00e7a Dr. Gilson Viana de Castro, no centro da cidade. A convoca\u00e7\u00e3o, assinada pelo prefeito&hellip;","jetpack_sharing_enabled":true,"jetpack_likes_enabled":true,"_links":{"self":[{"href":"https:\/\/blogopara.com.br\/index.php\/wp-json\/wp\/v2\/posts\/74791","targetHints":{"allow":["GET"]}}],"collection":[{"href":"https:\/\/blogopara.com.br\/index.php\/wp-json\/wp\/v2\/posts"}],"about":[{"href":"https:\/\/blogopara.com.br\/index.php\/wp-json\/wp\/v2\/types\/post"}],"author":[{"embeddable":true,"href":"https:\/\/blogopara.com.br\/index.php\/wp-json\/wp\/v2\/users\/1"}],"replies":[{"embeddable":true,"href":"https:\/\/blogopara.com.br\/index.php\/wp-json\/wp\/v2\/comments?post=74791"}],"version-history":[{"count":1,"href":"https:\/\/blogopara.com.br\/index.php\/wp-json\/wp\/v2\/posts\/74791\/revisions"}],"predecessor-version":[{"id":74792,"href":"https:\/\/blogopara.com.br\/index.php\/wp-json\/wp\/v2\/posts\/74791\/revisions\/74792"}],"wp:featuredmedia":[{"embeddable":true,"href":"https:\/\/blogopara.com.br\/index.php\/wp-json\/wp\/v2\/media\/72786"}],"wp:attachment":[{"href":"https:\/\/blogopara.com.br\/index.php\/wp-json\/wp\/v2\/media?parent=74791"}],"wp:term":[{"taxonomy":"category","embeddable":true,"href":"https:\/\/blogopara.com.br\/index.php\/wp-json\/wp\/v2\/categories?post=74791"},{"taxonomy":"post_tag","embeddable":true,"href":"https:\/\/blogopara.com.br\/index.php\/wp-json\/wp\/v2\/tags?post=74791"}],"curies":[{"name":"wp","href":"https:\/\/api.w.org\/{rel}","templated":true}]}}