{"id":74793,"date":"2025-04-12T18:38:39","date_gmt":"2025-04-12T21:38:39","guid":{"rendered":"https:\/\/blogopara.com.br\/?p=74793"},"modified":"2025-04-12T18:38:39","modified_gmt":"2025-04-12T21:38:39","slug":"prefeitura-de-senhor-do-bonfim-recebe-novo-onibus-escolar-para-reforcar-transporte-de-estudantes-da-rede-municipal","status":"publish","type":"post","link":"https:\/\/blogopara.com.br\/index.php\/2025\/04\/12\/prefeitura-de-senhor-do-bonfim-recebe-novo-onibus-escolar-para-reforcar-transporte-de-estudantes-da-rede-municipal","title":{"rendered":"Prefeitura de Senhor do Bonfim recebe novo \u00f4nibus escolar para refor\u00e7ar transporte de estudantes da rede municipal"},"content":{"rendered":"<p class=\"x_MsoNormal\">Nesta sexta-feira (11), a Prefeitura de Senhor do Bonfim recebeu oficialmente um novo \u00f4nibus escolar, com capacidade para 45 passageiros. A entrega aconteceu na Escola Municipal Perp\u00e9tuo Socorro, com a presen\u00e7a do prefeito La\u00e9rcio J\u00fanior, do deputado estadual J\u00fanior Nascimento, autor da emenda parlamentar junto a Secretaria de Educa\u00e7\u00e3o do Estado da Bahia que viabilizou o ve\u00edculo, al\u00e9m da secret\u00e1ria municipal de Educa\u00e7\u00e3o, pais de alunos, estudantes e membros da comunidade.<\/p>\n<p class=\"x_MsoNormal\">O prefeito La\u00e9rcio J\u00fanior comemorou a conquista. \u201c\u00c9 mais um avan\u00e7o para a educa\u00e7\u00e3o do nosso munic\u00edpio. Esse \u00f4nibus representa mais conforto, seguran\u00e7a e respeito aos nossos alunos e suas fam\u00edlias. Agradecemos a parceria e o compromisso com Bonfim.\u201d<\/p>\n<p class=\"x_MsoNormal\">\u201cO transporte escolar \u00e9 essencial para garantir o acesso \u00e0 educa\u00e7\u00e3o, principalmente em cidades do interior. Estou muito feliz em poder contribuir com Senhor do Bonfim e ver que essa emenda est\u00e1 sendo transformada em benef\u00edcio direto para os estudantes,\u201d destacou o deputado J\u00fanior Nascimento.<\/p>\n<p class=\"x_MsoNormal\">\n<p class=\"x_MsoNormal\">Texto: Ascom PMSB<\/p>\n","protected":false},"excerpt":{"rendered":"<p>Nesta sexta-feira (11), a Prefeitura de Senhor do Bonfim recebeu oficialmente um novo \u00f4nibus escolar, com capacidade para 45 passageiros. A entrega aconteceu na Escola Municipal Perp\u00e9tuo Socorro, com a presen\u00e7a do prefeito La\u00e9rcio J\u00fanior, do deputado estadual J\u00fanior Nascimento, autor da emenda parlamentar junto a Secretaria de Educa\u00e7\u00e3o do Estado da Bahia que viabilizou [&hellip;]<\/p>\n","protected":false},"author":1,"featured_media":74795,"comment_status":"open","ping_status":"open","sticky":false,"template":"","format":"standard","meta":{"_uag_custom_page_level_css":"","_monsterinsights_skip_tracking":false,"_monsterinsights_sitenote_active":false,"_monsterinsights_sitenote_note":"","_monsterinsights_sitenote_category":0,"jetpack_post_was_ever_published":false,"_jetpack_newsletter_access":"","_jetpack_dont_email_post_to_subs":false,"_jetpack_newsletter_tier_id":0,"_jetpack_memberships_contains_paywalled_content":false,"_jetpack_memberships_contains_paid_content":false,"footnotes":"","jetpack_publicize_message":"","jetpack_publicize_feature_enabled":true,"jetpack_social_post_already_shared":true,"jetpack_social_options":{"image_generator_settings":{"template":"highway","default_image_id":0,"font":"","enabled":false},"version":2}},"categories":[197],"tags":[],"class_list":["post-74793","post","type-post","status-publish","format-standard","has-post-thumbnail","hentry","category-politica"],"jetpack_publicize_connections":[],"jetpack_featured_media_url":"https:\/\/blogopara.com.br\/wp-content\/uploads\/2025\/04\/thumbnail_WhatsApp-Image-2025-04-12-at-10.05.32-2.jpg","uagb_featured_image_src":{"full":["https:\/\/blogopara.com.br\/wp-content\/uploads\/2025\/04\/thumbnail_WhatsApp-Image-2025-04-12-at-10.05.32-2.jpg",500,333,false],"thumbnail":["https:\/\/blogopara.com.br\/wp-content\/uploads\/2025\/04\/thumbnail_WhatsApp-Image-2025-04-12-at-10.05.32-2-150x150.jpg",150,150,true],"medium":["https:\/\/blogopara.com.br\/wp-content\/uploads\/2025\/04\/thumbnail_WhatsApp-Image-2025-04-12-at-10.05.32-2-300x200.jpg",300,200,true],"medium_large":["https:\/\/blogopara.com.br\/wp-content\/uploads\/2025\/04\/thumbnail_WhatsApp-Image-2025-04-12-at-10.05.32-2.jpg",500,333,false],"large":["https:\/\/blogopara.com.br\/wp-content\/uploads\/2025\/04\/thumbnail_WhatsApp-Image-2025-04-12-at-10.05.32-2.jpg",500,333,false],"1536x1536":["https:\/\/blogopara.com.br\/wp-content\/uploads\/2025\/04\/thumbnail_WhatsApp-Image-2025-04-12-at-10.05.32-2.jpg",500,333,false],"2048x2048":["https:\/\/blogopara.com.br\/wp-content\/uploads\/2025\/04\/thumbnail_WhatsApp-Image-2025-04-12-at-10.05.32-2.jpg",500,333,false],"mantranews-slider-large":["https:\/\/blogopara.com.br\/wp-content\/uploads\/2025\/04\/thumbnail_WhatsApp-Image-2025-04-12-at-10.05.32-2.jpg",500,333,false],"mantranews-featured-medium":["https:\/\/blogopara.com.br\/wp-content\/uploads\/2025\/04\/thumbnail_WhatsApp-Image-2025-04-12-at-10.05.32-2-420x307.jpg",420,307,true],"mantranews-featured-long":["https:\/\/blogopara.com.br\/wp-content\/uploads\/2025\/04\/thumbnail_WhatsApp-Image-2025-04-12-at-10.05.32-2-300x333.jpg",300,333,true],"mantranews-block-medium":["https:\/\/blogopara.com.br\/wp-content\/uploads\/2025\/04\/thumbnail_WhatsApp-Image-2025-04-12-at-10.05.32-2-464x290.jpg",464,290,true],"mantranews-carousel-image":["https:\/\/blogopara.com.br\/wp-content\/uploads\/2025\/04\/thumbnail_WhatsApp-Image-2025-04-12-at-10.05.32-2.jpg",500,333,false],"mantranews-block-thumb":["https:\/\/blogopara.com.br\/wp-content\/uploads\/2025\/04\/thumbnail_WhatsApp-Image-2025-04-12-at-10.05.32-2-322x230.jpg",322,230,true],"mantranews-single-large":["https:\/\/blogopara.com.br\/wp-content\/uploads\/2025\/04\/thumbnail_WhatsApp-Image-2025-04-12-at-10.05.32-2.jpg",500,333,false]},"uagb_author_info":{"display_name":"Reda\u00e7\u00e3o geral","author_link":"https:\/\/blogopara.com.br\/index.php\/author\/blogopara"},"uagb_comment_info":0,"uagb_excerpt":"Nesta sexta-feira (11), a Prefeitura de Senhor do Bonfim recebeu oficialmente um novo \u00f4nibus escolar, com capacidade para 45 passageiros. A entrega aconteceu na Escola Municipal Perp\u00e9tuo Socorro, com a presen\u00e7a do prefeito La\u00e9rcio J\u00fanior, do deputado estadual J\u00fanior Nascimento, autor da emenda parlamentar junto a Secretaria de Educa\u00e7\u00e3o do Estado da Bahia que viabilizou&hellip;","jetpack_sharing_enabled":true,"jetpack_likes_enabled":true,"_links":{"self":[{"href":"https:\/\/blogopara.com.br\/index.php\/wp-json\/wp\/v2\/posts\/74793","targetHints":{"allow":["GET"]}}],"collection":[{"href":"https:\/\/blogopara.com.br\/index.php\/wp-json\/wp\/v2\/posts"}],"about":[{"href":"https:\/\/blogopara.com.br\/index.php\/wp-json\/wp\/v2\/types\/post"}],"author":[{"embeddable":true,"href":"https:\/\/blogopara.com.br\/index.php\/wp-json\/wp\/v2\/users\/1"}],"replies":[{"embeddable":true,"href":"https:\/\/blogopara.com.br\/index.php\/wp-json\/wp\/v2\/comments?post=74793"}],"version-history":[{"count":1,"href":"https:\/\/blogopara.com.br\/index.php\/wp-json\/wp\/v2\/posts\/74793\/revisions"}],"predecessor-version":[{"id":74796,"href":"https:\/\/blogopara.com.br\/index.php\/wp-json\/wp\/v2\/posts\/74793\/revisions\/74796"}],"wp:featuredmedia":[{"embeddable":true,"href":"https:\/\/blogopara.com.br\/index.php\/wp-json\/wp\/v2\/media\/74795"}],"wp:attachment":[{"href":"https:\/\/blogopara.com.br\/index.php\/wp-json\/wp\/v2\/media?parent=74793"}],"wp:term":[{"taxonomy":"category","embeddable":true,"href":"https:\/\/blogopara.com.br\/index.php\/wp-json\/wp\/v2\/categories?post=74793"},{"taxonomy":"post_tag","embeddable":true,"href":"https:\/\/blogopara.com.br\/index.php\/wp-json\/wp\/v2\/tags?post=74793"}],"curies":[{"name":"wp","href":"https:\/\/api.w.org\/{rel}","templated":true}]}}