{"id":74949,"date":"2025-04-16T20:12:05","date_gmt":"2025-04-16T23:12:05","guid":{"rendered":"https:\/\/blogopara.com.br\/?p=74949"},"modified":"2025-04-16T20:12:05","modified_gmt":"2025-04-16T23:12:05","slug":"prefeitura-de-casa-nova-abre-inscricoes-para-curso-presencial-de-libras-com-60-vagas-disponiveis","status":"publish","type":"post","link":"https:\/\/blogopara.com.br\/index.php\/2025\/04\/16\/prefeitura-de-casa-nova-abre-inscricoes-para-curso-presencial-de-libras-com-60-vagas-disponiveis","title":{"rendered":"Prefeitura de Casa Nova abre inscri\u00e7\u00f5es para curso presencial de Libras com 60 vagas dispon\u00edveis"},"content":{"rendered":"<p class=\"x_MsoNormal\">A Prefeitura de Casa Nova, por meio da Secretaria Municipal de Educa\u00e7\u00e3o, est\u00e1 com inscri\u00e7\u00f5es abertas para o curso presencial de L\u00edngua Brasileira de Sinais (Libras), que contar\u00e1 com carga hor\u00e1ria total de 60 horas. A iniciativa visa ampliar a inclus\u00e3o e fortalecer a comunica\u00e7\u00e3o com a comunidade surda no ambiente escolar e familiar.<\/p>\n<p class=\"x_MsoNormal\">Ao todo, est\u00e3o sendo ofertadas 60 vagas. As inscri\u00e7\u00f5es seguem at\u00e9 o dia 30 de abril e devem ser realizadas presencialmente na Escola Joias de Cristo, das 13h \u00e0s 17h. O curso \u00e9 voltado para pessoas surdas com defici\u00eancia auditiva, professores da rede municipal que atuam diretamente com estudantes surdos, profissionais da educa\u00e7\u00e3o inclusiva e familiares de alunos surdos ou com defici\u00eancia auditiva.<\/p>\n<p class=\"x_MsoNormal\">O secret\u00e1rio de Educa\u00e7\u00e3o, Daniel Ribeiro, destaca a import\u00e2ncia da forma\u00e7\u00e3o. \u201cEsse curso \u00e9 um passo fundamental para promovermos uma educa\u00e7\u00e3o verdadeiramente inclusiva e fortalecer os v\u00ednculos entre escola, fam\u00edlia e alunos surdos\u201d, disse.<\/p>\n<p class=\"x_MsoNormal\">\n<p class=\"x_MsoNormal\">Texto: Ascom PMCN<\/p>\n","protected":false},"excerpt":{"rendered":"<p>A Prefeitura de Casa Nova, por meio da Secretaria Municipal de Educa\u00e7\u00e3o, est\u00e1 com inscri\u00e7\u00f5es abertas para o curso presencial de L\u00edngua Brasileira de Sinais (Libras), que contar\u00e1 com carga hor\u00e1ria total de 60 horas. A iniciativa visa ampliar a inclus\u00e3o e fortalecer a comunica\u00e7\u00e3o com a comunidade surda no ambiente escolar e familiar. Ao [&hellip;]<\/p>\n","protected":false},"author":1,"featured_media":74951,"comment_status":"open","ping_status":"open","sticky":false,"template":"","format":"standard","meta":{"_uag_custom_page_level_css":"","_monsterinsights_skip_tracking":false,"_monsterinsights_sitenote_active":false,"_monsterinsights_sitenote_note":"","_monsterinsights_sitenote_category":0,"jetpack_post_was_ever_published":false,"_jetpack_newsletter_access":"","_jetpack_dont_email_post_to_subs":false,"_jetpack_newsletter_tier_id":0,"_jetpack_memberships_contains_paywalled_content":false,"_jetpack_memberships_contains_paid_content":false,"footnotes":"","jetpack_publicize_message":"","jetpack_publicize_feature_enabled":true,"jetpack_social_post_already_shared":true,"jetpack_social_options":{"image_generator_settings":{"template":"highway","default_image_id":0,"font":"","enabled":false},"version":2}},"categories":[209,197],"tags":[],"class_list":["post-74949","post","type-post","status-publish","format-standard","has-post-thumbnail","hentry","category-educacao","category-politica"],"jetpack_publicize_connections":[],"jetpack_featured_media_url":"https:\/\/blogopara.com.br\/wp-content\/uploads\/2025\/04\/WhatsApp-Image-2025-04-16-at-14.13.08.jpeg","uagb_featured_image_src":{"full":["https:\/\/blogopara.com.br\/wp-content\/uploads\/2025\/04\/WhatsApp-Image-2025-04-16-at-14.13.08.jpeg",500,503,false],"thumbnail":["https:\/\/blogopara.com.br\/wp-content\/uploads\/2025\/04\/WhatsApp-Image-2025-04-16-at-14.13.08-150x150.jpeg",150,150,true],"medium":["https:\/\/blogopara.com.br\/wp-content\/uploads\/2025\/04\/WhatsApp-Image-2025-04-16-at-14.13.08-298x300.jpeg",298,300,true],"medium_large":["https:\/\/blogopara.com.br\/wp-content\/uploads\/2025\/04\/WhatsApp-Image-2025-04-16-at-14.13.08.jpeg",500,503,false],"large":["https:\/\/blogopara.com.br\/wp-content\/uploads\/2025\/04\/WhatsApp-Image-2025-04-16-at-14.13.08.jpeg",500,503,false],"1536x1536":["https:\/\/blogopara.com.br\/wp-content\/uploads\/2025\/04\/WhatsApp-Image-2025-04-16-at-14.13.08.jpeg",500,503,false],"2048x2048":["https:\/\/blogopara.com.br\/wp-content\/uploads\/2025\/04\/WhatsApp-Image-2025-04-16-at-14.13.08.jpeg",500,503,false],"mantranews-slider-large":["https:\/\/blogopara.com.br\/wp-content\/uploads\/2025\/04\/WhatsApp-Image-2025-04-16-at-14.13.08.jpeg",500,503,false],"mantranews-featured-medium":["https:\/\/blogopara.com.br\/wp-content\/uploads\/2025\/04\/WhatsApp-Image-2025-04-16-at-14.13.08-420x307.jpeg",420,307,true],"mantranews-featured-long":["https:\/\/blogopara.com.br\/wp-content\/uploads\/2025\/04\/WhatsApp-Image-2025-04-16-at-14.13.08-300x443.jpeg",300,443,true],"mantranews-block-medium":["https:\/\/blogopara.com.br\/wp-content\/uploads\/2025\/04\/WhatsApp-Image-2025-04-16-at-14.13.08-464x290.jpeg",464,290,true],"mantranews-carousel-image":["https:\/\/blogopara.com.br\/wp-content\/uploads\/2025\/04\/WhatsApp-Image-2025-04-16-at-14.13.08-500x500.jpeg",500,500,true],"mantranews-block-thumb":["https:\/\/blogopara.com.br\/wp-content\/uploads\/2025\/04\/WhatsApp-Image-2025-04-16-at-14.13.08-322x230.jpeg",322,230,true],"mantranews-single-large":["https:\/\/blogopara.com.br\/wp-content\/uploads\/2025\/04\/WhatsApp-Image-2025-04-16-at-14.13.08.jpeg",500,503,false]},"uagb_author_info":{"display_name":"Reda\u00e7\u00e3o geral","author_link":"https:\/\/blogopara.com.br\/index.php\/author\/blogopara"},"uagb_comment_info":0,"uagb_excerpt":"A Prefeitura de Casa Nova, por meio da Secretaria Municipal de Educa\u00e7\u00e3o, est\u00e1 com inscri\u00e7\u00f5es abertas para o curso presencial de L\u00edngua Brasileira de Sinais (Libras), que contar\u00e1 com carga hor\u00e1ria total de 60 horas. A iniciativa visa ampliar a inclus\u00e3o e fortalecer a comunica\u00e7\u00e3o com a comunidade surda no ambiente escolar e familiar. Ao&hellip;","jetpack_sharing_enabled":true,"jetpack_likes_enabled":true,"_links":{"self":[{"href":"https:\/\/blogopara.com.br\/index.php\/wp-json\/wp\/v2\/posts\/74949","targetHints":{"allow":["GET"]}}],"collection":[{"href":"https:\/\/blogopara.com.br\/index.php\/wp-json\/wp\/v2\/posts"}],"about":[{"href":"https:\/\/blogopara.com.br\/index.php\/wp-json\/wp\/v2\/types\/post"}],"author":[{"embeddable":true,"href":"https:\/\/blogopara.com.br\/index.php\/wp-json\/wp\/v2\/users\/1"}],"replies":[{"embeddable":true,"href":"https:\/\/blogopara.com.br\/index.php\/wp-json\/wp\/v2\/comments?post=74949"}],"version-history":[{"count":1,"href":"https:\/\/blogopara.com.br\/index.php\/wp-json\/wp\/v2\/posts\/74949\/revisions"}],"predecessor-version":[{"id":74952,"href":"https:\/\/blogopara.com.br\/index.php\/wp-json\/wp\/v2\/posts\/74949\/revisions\/74952"}],"wp:featuredmedia":[{"embeddable":true,"href":"https:\/\/blogopara.com.br\/index.php\/wp-json\/wp\/v2\/media\/74951"}],"wp:attachment":[{"href":"https:\/\/blogopara.com.br\/index.php\/wp-json\/wp\/v2\/media?parent=74949"}],"wp:term":[{"taxonomy":"category","embeddable":true,"href":"https:\/\/blogopara.com.br\/index.php\/wp-json\/wp\/v2\/categories?post=74949"},{"taxonomy":"post_tag","embeddable":true,"href":"https:\/\/blogopara.com.br\/index.php\/wp-json\/wp\/v2\/tags?post=74949"}],"curies":[{"name":"wp","href":"https:\/\/api.w.org\/{rel}","templated":true}]}}