{"id":74950,"date":"2025-04-16T20:55:21","date_gmt":"2025-04-16T23:55:21","guid":{"rendered":"https:\/\/blogopara.com.br\/?p=74950"},"modified":"2025-04-16T20:55:21","modified_gmt":"2025-04-16T23:55:21","slug":"prefeitura-de-casa-nova-inicia-vacinacao-contra-a-influenza-no-dia-22-de-abril-vacinas-de-rotina-seguem-sendo-aplicadas-em-todas-as-unidades-de-saude","status":"publish","type":"post","link":"https:\/\/blogopara.com.br\/index.php\/2025\/04\/16\/prefeitura-de-casa-nova-inicia-vacinacao-contra-a-influenza-no-dia-22-de-abril-vacinas-de-rotina-seguem-sendo-aplicadas-em-todas-as-unidades-de-saude","title":{"rendered":"Prefeitura de Casa Nova inicia vacina\u00e7\u00e3o contra a Influenza no dia 22 de abril; vacinas de rotina seguem sendo aplicadas em todas as unidades de sa\u00fade"},"content":{"rendered":"<p class=\"x_MsoNormal\">A Prefeitura de Casa Nova, por meio da Secretaria Municipal de Sa\u00fade, dar\u00e1 in\u00edcio \u00e0 vacina\u00e7\u00e3o contra a Influenza na pr\u00f3xima ter\u00e7a-feira (22), em todas as Unidades B\u00e1sicas de Sa\u00fade (UBSs) do munic\u00edpio \u2014 tanto na sede quanto nas comunidades do interior. Enquanto a campanha oficial ainda n\u00e3o come\u00e7a, as vacinas de rotina seguem sendo aplicadas normalmente em todas as unidades de sa\u00fade.<\/p>\n<p class=\"x_MsoNormal\">\u201cJ\u00e1 estamos vacinando em todas as unidades, inclusive nas comunidades do interior. E a partir do dia 22, vamos dar o play oficial na nossa campanha de vacina\u00e7\u00e3o contra a Influenza\u201d, afirmou a secret\u00e1ria de Sa\u00fade, Rosania Rabelo.<\/p>\n<p class=\"x_MsoNormal\">A vacina contra a Influenza \u00e9 essencial para prevenir complica\u00e7\u00f5es causadas pelo v\u00edrus, especialmente entre os grupos mais vulner\u00e1veis, como crian\u00e7as, idosos, gestantes e pessoas com comorbidades.<\/p>\n<p class=\"x_MsoNormal\">\n<p class=\"x_MsoNormal\">Texto: Ascom PMCN<\/p>\n","protected":false},"excerpt":{"rendered":"<p>A Prefeitura de Casa Nova, por meio da Secretaria Municipal de Sa\u00fade, dar\u00e1 in\u00edcio \u00e0 vacina\u00e7\u00e3o contra a Influenza na pr\u00f3xima ter\u00e7a-feira (22), em todas as Unidades B\u00e1sicas de Sa\u00fade (UBSs) do munic\u00edpio \u2014 tanto na sede quanto nas comunidades do interior. Enquanto a campanha oficial ainda n\u00e3o come\u00e7a, as vacinas de rotina seguem sendo [&hellip;]<\/p>\n","protected":false},"author":1,"featured_media":61244,"comment_status":"open","ping_status":"open","sticky":false,"template":"","format":"standard","meta":{"_uag_custom_page_level_css":"","_monsterinsights_skip_tracking":false,"_monsterinsights_sitenote_active":false,"_monsterinsights_sitenote_note":"","_monsterinsights_sitenote_category":0,"jetpack_post_was_ever_published":false,"_jetpack_newsletter_access":"","_jetpack_dont_email_post_to_subs":false,"_jetpack_newsletter_tier_id":0,"_jetpack_memberships_contains_paywalled_content":false,"_jetpack_memberships_contains_paid_content":false,"footnotes":"","jetpack_publicize_message":"","jetpack_publicize_feature_enabled":true,"jetpack_social_post_already_shared":true,"jetpack_social_options":{"image_generator_settings":{"template":"highway","default_image_id":0,"font":"","enabled":false},"version":2}},"categories":[197,205],"tags":[],"class_list":["post-74950","post","type-post","status-publish","format-standard","has-post-thumbnail","hentry","category-politica","category-saude"],"jetpack_publicize_connections":[],"jetpack_featured_media_url":"https:\/\/blogopara.com.br\/wp-content\/uploads\/2024\/01\/Sala-de-Vacinas-Farmacia-1.jpg","uagb_featured_image_src":{"full":["https:\/\/blogopara.com.br\/wp-content\/uploads\/2024\/01\/Sala-de-Vacinas-Farmacia-1.jpg",500,333,false],"thumbnail":["https:\/\/blogopara.com.br\/wp-content\/uploads\/2024\/01\/Sala-de-Vacinas-Farmacia-1-150x150.jpg",150,150,true],"medium":["https:\/\/blogopara.com.br\/wp-content\/uploads\/2024\/01\/Sala-de-Vacinas-Farmacia-1-300x200.jpg",300,200,true],"medium_large":["https:\/\/blogopara.com.br\/wp-content\/uploads\/2024\/01\/Sala-de-Vacinas-Farmacia-1.jpg",500,333,false],"large":["https:\/\/blogopara.com.br\/wp-content\/uploads\/2024\/01\/Sala-de-Vacinas-Farmacia-1.jpg",500,333,false],"1536x1536":["https:\/\/blogopara.com.br\/wp-content\/uploads\/2024\/01\/Sala-de-Vacinas-Farmacia-1.jpg",500,333,false],"2048x2048":["https:\/\/blogopara.com.br\/wp-content\/uploads\/2024\/01\/Sala-de-Vacinas-Farmacia-1.jpg",500,333,false],"mantranews-slider-large":["https:\/\/blogopara.com.br\/wp-content\/uploads\/2024\/01\/Sala-de-Vacinas-Farmacia-1.jpg",500,333,false],"mantranews-featured-medium":["https:\/\/blogopara.com.br\/wp-content\/uploads\/2024\/01\/Sala-de-Vacinas-Farmacia-1-420x307.jpg",420,307,true],"mantranews-featured-long":["https:\/\/blogopara.com.br\/wp-content\/uploads\/2024\/01\/Sala-de-Vacinas-Farmacia-1-300x333.jpg",300,333,true],"mantranews-block-medium":["https:\/\/blogopara.com.br\/wp-content\/uploads\/2024\/01\/Sala-de-Vacinas-Farmacia-1-464x290.jpg",464,290,true],"mantranews-carousel-image":["https:\/\/blogopara.com.br\/wp-content\/uploads\/2024\/01\/Sala-de-Vacinas-Farmacia-1.jpg",500,333,false],"mantranews-block-thumb":["https:\/\/blogopara.com.br\/wp-content\/uploads\/2024\/01\/Sala-de-Vacinas-Farmacia-1-322x230.jpg",322,230,true],"mantranews-single-large":["https:\/\/blogopara.com.br\/wp-content\/uploads\/2024\/01\/Sala-de-Vacinas-Farmacia-1.jpg",500,333,false]},"uagb_author_info":{"display_name":"Reda\u00e7\u00e3o geral","author_link":"https:\/\/blogopara.com.br\/index.php\/author\/blogopara"},"uagb_comment_info":0,"uagb_excerpt":"A Prefeitura de Casa Nova, por meio da Secretaria Municipal de Sa\u00fade, dar\u00e1 in\u00edcio \u00e0 vacina\u00e7\u00e3o contra a Influenza na pr\u00f3xima ter\u00e7a-feira (22), em todas as Unidades B\u00e1sicas de Sa\u00fade (UBSs) do munic\u00edpio \u2014 tanto na sede quanto nas comunidades do interior. Enquanto a campanha oficial ainda n\u00e3o come\u00e7a, as vacinas de rotina seguem sendo&hellip;","jetpack_sharing_enabled":true,"jetpack_likes_enabled":true,"_links":{"self":[{"href":"https:\/\/blogopara.com.br\/index.php\/wp-json\/wp\/v2\/posts\/74950","targetHints":{"allow":["GET"]}}],"collection":[{"href":"https:\/\/blogopara.com.br\/index.php\/wp-json\/wp\/v2\/posts"}],"about":[{"href":"https:\/\/blogopara.com.br\/index.php\/wp-json\/wp\/v2\/types\/post"}],"author":[{"embeddable":true,"href":"https:\/\/blogopara.com.br\/index.php\/wp-json\/wp\/v2\/users\/1"}],"replies":[{"embeddable":true,"href":"https:\/\/blogopara.com.br\/index.php\/wp-json\/wp\/v2\/comments?post=74950"}],"version-history":[{"count":1,"href":"https:\/\/blogopara.com.br\/index.php\/wp-json\/wp\/v2\/posts\/74950\/revisions"}],"predecessor-version":[{"id":74958,"href":"https:\/\/blogopara.com.br\/index.php\/wp-json\/wp\/v2\/posts\/74950\/revisions\/74958"}],"wp:featuredmedia":[{"embeddable":true,"href":"https:\/\/blogopara.com.br\/index.php\/wp-json\/wp\/v2\/media\/61244"}],"wp:attachment":[{"href":"https:\/\/blogopara.com.br\/index.php\/wp-json\/wp\/v2\/media?parent=74950"}],"wp:term":[{"taxonomy":"category","embeddable":true,"href":"https:\/\/blogopara.com.br\/index.php\/wp-json\/wp\/v2\/categories?post=74950"},{"taxonomy":"post_tag","embeddable":true,"href":"https:\/\/blogopara.com.br\/index.php\/wp-json\/wp\/v2\/tags?post=74950"}],"curies":[{"name":"wp","href":"https:\/\/api.w.org\/{rel}","templated":true}]}}