{"id":74978,"date":"2025-04-17T09:37:04","date_gmt":"2025-04-17T12:37:04","guid":{"rendered":"https:\/\/blogopara.com.br\/?p=74978"},"modified":"2025-04-17T09:37:04","modified_gmt":"2025-04-17T12:37:04","slug":"distribuicao-de-peixes-beneficia-3-mil-familias-em-senhor-do-bonfim-nesta-semana-santa","status":"publish","type":"post","link":"https:\/\/blogopara.com.br\/index.php\/2025\/04\/17\/distribuicao-de-peixes-beneficia-3-mil-familias-em-senhor-do-bonfim-nesta-semana-santa","title":{"rendered":"Distribui\u00e7\u00e3o de peixes beneficia 3 mil fam\u00edlias em Senhor do Bonfim nesta Semana Santa"},"content":{"rendered":"<p class=\"x_MsoNormal\">\u201cFiquei muito feliz, porque \u00e9 a primeira vez que recebo o peixe aqui mesmo na nossa comunidade. Antes, a gente precisava sair, pegar transporte, era mais dif\u00edcil. Agora ficou mais f\u00e1cil e organizado.\u201d A fala \u00e9 de dona Joana de Oliveira, moradora da comunidade de Barroca do Faleiro, uma das 3 mil contempladas pela Prefeitura de Senhor do Bonfim com a tradicional distribui\u00e7\u00e3o de peixes na Semana Santa.<\/p>\n<p class=\"x_MsoNormal\">Realizada nos dias 14 e 15 de abril, a a\u00e7\u00e3o promovida por meio do programa Assist\u00eancia Alimentar, vinculado \u00e0 Secretaria Municipal de Assist\u00eancia Social, garantiu a entrega de 3 mil quilos de peixe a fam\u00edlias em situa\u00e7\u00e3o de vulnerabilidade social, da sede e interior. Em algumas localidades, tamb\u00e9m foram entregues kits de alimentos complementares, fortalecendo o compromisso da gest\u00e3o com a popula\u00e7\u00e3o.<\/p>\n<p class=\"x_MsoNormal\">O Prefeito La\u00e9rcio J\u00fanior comemorou o resultado positivo da a\u00e7\u00e3o e destacou a import\u00e2ncia da log\u00edstica aprimorada nesta edi\u00e7\u00e3o: \u201cGarantir a entrega do peixe da Semana Santa diretamente nas comunidades foi um avan\u00e7o importante. Nosso objetivo \u00e9 cuidar de quem mais precisa e fazer isso com efici\u00eancia e respeito. Essa \u00e9 uma a\u00e7\u00e3o que realizamos pelo quinto ano seguido, e que al\u00e9m de preservar a tradi\u00e7\u00e3o, promove dignidade e inclus\u00e3o social.\u201d<\/p>\n<p class=\"x_MsoNormal\"><b>Entrega otimizada<\/b><\/p>\n<p class=\"x_MsoNormal\">A entrega aconteceu tanto na sede quanto nos distritos e povoados do munic\u00edpio, com pontos de distribui\u00e7\u00e3o mais pr\u00f3ximos das comunidades, facilitando o acesso das fam\u00edlias.<\/p>\n<p class=\"x_MsoNormal\">\nTexto: Ascom PMSB<\/p>\n","protected":false},"excerpt":{"rendered":"<p>\u201cFiquei muito feliz, porque \u00e9 a primeira vez que recebo o peixe aqui mesmo na nossa comunidade. Antes, a gente precisava sair, pegar transporte, era mais dif\u00edcil. Agora ficou mais f\u00e1cil e organizado.\u201d A fala \u00e9 de dona Joana de Oliveira, moradora da comunidade de Barroca do Faleiro, uma das 3 mil contempladas pela Prefeitura [&hellip;]<\/p>\n","protected":false},"author":1,"featured_media":74979,"comment_status":"open","ping_status":"open","sticky":false,"template":"","format":"standard","meta":{"_uag_custom_page_level_css":"","_monsterinsights_skip_tracking":false,"_monsterinsights_sitenote_active":false,"_monsterinsights_sitenote_note":"","_monsterinsights_sitenote_category":0,"jetpack_post_was_ever_published":false,"_jetpack_newsletter_access":"","_jetpack_dont_email_post_to_subs":false,"_jetpack_newsletter_tier_id":0,"_jetpack_memberships_contains_paywalled_content":false,"_jetpack_memberships_contains_paid_content":false,"footnotes":"","jetpack_publicize_message":"","jetpack_publicize_feature_enabled":true,"jetpack_social_post_already_shared":true,"jetpack_social_options":{"image_generator_settings":{"template":"highway","default_image_id":0,"font":"","enabled":false},"version":2}},"categories":[204],"tags":[],"class_list":["post-74978","post","type-post","status-publish","format-standard","has-post-thumbnail","hentry","category-social"],"jetpack_publicize_connections":[],"jetpack_featured_media_url":"https:\/\/blogopara.com.br\/wp-content\/uploads\/2025\/04\/thumbnail_54452429919_5d110cb9c3_k.jpg","uagb_featured_image_src":{"full":["https:\/\/blogopara.com.br\/wp-content\/uploads\/2025\/04\/thumbnail_54452429919_5d110cb9c3_k.jpg",500,333,false],"thumbnail":["https:\/\/blogopara.com.br\/wp-content\/uploads\/2025\/04\/thumbnail_54452429919_5d110cb9c3_k-150x150.jpg",150,150,true],"medium":["https:\/\/blogopara.com.br\/wp-content\/uploads\/2025\/04\/thumbnail_54452429919_5d110cb9c3_k-300x200.jpg",300,200,true],"medium_large":["https:\/\/blogopara.com.br\/wp-content\/uploads\/2025\/04\/thumbnail_54452429919_5d110cb9c3_k.jpg",500,333,false],"large":["https:\/\/blogopara.com.br\/wp-content\/uploads\/2025\/04\/thumbnail_54452429919_5d110cb9c3_k.jpg",500,333,false],"1536x1536":["https:\/\/blogopara.com.br\/wp-content\/uploads\/2025\/04\/thumbnail_54452429919_5d110cb9c3_k.jpg",500,333,false],"2048x2048":["https:\/\/blogopara.com.br\/wp-content\/uploads\/2025\/04\/thumbnail_54452429919_5d110cb9c3_k.jpg",500,333,false],"mantranews-slider-large":["https:\/\/blogopara.com.br\/wp-content\/uploads\/2025\/04\/thumbnail_54452429919_5d110cb9c3_k.jpg",500,333,false],"mantranews-featured-medium":["https:\/\/blogopara.com.br\/wp-content\/uploads\/2025\/04\/thumbnail_54452429919_5d110cb9c3_k-420x307.jpg",420,307,true],"mantranews-featured-long":["https:\/\/blogopara.com.br\/wp-content\/uploads\/2025\/04\/thumbnail_54452429919_5d110cb9c3_k-300x333.jpg",300,333,true],"mantranews-block-medium":["https:\/\/blogopara.com.br\/wp-content\/uploads\/2025\/04\/thumbnail_54452429919_5d110cb9c3_k-464x290.jpg",464,290,true],"mantranews-carousel-image":["https:\/\/blogopara.com.br\/wp-content\/uploads\/2025\/04\/thumbnail_54452429919_5d110cb9c3_k.jpg",500,333,false],"mantranews-block-thumb":["https:\/\/blogopara.com.br\/wp-content\/uploads\/2025\/04\/thumbnail_54452429919_5d110cb9c3_k-322x230.jpg",322,230,true],"mantranews-single-large":["https:\/\/blogopara.com.br\/wp-content\/uploads\/2025\/04\/thumbnail_54452429919_5d110cb9c3_k.jpg",500,333,false]},"uagb_author_info":{"display_name":"Reda\u00e7\u00e3o geral","author_link":"https:\/\/blogopara.com.br\/index.php\/author\/blogopara"},"uagb_comment_info":0,"uagb_excerpt":"\u201cFiquei muito feliz, porque \u00e9 a primeira vez que recebo o peixe aqui mesmo na nossa comunidade. Antes, a gente precisava sair, pegar transporte, era mais dif\u00edcil. Agora ficou mais f\u00e1cil e organizado.\u201d A fala \u00e9 de dona Joana de Oliveira, moradora da comunidade de Barroca do Faleiro, uma das 3 mil contempladas pela Prefeitura&hellip;","jetpack_sharing_enabled":true,"jetpack_likes_enabled":true,"_links":{"self":[{"href":"https:\/\/blogopara.com.br\/index.php\/wp-json\/wp\/v2\/posts\/74978","targetHints":{"allow":["GET"]}}],"collection":[{"href":"https:\/\/blogopara.com.br\/index.php\/wp-json\/wp\/v2\/posts"}],"about":[{"href":"https:\/\/blogopara.com.br\/index.php\/wp-json\/wp\/v2\/types\/post"}],"author":[{"embeddable":true,"href":"https:\/\/blogopara.com.br\/index.php\/wp-json\/wp\/v2\/users\/1"}],"replies":[{"embeddable":true,"href":"https:\/\/blogopara.com.br\/index.php\/wp-json\/wp\/v2\/comments?post=74978"}],"version-history":[{"count":1,"href":"https:\/\/blogopara.com.br\/index.php\/wp-json\/wp\/v2\/posts\/74978\/revisions"}],"predecessor-version":[{"id":74980,"href":"https:\/\/blogopara.com.br\/index.php\/wp-json\/wp\/v2\/posts\/74978\/revisions\/74980"}],"wp:featuredmedia":[{"embeddable":true,"href":"https:\/\/blogopara.com.br\/index.php\/wp-json\/wp\/v2\/media\/74979"}],"wp:attachment":[{"href":"https:\/\/blogopara.com.br\/index.php\/wp-json\/wp\/v2\/media?parent=74978"}],"wp:term":[{"taxonomy":"category","embeddable":true,"href":"https:\/\/blogopara.com.br\/index.php\/wp-json\/wp\/v2\/categories?post=74978"},{"taxonomy":"post_tag","embeddable":true,"href":"https:\/\/blogopara.com.br\/index.php\/wp-json\/wp\/v2\/tags?post=74978"}],"curies":[{"name":"wp","href":"https:\/\/api.w.org\/{rel}","templated":true}]}}