{"id":74981,"date":"2025-04-17T09:39:47","date_gmt":"2025-04-17T12:39:47","guid":{"rendered":"https:\/\/blogopara.com.br\/?p=74981"},"modified":"2025-04-17T09:39:47","modified_gmt":"2025-04-17T12:39:47","slug":"prefeitura-de-casa-nova-promove-grandes-festas-populares-neste-fim-de-semana","status":"publish","type":"post","link":"https:\/\/blogopara.com.br\/index.php\/2025\/04\/17\/prefeitura-de-casa-nova-promove-grandes-festas-populares-neste-fim-de-semana","title":{"rendered":"Prefeitura de Casa Nova promove grandes festas populares neste fim de semana"},"content":{"rendered":"<p class=\"x_MsoNormal\">A Prefeitura de Casa Nova, por meio da Secretaria Municipal de Cultura, est\u00e1 preparando um fim de semana especial. Tr\u00eas grandes festas prometem movimentar o interior do munic\u00edpio com atra\u00e7\u00f5es que valorizam a cultura popular e garantem a divers\u00e3o da comunidade.<\/p>\n<p class=\"x_MsoNormal\">No s\u00e1bado (19), a partir das 22h, o povoado do Lago ser\u00e1 palco do Lago Folia, com shows de Raimundinho do Acordeon e Gordinho do Piseiro. A festa acontece no S\u00e1bado de Aleluia e promete reunir fam\u00edlias e amigos em um clima de alegria e muito forr\u00f3. J\u00e1 no domingo (20), \u00e0s 13h, a anima\u00e7\u00e3o toma conta da comunidade de Santa Rita da Barragem com o Carnaval Fora de \u00c9poca, reunindo os shows de Baixinho e Banda e Guel Senna. Uma celebra\u00e7\u00e3o de cores, ritmos e tradi\u00e7\u00e3o, que promete agitar a regi\u00e3o com muita m\u00fasica e energia.<\/p>\n<p class=\"x_MsoNormal\">Ainda no domingo (20), \u00e0s 19h, \u00e9 a vez do tradicional evento Caretas de Santana, em Santana do Sobrado. A noite ser\u00e1 animada com apresenta\u00e7\u00f5es de Sensura Prime, Matheus Torres e Leandro do Gado, resgatando a cultura das caretas e levando m\u00fasica e divers\u00e3o para todas as idades.<\/p>\n<p class=\"x_MsoNormal\">\u201cEssas festas s\u00e3o momentos de celebra\u00e7\u00e3o da nossa cultura e da nossa identidade. Al\u00e9m de movimentar o com\u00e9rcio local, fortalecem o turismo e geram renda para as comunidades\u201d, destaca o prefeito Anisio Viana.<\/p>\n<p class=\"x_MsoNormal\">\n<p class=\"x_MsoNormal\">Texto: Ascom PMCN<\/p>\n","protected":false},"excerpt":{"rendered":"<p>A Prefeitura de Casa Nova, por meio da Secretaria Municipal de Cultura, est\u00e1 preparando um fim de semana especial. Tr\u00eas grandes festas prometem movimentar o interior do munic\u00edpio com atra\u00e7\u00f5es que valorizam a cultura popular e garantem a divers\u00e3o da comunidade. No s\u00e1bado (19), a partir das 22h, o povoado do Lago ser\u00e1 palco do [&hellip;]<\/p>\n","protected":false},"author":1,"featured_media":74982,"comment_status":"open","ping_status":"open","sticky":false,"template":"","format":"standard","meta":{"_uag_custom_page_level_css":"","_monsterinsights_skip_tracking":false,"_monsterinsights_sitenote_active":false,"_monsterinsights_sitenote_note":"","_monsterinsights_sitenote_category":0,"jetpack_post_was_ever_published":false,"_jetpack_newsletter_access":"","_jetpack_dont_email_post_to_subs":false,"_jetpack_newsletter_tier_id":0,"_jetpack_memberships_contains_paywalled_content":false,"_jetpack_memberships_contains_paid_content":false,"footnotes":"","jetpack_publicize_message":"","jetpack_publicize_feature_enabled":true,"jetpack_social_post_already_shared":true,"jetpack_social_options":{"image_generator_settings":{"template":"highway","default_image_id":0,"font":"","enabled":false},"version":2}},"categories":[199],"tags":[],"class_list":["post-74981","post","type-post","status-publish","format-standard","has-post-thumbnail","hentry","category-bahia"],"jetpack_publicize_connections":[],"jetpack_featured_media_url":"https:\/\/blogopara.com.br\/wp-content\/uploads\/2025\/04\/WhatsApp-Image-2025-04-16-at-08.34.01.jpeg","uagb_featured_image_src":{"full":["https:\/\/blogopara.com.br\/wp-content\/uploads\/2025\/04\/WhatsApp-Image-2025-04-16-at-08.34.01.jpeg",500,500,false],"thumbnail":["https:\/\/blogopara.com.br\/wp-content\/uploads\/2025\/04\/WhatsApp-Image-2025-04-16-at-08.34.01-150x150.jpeg",150,150,true],"medium":["https:\/\/blogopara.com.br\/wp-content\/uploads\/2025\/04\/WhatsApp-Image-2025-04-16-at-08.34.01-300x300.jpeg",300,300,true],"medium_large":["https:\/\/blogopara.com.br\/wp-content\/uploads\/2025\/04\/WhatsApp-Image-2025-04-16-at-08.34.01.jpeg",500,500,false],"large":["https:\/\/blogopara.com.br\/wp-content\/uploads\/2025\/04\/WhatsApp-Image-2025-04-16-at-08.34.01.jpeg",500,500,false],"1536x1536":["https:\/\/blogopara.com.br\/wp-content\/uploads\/2025\/04\/WhatsApp-Image-2025-04-16-at-08.34.01.jpeg",500,500,false],"2048x2048":["https:\/\/blogopara.com.br\/wp-content\/uploads\/2025\/04\/WhatsApp-Image-2025-04-16-at-08.34.01.jpeg",500,500,false],"mantranews-slider-large":["https:\/\/blogopara.com.br\/wp-content\/uploads\/2025\/04\/WhatsApp-Image-2025-04-16-at-08.34.01.jpeg",500,500,false],"mantranews-featured-medium":["https:\/\/blogopara.com.br\/wp-content\/uploads\/2025\/04\/WhatsApp-Image-2025-04-16-at-08.34.01-420x307.jpeg",420,307,true],"mantranews-featured-long":["https:\/\/blogopara.com.br\/wp-content\/uploads\/2025\/04\/WhatsApp-Image-2025-04-16-at-08.34.01-300x443.jpeg",300,443,true],"mantranews-block-medium":["https:\/\/blogopara.com.br\/wp-content\/uploads\/2025\/04\/WhatsApp-Image-2025-04-16-at-08.34.01-464x290.jpeg",464,290,true],"mantranews-carousel-image":["https:\/\/blogopara.com.br\/wp-content\/uploads\/2025\/04\/WhatsApp-Image-2025-04-16-at-08.34.01.jpeg",500,500,false],"mantranews-block-thumb":["https:\/\/blogopara.com.br\/wp-content\/uploads\/2025\/04\/WhatsApp-Image-2025-04-16-at-08.34.01-322x230.jpeg",322,230,true],"mantranews-single-large":["https:\/\/blogopara.com.br\/wp-content\/uploads\/2025\/04\/WhatsApp-Image-2025-04-16-at-08.34.01.jpeg",500,500,false]},"uagb_author_info":{"display_name":"Reda\u00e7\u00e3o geral","author_link":"https:\/\/blogopara.com.br\/index.php\/author\/blogopara"},"uagb_comment_info":0,"uagb_excerpt":"A Prefeitura de Casa Nova, por meio da Secretaria Municipal de Cultura, est\u00e1 preparando um fim de semana especial. Tr\u00eas grandes festas prometem movimentar o interior do munic\u00edpio com atra\u00e7\u00f5es que valorizam a cultura popular e garantem a divers\u00e3o da comunidade. No s\u00e1bado (19), a partir das 22h, o povoado do Lago ser\u00e1 palco do&hellip;","jetpack_sharing_enabled":true,"jetpack_likes_enabled":true,"_links":{"self":[{"href":"https:\/\/blogopara.com.br\/index.php\/wp-json\/wp\/v2\/posts\/74981","targetHints":{"allow":["GET"]}}],"collection":[{"href":"https:\/\/blogopara.com.br\/index.php\/wp-json\/wp\/v2\/posts"}],"about":[{"href":"https:\/\/blogopara.com.br\/index.php\/wp-json\/wp\/v2\/types\/post"}],"author":[{"embeddable":true,"href":"https:\/\/blogopara.com.br\/index.php\/wp-json\/wp\/v2\/users\/1"}],"replies":[{"embeddable":true,"href":"https:\/\/blogopara.com.br\/index.php\/wp-json\/wp\/v2\/comments?post=74981"}],"version-history":[{"count":1,"href":"https:\/\/blogopara.com.br\/index.php\/wp-json\/wp\/v2\/posts\/74981\/revisions"}],"predecessor-version":[{"id":74983,"href":"https:\/\/blogopara.com.br\/index.php\/wp-json\/wp\/v2\/posts\/74981\/revisions\/74983"}],"wp:featuredmedia":[{"embeddable":true,"href":"https:\/\/blogopara.com.br\/index.php\/wp-json\/wp\/v2\/media\/74982"}],"wp:attachment":[{"href":"https:\/\/blogopara.com.br\/index.php\/wp-json\/wp\/v2\/media?parent=74981"}],"wp:term":[{"taxonomy":"category","embeddable":true,"href":"https:\/\/blogopara.com.br\/index.php\/wp-json\/wp\/v2\/categories?post=74981"},{"taxonomy":"post_tag","embeddable":true,"href":"https:\/\/blogopara.com.br\/index.php\/wp-json\/wp\/v2\/tags?post=74981"}],"curies":[{"name":"wp","href":"https:\/\/api.w.org\/{rel}","templated":true}]}}