{"id":7502,"date":"2020-02-25T13:11:27","date_gmt":"2020-02-25T16:11:27","guid":{"rendered":"http:\/\/blogopara.com.br\/?p=7502"},"modified":"2020-02-25T13:11:33","modified_gmt":"2020-02-25T16:11:33","slug":"governador-aciona-pge-para-adotar-medidas-contra-igor-kannario","status":"publish","type":"post","link":"https:\/\/blogopara.com.br\/index.php\/2020\/02\/25\/governador-aciona-pge-para-adotar-medidas-contra-igor-kannario","title":{"rendered":"Governador aciona PGE para adotar medidas contra Igor Kann\u00e1rio"},"content":{"rendered":"<p style=\"text-align: justify;\">O governador Rui Costa acionou a Procuradoria Geral do Estado (PGE) para que o \u00f3rg\u00e3o adote as medidas legais cab\u00edveis no caso envolvendo a agress\u00e3o do cantor Igor Kann\u00e1rio contra a PM. A PGE entrar\u00e1 com uma representa\u00e7\u00e3o junto ao Minist\u00e9rio P\u00fablico da Bahia a fim de que este adote, no \u00e2mbito de sua compet\u00eancia, a\u00e7\u00f5es que entender cab\u00edveis em rela\u00e7\u00e3o \u00e0s declara\u00e7\u00f5es do cantor Igor Kann\u00e1rio na tarde de ontem (24). No circuito Osmar (Campo Grande), o tamb\u00e9m deputado federal agrediu e provocou publicamente a Pol\u00edcia Militar da Bahia durante desfile em trio sem cordas patrocinado pela Prefeitura de Salvador.<\/p>\n<p style=\"text-align: justify;\">A decis\u00e3o de acionar a PGE foi anunciada pelo governador em postagem feita em seu perfil oficial no Twitter nesta ter\u00e7a-feira (25). \u201c\u00c9 inaceit\u00e1vel o ato p\u00fablico de desrespeito e agress\u00e3o contra a Pol\u00edcia Militar da Bahia registrado ontem no Campo Grande. Acionei a Procuradoria Geral para que o Estado formalize uma representa\u00e7\u00e3o junto ao Minist\u00e9rio P\u00fablico da Bahia a respeito deste fato. Medidas cab\u00edveis que estiverem no \u00e2mbito do MP precisam ser tomadas em respeito \u00e0 PM e em defesa da honra de pais e m\u00e3es de fam\u00edlia que fazem parte da corpora\u00e7\u00e3o\u201d, disse o governador na rede social.<\/p>\n<p style=\"text-align: justify;\">A Procuradoria Geral do Estado considera o fato grav\u00edssimo, por atentar contra a ordem p\u00fablica, no uso de um trio el\u00e9trico patrocinado pelo er\u00e1rio municipal. O \u00f3rg\u00e3o estadual tamb\u00e9m estuda a ado\u00e7\u00e3o de outras medidas em rela\u00e7\u00e3o ao caso.<\/p>\n<pre>Fonte: InformeBaiano<\/pre>\n","protected":false},"excerpt":{"rendered":"<p>O governador Rui Costa acionou a Procuradoria Geral do Estado (PGE) para que o \u00f3rg\u00e3o adote as medidas legais cab\u00edveis no caso envolvendo a agress\u00e3o do cantor Igor Kann\u00e1rio contra a PM. A PGE entrar\u00e1 com uma representa\u00e7\u00e3o junto ao Minist\u00e9rio P\u00fablico da Bahia a fim de que este adote, no \u00e2mbito de sua compet\u00eancia, [&hellip;]<\/p>\n","protected":false},"author":1,"featured_media":7503,"comment_status":"open","ping_status":"open","sticky":false,"template":"","format":"standard","meta":{"_uag_custom_page_level_css":"","_monsterinsights_skip_tracking":false,"_monsterinsights_sitenote_active":false,"_monsterinsights_sitenote_note":"","_monsterinsights_sitenote_category":0,"jetpack_post_was_ever_published":false,"_jetpack_newsletter_access":"","_jetpack_dont_email_post_to_subs":false,"_jetpack_newsletter_tier_id":0,"_jetpack_memberships_contains_paywalled_content":false,"_jetpack_memberships_contains_paid_content":false,"footnotes":"","jetpack_publicize_message":"","jetpack_publicize_feature_enabled":true,"jetpack_social_post_already_shared":true,"jetpack_social_options":{"image_generator_settings":{"template":"highway","default_image_id":0,"font":"","enabled":false},"version":2}},"categories":[199],"tags":[],"class_list":["post-7502","post","type-post","status-publish","format-standard","has-post-thumbnail","hentry","category-bahia"],"jetpack_publicize_connections":[],"jetpack_featured_media_url":"https:\/\/blogopara.com.br\/wp-content\/uploads\/2020\/02\/ruii-cos.jpg","uagb_featured_image_src":{"full":["https:\/\/blogopara.com.br\/wp-content\/uploads\/2020\/02\/ruii-cos.jpg",500,354,false],"thumbnail":["https:\/\/blogopara.com.br\/wp-content\/uploads\/2020\/02\/ruii-cos-150x150.jpg",150,150,true],"medium":["https:\/\/blogopara.com.br\/wp-content\/uploads\/2020\/02\/ruii-cos-300x212.jpg",300,212,true],"medium_large":["https:\/\/blogopara.com.br\/wp-content\/uploads\/2020\/02\/ruii-cos.jpg",500,354,false],"large":["https:\/\/blogopara.com.br\/wp-content\/uploads\/2020\/02\/ruii-cos.jpg",500,354,false],"1536x1536":["https:\/\/blogopara.com.br\/wp-content\/uploads\/2020\/02\/ruii-cos.jpg",500,354,false],"2048x2048":["https:\/\/blogopara.com.br\/wp-content\/uploads\/2020\/02\/ruii-cos.jpg",500,354,false],"mantranews-slider-large":["https:\/\/blogopara.com.br\/wp-content\/uploads\/2020\/02\/ruii-cos.jpg",500,354,false],"mantranews-featured-medium":["https:\/\/blogopara.com.br\/wp-content\/uploads\/2020\/02\/ruii-cos.jpg",420,297,false],"mantranews-featured-long":["https:\/\/blogopara.com.br\/wp-content\/uploads\/2020\/02\/ruii-cos.jpg",300,212,false],"mantranews-block-medium":["https:\/\/blogopara.com.br\/wp-content\/uploads\/2020\/02\/ruii-cos.jpg",410,290,false],"mantranews-carousel-image":["https:\/\/blogopara.com.br\/wp-content\/uploads\/2020\/02\/ruii-cos.jpg",500,354,false],"mantranews-block-thumb":["https:\/\/blogopara.com.br\/wp-content\/uploads\/2020\/02\/ruii-cos.jpg",322,228,false],"mantranews-single-large":["https:\/\/blogopara.com.br\/wp-content\/uploads\/2020\/02\/ruii-cos.jpg",500,354,false]},"uagb_author_info":{"display_name":"Reda\u00e7\u00e3o geral","author_link":"https:\/\/blogopara.com.br\/index.php\/author\/blogopara"},"uagb_comment_info":3,"uagb_excerpt":"O governador Rui Costa acionou a Procuradoria Geral do Estado (PGE) para que o \u00f3rg\u00e3o adote as medidas legais cab\u00edveis no caso envolvendo a agress\u00e3o do cantor Igor Kann\u00e1rio contra a PM. A PGE entrar\u00e1 com uma representa\u00e7\u00e3o junto ao Minist\u00e9rio P\u00fablico da Bahia a fim de que este adote, no \u00e2mbito de sua compet\u00eancia,&hellip;","jetpack_sharing_enabled":true,"jetpack_likes_enabled":true,"_links":{"self":[{"href":"https:\/\/blogopara.com.br\/index.php\/wp-json\/wp\/v2\/posts\/7502","targetHints":{"allow":["GET"]}}],"collection":[{"href":"https:\/\/blogopara.com.br\/index.php\/wp-json\/wp\/v2\/posts"}],"about":[{"href":"https:\/\/blogopara.com.br\/index.php\/wp-json\/wp\/v2\/types\/post"}],"author":[{"embeddable":true,"href":"https:\/\/blogopara.com.br\/index.php\/wp-json\/wp\/v2\/users\/1"}],"replies":[{"embeddable":true,"href":"https:\/\/blogopara.com.br\/index.php\/wp-json\/wp\/v2\/comments?post=7502"}],"version-history":[{"count":1,"href":"https:\/\/blogopara.com.br\/index.php\/wp-json\/wp\/v2\/posts\/7502\/revisions"}],"predecessor-version":[{"id":7504,"href":"https:\/\/blogopara.com.br\/index.php\/wp-json\/wp\/v2\/posts\/7502\/revisions\/7504"}],"wp:featuredmedia":[{"embeddable":true,"href":"https:\/\/blogopara.com.br\/index.php\/wp-json\/wp\/v2\/media\/7503"}],"wp:attachment":[{"href":"https:\/\/blogopara.com.br\/index.php\/wp-json\/wp\/v2\/media?parent=7502"}],"wp:term":[{"taxonomy":"category","embeddable":true,"href":"https:\/\/blogopara.com.br\/index.php\/wp-json\/wp\/v2\/categories?post=7502"},{"taxonomy":"post_tag","embeddable":true,"href":"https:\/\/blogopara.com.br\/index.php\/wp-json\/wp\/v2\/tags?post=7502"}],"curies":[{"name":"wp","href":"https:\/\/api.w.org\/{rel}","templated":true}]}}