{"id":75054,"date":"2025-04-19T10:45:46","date_gmt":"2025-04-19T13:45:46","guid":{"rendered":"https:\/\/blogopara.com.br\/?p=75054"},"modified":"2025-04-19T11:10:04","modified_gmt":"2025-04-19T14:10:04","slug":"estudantes-da-escola-municipal-iracy-nunes-participam-de-festival-esportivo","status":"publish","type":"post","link":"https:\/\/blogopara.com.br\/index.php\/2025\/04\/19\/estudantes-da-escola-municipal-iracy-nunes-participam-de-festival-esportivo","title":{"rendered":"Estudantes da Escola Municipal Iracy Nunes participam de festival esportivo"},"content":{"rendered":"<p>Os estudantes da Escola Municipal Professora Iracy Nunes da Silva, no distrito de Itamotinga, participaram de um Festival de Atletismo. Os alunos do 1\u00ba ao 9\u00ba ano do Ensino Fundamental disputaram as provas de corrida 50m e 100m, arremesso de peso e salto em altura. A atividade teve como objetivo incentivar a pr\u00e1tica esportiva na escola.<\/p>\n<p>\u201cEsse Festival \u00e9 s\u00f3 o in\u00edcio de um projeto que a gente quer que cres\u00e7a muito para fortalecer o esporte nessa regi\u00e3o de Itamotinga. A nossa expectativa \u00e9, nos pr\u00f3ximos anos, ampliar tanto o n\u00famero de modalidades disputadas no Festival quanto o n\u00famero de escolas participantes\u201d, contou a profissional de Educa\u00e7\u00e3o F\u00edsica, Meiry L\u00facia Maur\u00edcio de Souza.<\/p>\n<p>Pamella Vit\u00f3ria Rodrigues \u00e9 aluna do 6\u00ba ano do Ensino Fundamental e foi a segunda colocada na prova de 100m. \u201cEu gostei muito de participar desse Festival. Foi minha primeira competi\u00e7\u00e3o, eu treinei bastante e fiquei muito feliz com o meu resultado\u201d, disse a estudante.<\/p>\n<p>Na pr\u00f3xima segunda-feira (21), Pamella e mais 11 alunos da escola disputar\u00e3o a corrida \u201cTiradentinhos\u201d na sede do munic\u00edpio.<\/p>\n<p>&nbsp;<\/p>\n<p>Ascom Seduc\/PMJ<\/p>\n","protected":false},"excerpt":{"rendered":"<p>Os estudantes da Escola Municipal Professora Iracy Nunes da Silva, no distrito de Itamotinga, participaram de um Festival de Atletismo. Os alunos do 1\u00ba ao 9\u00ba ano do Ensino Fundamental disputaram as provas de corrida 50m e 100m, arremesso de peso e salto em altura. A atividade teve como objetivo incentivar a pr\u00e1tica esportiva na [&hellip;]<\/p>\n","protected":false},"author":1,"featured_media":75055,"comment_status":"open","ping_status":"open","sticky":false,"template":"","format":"standard","meta":{"_uag_custom_page_level_css":"","_monsterinsights_skip_tracking":false,"_monsterinsights_sitenote_active":false,"_monsterinsights_sitenote_note":"","_monsterinsights_sitenote_category":0,"jetpack_post_was_ever_published":false,"_jetpack_newsletter_access":"","_jetpack_dont_email_post_to_subs":false,"_jetpack_newsletter_tier_id":0,"_jetpack_memberships_contains_paywalled_content":false,"_jetpack_memberships_contains_paid_content":false,"footnotes":"","jetpack_publicize_message":"","jetpack_publicize_feature_enabled":true,"jetpack_social_post_already_shared":true,"jetpack_social_options":{"image_generator_settings":{"template":"highway","default_image_id":0,"font":"","enabled":false},"version":2}},"categories":[209,203],"tags":[],"class_list":["post-75054","post","type-post","status-publish","format-standard","has-post-thumbnail","hentry","category-educacao","category-juazeiro"],"jetpack_publicize_connections":[],"jetpack_featured_media_url":"https:\/\/blogopara.com.br\/wp-content\/uploads\/2025\/04\/Festival-Esportivo-1536x1148-1.jpeg","uagb_featured_image_src":{"full":["https:\/\/blogopara.com.br\/wp-content\/uploads\/2025\/04\/Festival-Esportivo-1536x1148-1.jpeg",500,373,false],"thumbnail":["https:\/\/blogopara.com.br\/wp-content\/uploads\/2025\/04\/Festival-Esportivo-1536x1148-1-150x150.jpeg",150,150,true],"medium":["https:\/\/blogopara.com.br\/wp-content\/uploads\/2025\/04\/Festival-Esportivo-1536x1148-1-300x224.jpeg",300,224,true],"medium_large":["https:\/\/blogopara.com.br\/wp-content\/uploads\/2025\/04\/Festival-Esportivo-1536x1148-1.jpeg",500,373,false],"large":["https:\/\/blogopara.com.br\/wp-content\/uploads\/2025\/04\/Festival-Esportivo-1536x1148-1.jpeg",500,373,false],"1536x1536":["https:\/\/blogopara.com.br\/wp-content\/uploads\/2025\/04\/Festival-Esportivo-1536x1148-1.jpeg",500,373,false],"2048x2048":["https:\/\/blogopara.com.br\/wp-content\/uploads\/2025\/04\/Festival-Esportivo-1536x1148-1.jpeg",500,373,false],"mantranews-slider-large":["https:\/\/blogopara.com.br\/wp-content\/uploads\/2025\/04\/Festival-Esportivo-1536x1148-1.jpeg",500,373,false],"mantranews-featured-medium":["https:\/\/blogopara.com.br\/wp-content\/uploads\/2025\/04\/Festival-Esportivo-1536x1148-1-420x307.jpeg",420,307,true],"mantranews-featured-long":["https:\/\/blogopara.com.br\/wp-content\/uploads\/2025\/04\/Festival-Esportivo-1536x1148-1-300x373.jpeg",300,373,true],"mantranews-block-medium":["https:\/\/blogopara.com.br\/wp-content\/uploads\/2025\/04\/Festival-Esportivo-1536x1148-1-464x290.jpeg",464,290,true],"mantranews-carousel-image":["https:\/\/blogopara.com.br\/wp-content\/uploads\/2025\/04\/Festival-Esportivo-1536x1148-1.jpeg",500,373,false],"mantranews-block-thumb":["https:\/\/blogopara.com.br\/wp-content\/uploads\/2025\/04\/Festival-Esportivo-1536x1148-1-322x230.jpeg",322,230,true],"mantranews-single-large":["https:\/\/blogopara.com.br\/wp-content\/uploads\/2025\/04\/Festival-Esportivo-1536x1148-1.jpeg",500,373,false]},"uagb_author_info":{"display_name":"Reda\u00e7\u00e3o geral","author_link":"https:\/\/blogopara.com.br\/index.php\/author\/blogopara"},"uagb_comment_info":0,"uagb_excerpt":"Os estudantes da Escola Municipal Professora Iracy Nunes da Silva, no distrito de Itamotinga, participaram de um Festival de Atletismo. Os alunos do 1\u00ba ao 9\u00ba ano do Ensino Fundamental disputaram as provas de corrida 50m e 100m, arremesso de peso e salto em altura. A atividade teve como objetivo incentivar a pr\u00e1tica esportiva na&hellip;","jetpack_sharing_enabled":true,"jetpack_likes_enabled":true,"_links":{"self":[{"href":"https:\/\/blogopara.com.br\/index.php\/wp-json\/wp\/v2\/posts\/75054","targetHints":{"allow":["GET"]}}],"collection":[{"href":"https:\/\/blogopara.com.br\/index.php\/wp-json\/wp\/v2\/posts"}],"about":[{"href":"https:\/\/blogopara.com.br\/index.php\/wp-json\/wp\/v2\/types\/post"}],"author":[{"embeddable":true,"href":"https:\/\/blogopara.com.br\/index.php\/wp-json\/wp\/v2\/users\/1"}],"replies":[{"embeddable":true,"href":"https:\/\/blogopara.com.br\/index.php\/wp-json\/wp\/v2\/comments?post=75054"}],"version-history":[{"count":1,"href":"https:\/\/blogopara.com.br\/index.php\/wp-json\/wp\/v2\/posts\/75054\/revisions"}],"predecessor-version":[{"id":75056,"href":"https:\/\/blogopara.com.br\/index.php\/wp-json\/wp\/v2\/posts\/75054\/revisions\/75056"}],"wp:featuredmedia":[{"embeddable":true,"href":"https:\/\/blogopara.com.br\/index.php\/wp-json\/wp\/v2\/media\/75055"}],"wp:attachment":[{"href":"https:\/\/blogopara.com.br\/index.php\/wp-json\/wp\/v2\/media?parent=75054"}],"wp:term":[{"taxonomy":"category","embeddable":true,"href":"https:\/\/blogopara.com.br\/index.php\/wp-json\/wp\/v2\/categories?post=75054"},{"taxonomy":"post_tag","embeddable":true,"href":"https:\/\/blogopara.com.br\/index.php\/wp-json\/wp\/v2\/tags?post=75054"}],"curies":[{"name":"wp","href":"https:\/\/api.w.org\/{rel}","templated":true}]}}