{"id":7508,"date":"2020-02-25T21:11:50","date_gmt":"2020-02-26T00:11:50","guid":{"rendered":"http:\/\/blogopara.com.br\/?p=7508"},"modified":"2020-02-25T21:12:03","modified_gmt":"2020-02-26T00:12:03","slug":"saiu-edital-do-concurso-da-prefeitura-de-paulo-afonso-com-452-vagas","status":"publish","type":"post","link":"https:\/\/blogopara.com.br\/index.php\/2020\/02\/25\/saiu-edital-do-concurso-da-prefeitura-de-paulo-afonso-com-452-vagas","title":{"rendered":"Saiu edital do concurso da Prefeitura de Paulo Afonso com 452 vagas"},"content":{"rendered":"<p>Foi publicado o edital do concurso p\u00fablico da Prefeitura Municipal de Paulo Afonso, Estado da Bahia. S\u00e3o ofertadas\u00a0<strong>452 vagas<\/strong>\u00a0distribu\u00eddas entre cargos de n\u00edvel m\u00e9dio, m\u00e9dio\/t\u00e9cnico e superior.<\/p>\n<p>Os interessados em participar da sele\u00e7\u00e3o devem realizar as inscri\u00e7\u00f5es no<span id=\"more-37324\"><\/span>\u00a0per\u00edodo de 27 de fevereiro a 25 de mar\u00e7o, no site da banca organizadora, o\u00a0<strong>Consulpam<\/strong>. As taxas foram definidas de acordo com o cargo pretendido, sendo:<\/p>\n<ul>\n<li><strong>N\u00edvel m\u00e9dio:<\/strong>\u00a0R$ 60,00<\/li>\n<li><strong>N\u00edvel m\u00e9dio\/t\u00e9cnico:<\/strong>\u00a0R$ 80,00<\/li>\n<li><strong>N\u00edvel superior:\u00a0<\/strong>R$ 160,00<\/li>\n<\/ul>\n<h2 id=\"datas\">Principais datas<\/h2>\n<p class=\"has-background has-very-light-gray-background-color\"><strong>Inscri\u00e7\u00f5es<\/strong>: 27 de fevereiro a 25 de mar\u00e7o<br \/>\n<strong>Isen\u00e7\u00e3o da taxa<\/strong>: 27 a 28 de fevereiro<br \/>\n<strong>\u00daltimo dia para pagamento<\/strong>:<br \/>\n<strong>Prova objetiva<\/strong>: 02 e 03 de maio<br \/>\n<strong>Prova dissertativa e entrega de t\u00edtulos<\/strong>: 14 de junho<\/p>\n<h2 id=\"cargos-vagas\">Cargos e vagas<\/h2>\n<h3>N\u00edvel m\u00e9dio<\/h3>\n<figure class=\"wp-block-table is-style-stripes\">\n<table class=\"has-subtle-pale-blue-background-color has-fixed-layout has-background\">\n<tbody>\n<tr>\n<td><strong>Cargo<\/strong><\/td>\n<td><strong>Vagas<\/strong><\/td>\n<td><strong>Sal\u00e1rio<\/strong><\/td>\n<\/tr>\n<tr class=\"alt\">\n<td>Agente de Fiscaliza\u00e7\u00e3o Municipal \u2013 Agente de Fiscaliza\u00e7\u00e3o do Meio Ambiente e Servi\u00e7os P\u00fablicos<\/td>\n<td>9<\/td>\n<td>R$ 1.800,00<\/td>\n<\/tr>\n<tr>\n<td>Agente Administrativo Municipal<\/td>\n<td>58<\/td>\n<td>R$ 1.100,00 \/ R$ 1.800,00<\/td>\n<\/tr>\n<tr class=\"alt\">\n<td>Agente Fazend\u00e1rio \u2013 Assistente Fazend\u00e1rio<\/td>\n<td>4<\/td>\n<td>R$ 1.100,00<\/td>\n<\/tr>\n<tr>\n<td>Agente Fazend\u00e1rio \u2013 Assistente de Tributa\u00e7\u00e3o<\/td>\n<td>6<\/td>\n<td>R$ 1.100,00<\/td>\n<\/tr>\n<\/tbody>\n<\/table>\n<\/figure>\n<h3>N\u00edvel t\u00e9cnico<\/h3>\n<figure class=\"wp-block-table is-style-stripes\">\n<table class=\"has-subtle-pale-blue-background-color has-fixed-layout has-background\">\n<tbody>\n<tr class=\"alt\">\n<td><strong>Cargo<\/strong><\/td>\n<td><strong>Vagas<\/strong><\/td>\n<td><strong>Sal\u00e1rio<\/strong><\/td>\n<\/tr>\n<tr>\n<td>T\u00e9cnico Administrativo Municipal<\/td>\n<td>15<\/td>\n<td>R$ 2.450,00 \/ R$ 2.900,00<\/td>\n<\/tr>\n<tr class=\"alt\">\n<td>T\u00e9cnico Administrativo Municipal \u2013 T\u00e9cnico em Contabilidade<\/td>\n<td>4<\/td>\n<td>R$ 2.900,00<\/td>\n<\/tr>\n<tr>\n<td>T\u00e9cnico em Infraestrutura e Servi\u00e7os Municipais \u2013 T\u00e9cnico Agr\u00edcola<\/td>\n<td>2<\/td>\n<td>R$ 2.900,00<\/td>\n<\/tr>\n<tr class=\"alt\">\n<td>T\u00e9cnico em Infraestrutura e Servi\u00e7os Municipais \u2013 T\u00e9cnico em Agrimensura<\/td>\n<td>1<\/td>\n<td>R$ 2.900,00<\/td>\n<\/tr>\n<tr>\n<td>T\u00e9cnico em Infraestrutura e Servi\u00e7os Municipais \u2013 T\u00e9cnico em Desenho<\/td>\n<td>1<\/td>\n<td>R$ 2.450,00<\/td>\n<\/tr>\n<tr class=\"alt\">\n<td>T\u00e9cnico em Infraestrutura e Servi\u00e7os Municipais \u2013 T\u00e9cnico em Edifica\u00e7\u00f5es<\/td>\n<td>2<\/td>\n<td>R$ 2.450,00<\/td>\n<\/tr>\n<tr>\n<td>T\u00e9cnico em Infraestrutura e Servi\u00e7os Municipais \u2013 T\u00e9cnico em Estradas<\/td>\n<td>1<\/td>\n<td>R$ 2.900,00<\/td>\n<\/tr>\n<tr class=\"alt\">\n<td>T\u00e9cnico em Infraestrutura e Servi\u00e7os Municipais \u2013 T\u00e9cnico em Eletromec\u00e2nica<\/td>\n<td>1<\/td>\n<td>R$ 2.900,00<\/td>\n<\/tr>\n<tr>\n<td>T\u00e9cnico em Infraestrutura e Servi\u00e7os Municipais \u2013 T\u00e9cnico em Eletrot\u00e9cnica<\/td>\n<td>4<\/td>\n<td>R$ 2.900,00<\/td>\n<\/tr>\n<tr class=\"alt\">\n<td>T\u00e9cnico em Infraestrutura e Servi\u00e7os Municipais \u2013 T\u00e9cnico em Pavimenta\u00e7\u00e3o<\/td>\n<td>1<\/td>\n<td>R$ 2.900,00<\/td>\n<\/tr>\n<tr>\n<td>T\u00e9cnico em Infraestrutura e Servi\u00e7os Municipais \u2013 T\u00e9cnico em Seguran\u00e7a do Trabalho<\/td>\n<td>2<\/td>\n<td>R$ 2.900,00<\/td>\n<\/tr>\n<tr class=\"alt\">\n<td>T\u00e9cnico em Servi\u00e7os de Sa\u00fade \u2013 T\u00e9cnico em Enfermagem<\/td>\n<td>60<\/td>\n<td>R$ 2.900,00<\/td>\n<\/tr>\n<tr>\n<td>T\u00e9cnico em Servi\u00e7os de Sa\u00fade \u2013 T\u00e9cnico em Radiologia<\/td>\n<td>2<\/td>\n<td>R$ 2.900,00<\/td>\n<\/tr>\n<tr class=\"alt\">\n<td>T\u00e9cnico em Servi\u00e7os de Sa\u00fade \u2013 T\u00e9cnico em Laborat\u00f3rio<\/td>\n<td>4<\/td>\n<td>R$ 2.900,00<\/td>\n<\/tr>\n<tr>\n<td>T\u00e9cnico em Servi\u00e7os de Sa\u00fade \u2013 T\u00e9cnico em Nutri\u00e7\u00e3o<\/td>\n<td>2<\/td>\n<td>R$ 2.900,00<\/td>\n<\/tr>\n<tr class=\"alt\">\n<td>T\u00e9cnico em Servi\u00e7os de Sa\u00fade \u2013 T\u00e9cnico em Sa\u00fade Bucal<\/td>\n<td>6<\/td>\n<td>R$ 2.900,00<\/td>\n<\/tr>\n<tr>\n<td>T\u00e9cnico em Servi\u00e7os de Sa\u00fade \u2013 T\u00e9cnico Auxiliar de Regula\u00e7\u00e3o M\u00e9dica<\/td>\n<td>6<\/td>\n<td>R$ 2.900,00<\/td>\n<\/tr>\n<tr class=\"alt\">\n<td>Auxiliar em Servi\u00e7os de Sa\u00fade \u2013 Auxiliar em Sa\u00fade Bucal<\/td>\n<td>6<\/td>\n<td>R$ 2.900,00<\/td>\n<\/tr>\n<tr>\n<td>Auxiliar em Servi\u00e7os de Sa\u00fade \u2013 Cuidador da Sa\u00fade<\/td>\n<td>12<\/td>\n<td>R$ 2.900,00<\/td>\n<\/tr>\n<tr class=\"alt\">\n<td>Auxiliar em Servi\u00e7os de Sa\u00fade \u2013 Oficineiro<\/td>\n<td>7<\/td>\n<td>R$ 2.900,00<\/td>\n<\/tr>\n<tr>\n<td>Agente de Fiscaliza\u00e7\u00e3o de Obras, Empreendimentos e Seguran\u00e7a<\/td>\n<td>4<\/td>\n<td>R$ 1.800,00<\/td>\n<\/tr>\n<\/tbody>\n<\/table>\n<\/figure>\n<h3>N\u00edvel superior<\/h3>\n<figure class=\"wp-block-table is-style-stripes\">\n<table class=\"has-subtle-pale-blue-background-color has-fixed-layout has-background\">\n<tbody>\n<tr class=\"alt\">\n<td><strong>Cargo<\/strong><\/td>\n<td><strong>Vagas<\/strong><\/td>\n<td><strong>Sal\u00e1rio<\/strong><\/td>\n<\/tr>\n<tr>\n<td>Especialista em Pol\u00edticas P\u00fablicas<\/td>\n<td>3<\/td>\n<td>R$ 3.500,00<\/td>\n<\/tr>\n<tr class=\"alt\">\n<td>Assistente Social<\/td>\n<td>6<\/td>\n<td>R$ 3.500,00<\/td>\n<\/tr>\n<tr>\n<td>Educador F\u00edsico<\/td>\n<td>3<\/td>\n<td>R$ 3.500,00<\/td>\n<\/tr>\n<tr class=\"alt\">\n<td>Enfermeiro<\/td>\n<td>30<\/td>\n<td>R$ 3.500,00<\/td>\n<\/tr>\n<tr>\n<td>Farmac\u00eautico<\/td>\n<td>3<\/td>\n<td>R$ 3.500,00<\/td>\n<\/tr>\n<tr class=\"alt\">\n<td>Engenheiro Sanitarista<\/td>\n<td>3<\/td>\n<td>R$ 3.500,00<\/td>\n<\/tr>\n<tr>\n<td>Fisioterapeuta<\/td>\n<td>6<\/td>\n<td>R$ 3.500,00<\/td>\n<\/tr>\n<tr class=\"alt\">\n<td>Fonoaudi\u00f3logo<\/td>\n<td>1<\/td>\n<td>R$ 3.500,00<\/td>\n<\/tr>\n<tr>\n<td>M\u00e9dico<\/td>\n<td>56<\/td>\n<td>R$ 2.100,00 \/ R$ 2.700,00<\/td>\n<\/tr>\n<tr class=\"alt\">\n<td>M\u00e9dico Veterin\u00e1rio<\/td>\n<td>1<\/td>\n<td>R$ 3.500,00<\/td>\n<\/tr>\n<tr>\n<td>Nutricionista<\/td>\n<td>6<\/td>\n<td>R$ 3.500,00<\/td>\n<\/tr>\n<tr class=\"alt\">\n<td>Odont\u00f3logo<\/td>\n<td>14<\/td>\n<td>R$ 3.500,00<\/td>\n<\/tr>\n<tr>\n<td>Psic\u00f3logo<\/td>\n<td>15<\/td>\n<td>R$ 2.100,00 \/ R$ 3.500,00<\/td>\n<\/tr>\n<tr class=\"alt\">\n<td>Terapeuta Ocupacional<\/td>\n<td>3<\/td>\n<td>R$ 2.100,00<\/td>\n<\/tr>\n<tr>\n<td>Fiscal de Controle Sanit\u00e1rio \u2013 Arquiteto<\/td>\n<td>1<\/td>\n<td>R$ 3.500,00<\/td>\n<\/tr>\n<tr class=\"alt\">\n<td>Fiscal de Controle Sanit\u00e1rio \u2013 Bi\u00f3logo<\/td>\n<td>4<\/td>\n<td>R$ 3.500,00<\/td>\n<\/tr>\n<tr>\n<td>Fiscal de Controle Sanit\u00e1rio \u2013 Enfermeiro<\/td>\n<td>2<\/td>\n<td>R$ 3.500,00<\/td>\n<\/tr>\n<tr class=\"alt\">\n<td>Fiscal de Controle Sanit\u00e1rio \u2013 M\u00e9dico<\/td>\n<td>1<\/td>\n<td>R$ 2.700,00<\/td>\n<\/tr>\n<tr>\n<td>Fiscal de Controle Sanit\u00e1rio \u2013 M\u00e9dico Veterin\u00e1rio<\/td>\n<td>3<\/td>\n<td>R$ 3.500,00<\/td>\n<\/tr>\n<tr class=\"alt\">\n<td>Fiscal de Controle Sanit\u00e1rio \u2013 Nutricionista<\/td>\n<td>2<\/td>\n<td>R$ 3.500,00<\/td>\n<\/tr>\n<tr>\n<td>Fiscal de Controle Sanit\u00e1rio \u2013 Odont\u00f3logo<\/td>\n<td>1<\/td>\n<td>R$ 3.500,00<\/td>\n<\/tr>\n<tr class=\"alt\">\n<td>Auditor Cont\u00e1bil<\/td>\n<td>2<\/td>\n<td>R$ 3.500,00<\/td>\n<\/tr>\n<tr>\n<td>Auditor Enfermeiro<\/td>\n<td>1<\/td>\n<td>R$ 3.500,00<\/td>\n<\/tr>\n<tr class=\"alt\">\n<td>Auditor Farmac\u00eautico<\/td>\n<td>1<\/td>\n<td>R$ 3.500,00<\/td>\n<\/tr>\n<tr>\n<td>Auditor M\u00e9dico<\/td>\n<td>3<\/td>\n<td>R$ 3.500,00<\/td>\n<\/tr>\n<tr class=\"alt\">\n<td>Auditor Odont\u00f3logo<\/td>\n<td>1<\/td>\n<td>R$ 3.500,00<\/td>\n<\/tr>\n<tr>\n<td>Analista em Defesa Civil<\/td>\n<td>1<\/td>\n<td>R$ 3.500,00<\/td>\n<\/tr>\n<tr class=\"alt\">\n<td>Analista S\u00f3cio-Urbano Ambiental<\/td>\n<td>1<\/td>\n<td>R$ 3.500,00<\/td>\n<\/tr>\n<tr>\n<td>Fiscal de Servi\u00e7os Municipais<\/td>\n<td>2<\/td>\n<td>R$ 3.500,00<\/td>\n<\/tr>\n<tr class=\"alt\">\n<td>Analista em Infraestrutura e Obras P\u00fablicas Municipais<\/td>\n<td>3<\/td>\n<td>R$ 3.500,00<\/td>\n<\/tr>\n<tr>\n<td>Analista em Arquivologia<\/td>\n<td>2<\/td>\n<td>R$ 2.700,00<\/td>\n<\/tr>\n<tr class=\"alt\">\n<td>Analista em Biblioteconomia<\/td>\n<td>1<\/td>\n<td>R$ 2.700,00<\/td>\n<\/tr>\n<tr>\n<td>Analista em Comunica\u00e7\u00e3o<\/td>\n<td>1<\/td>\n<td>R$ 2.700,00<\/td>\n<\/tr>\n<tr class=\"alt\">\n<td>Analista em Comunica\u00e7\u00e3o Visual<\/td>\n<td>1<\/td>\n<td>R$ 2.700,00<\/td>\n<\/tr>\n<tr>\n<td>Analista em Contabilidade Financeira<\/td>\n<td>3<\/td>\n<td>R$ 2.700,00 \/ R$ 3.500,00<\/td>\n<\/tr>\n<tr class=\"alt\">\n<td>Analista em Desenvolvimento da Adm Municipal<\/td>\n<td>3<\/td>\n<td>R$ 2.700,00<\/td>\n<\/tr>\n<tr>\n<td>Analista em Estat\u00edstica<\/td>\n<td>1<\/td>\n<td>R$ 2.700,00<\/td>\n<\/tr>\n<tr class=\"alt\">\n<td>Analista em Gest\u00e3o de Pessoas<\/td>\n<td>2<\/td>\n<td>R$ 2.700,00<\/td>\n<\/tr>\n<tr>\n<td>Analista em Servi\u00e7os Administrativos<\/td>\n<td>3<\/td>\n<td>R$ 2.700,00<\/td>\n<\/tr>\n<tr class=\"alt\">\n<td>Analista em Suprimentos<\/td>\n<td>1<\/td>\n<td>R$ 2.700,00<\/td>\n<\/tr>\n<tr>\n<td>Analista Jur\u00eddico<\/td>\n<td>4<\/td>\n<td>R$ 2.700,00 \/ R$ 3.500,00<\/td>\n<\/tr>\n<tr class=\"alt\">\n<td>Analista em Educa\u00e7\u00e3o Social<\/td>\n<td>2<\/td>\n<td>R$ 3.500,00<\/td>\n<\/tr>\n<tr>\n<td>Analista em Instrutoria em Desenvolvimento Comunit\u00e1rio<\/td>\n<td>2<\/td>\n<td>R$ 3.500,00<\/td>\n<\/tr>\n<tr class=\"alt\">\n<td>Analista em Pedagogia<\/td>\n<td>2<\/td>\n<td>R$ 3.500,00<\/td>\n<\/tr>\n<tr>\n<td>Analista em Sociologia<\/td>\n<td>1<\/td>\n<td>R$ 3.500,00<\/td>\n<\/tr>\n<tr class=\"alt\">\n<td>Analista Fazend\u00e1rio \u2013 Administra\u00e7\u00e3o Tribut\u00e1ria<\/td>\n<td>3<\/td>\n<td>R$ 3.500,00<\/td>\n<\/tr>\n<tr>\n<td>Analista Fazend\u00e1rio \u2013 Imobili\u00e1rio<\/td>\n<td>3<\/td>\n<td>R$ 3.500,00<\/td>\n<\/tr>\n<tr class=\"alt\">\n<td>Auditor Fiscal \u2013 Tecnologia da Informa\u00e7\u00e3o<\/td>\n<td>2<\/td>\n<td>R$ 3.500,00<\/td>\n<\/tr>\n<tr>\n<td>Auditor Fiscal \u2013 Administra\u00e7\u00e3o Tribut\u00e1ria<\/td>\n<td>4<\/td>\n<td>R$ 3.500,00<\/td>\n<\/tr>\n<tr class=\"alt\">\n<td>Auditor Interno<\/td>\n<td>2<\/td>\n<td>R$ 3.500,00<\/td>\n<\/tr>\n<tr>\n<td>Procurador Fiscal \u2013 Judicial\/Administrativo<\/td>\n<td>3<\/td>\n<td>R$ 5.000,00<\/td>\n<\/tr>\n<tr class=\"alt\">\n<td>Procurador C\u00edvel, Administrativo e Trabalhista \u2013 Judicial\/Administrativo<\/td>\n<td>4<\/td>\n<td>R$ 5.000,00<\/td>\n<\/tr>\n<tr>\n<td>Procurador do Meio Ambiente, Patrim\u00f4nio, Urbanismo e Obras \u2013 Judicial\/ Administrativo<\/td>\n<td>3<\/td>\n<td>R$ 5.000,00<\/td>\n<\/tr>\n<\/tbody>\n<\/table>\n<\/figure>\n<h2 id=\"etapas\">Etapas e provas<\/h2>\n<p>O concurso da Prefeitura de Paulo Afonso ser\u00e1 constitu\u00eddo das seguintes etapas:<\/p>\n<ul>\n<li><strong>Prova objetiva<\/strong>\u00a0de car\u00e1ter eliminat\u00f3rio e classificat\u00f3rio para todos os cargos<\/li>\n<li><strong>Prova dissertativa<\/strong>\u00a0de car\u00e1ter eliminat\u00f3rio e classificat\u00f3rio para todos os cargos<\/li>\n<li><strong>Prova de t\u00edtulos<\/strong>\u00a0de car\u00e1ter classificat\u00f3rio para os cargos de n\u00edvel superior<\/li>\n<\/ul>\n<p>A dura\u00e7\u00e3o das provas ser\u00e1 de 4h para a prova objetiva e dissertativa para todos os cargos, com exce\u00e7\u00e3o para os candidatos com defici\u00eancia que houverem solicitado tempo adicional.<\/p>\n<h3>Prova Objetiva<\/h3>\n<p>A prova objetiva compreender\u00e1 quest\u00f5es de m\u00faltipla escolha (A, B, C, D). Sua aplica\u00e7\u00e3o est\u00e1 prevista para acontecer nos dias\u00a0<strong>02 e 03 de maio<\/strong>. Esta etapa ser\u00e1 composta por 50 quest\u00f5es, sendo 20 alusivas a conte\u00fados gerais e 30 referentes a conte\u00fado espec\u00edfico, todas com peso 2 e pontua\u00e7\u00e3o total 100.<\/p>\n<ul>\n<li><strong>Cargos de n\u00edvel m\u00e9dio e m\u00e9dio\/t\u00e9cnico:<\/strong>\n<ul>\n<li><em>L\u00edngua Portuguesa<\/em><\/li>\n<li><em>Conhecimentos Matem\u00e1ticos<\/em><\/li>\n<li><em>Legisla\u00e7\u00e3o Municipal<\/em><\/li>\n<li><em>No\u00e7\u00f5es de Inform\u00e1tica<\/em><\/li>\n<li><em>Atualidades<\/em><\/li>\n<li><em>Conhecimentos Espec\u00edficos<\/em><\/li>\n<\/ul>\n<\/li>\n<\/ul>\n<ul>\n<li><strong>Cargos de n\u00edvel superior:<\/strong>\n<ul>\n<li><em>L\u00edngua Portuguesa<\/em><\/li>\n<li><em>Conhecimentos Matem\u00e1ticos<\/em><\/li>\n<li><em>Legisla\u00e7\u00e3o Municipal<\/em><\/li>\n<li><em>No\u00e7\u00f5es de Inform\u00e1tica<\/em><\/li>\n<li><em>Atualidades<\/em><\/li>\n<li><em>Conhecimentos Espec\u00edficos<\/em><\/li>\n<\/ul>\n<\/li>\n<\/ul>\n<h3>Prova Dissertativa<\/h3>\n<p>Somente realizar\u00e3o as provas dissertativas os candidatos aprovados nas Provas objetivas, classificados at\u00e9 5 vezes o n\u00famero de vagas da ampla concorr\u00eancia, respeitados os candidatos empatados na \u00faltima nota, ficando os demais candidatos reprovados e eliminados do concurso para todos os efeitos.<\/p>\n<p>A Prova dissertativa dever\u00e1 conter o m\u00ednimo de 20 e o m\u00e1ximo de 30 linhas, valendo o m\u00e1ximo 100 pontos. Sua aplica\u00e7\u00e3o est\u00e1 prevista para acontecer no dia\u00a0<strong>14 de junho<\/strong>.<\/p>\n<h3>Prova de T\u00edtulos<\/h3>\n<p>A terceira etapa ser\u00e1 constitu\u00edda de Prova de t\u00edtulos, de forma\u00e7\u00e3o acad\u00eamica, e concorrer\u00e3o os candidatos dos cargos de n\u00edvel superior, desde que aprovados na Prova objetiva e convocados para prova dissertativa.<\/p>\n<p>A entrega dos documentos \u00e9 facultativa e ser\u00e1 feita no dia das provas dissertativas, ou seja, no dia 14 de junho. O candidato que n\u00e3o entregar t\u00edtulos n\u00e3o ser\u00e1 eliminado deste concurso p\u00fablico. Ser\u00e3o pontuados, conforme crit\u00e9rios de pontua\u00e7\u00e3o definidos nos termos deste edital, apenas:<\/p>\n<ul>\n<li>3 t\u00edtulos de especializa\u00e7\u00e3o lato sensu<\/li>\n<li>2 t\u00edtulos stricto sensu Mestrado<\/li>\n<li>1 t\u00edtulo stricto sensu Doutorado<\/li>\n<\/ul>\n<div class=\"wp-block-image\">\n<figure class=\"aligncenter\"><img decoding=\"async\" src=\"https:\/\/dhg1h5j42swfq.cloudfront.net\/2020\/02\/20144402\/titu-min.png\" alt=\"Avalia\u00e7\u00e3o de T\u00edtulos do Concurso Prefeitura de Paulo Afonso\" \/><\/figure>\n<p>Para ter acesso ao\u00a0<a href=\"https:\/\/blogdoeveraldo.com\/wp-content\/uploads\/2020\/02\/edital-%C3%A9-s%C3%B3-clicar-aqui..pdf\">edital, \u00e9 s\u00f3 clicar aqui.<\/a><\/p>\n<\/div>\n","protected":false},"excerpt":{"rendered":"<p>Foi publicado o edital do concurso p\u00fablico da Prefeitura Municipal de Paulo Afonso, Estado da Bahia. S\u00e3o ofertadas\u00a0452 vagas\u00a0distribu\u00eddas entre cargos de n\u00edvel m\u00e9dio, m\u00e9dio\/t\u00e9cnico e superior. Os interessados em participar da sele\u00e7\u00e3o devem realizar as inscri\u00e7\u00f5es no\u00a0per\u00edodo de 27 de fevereiro a 25 de mar\u00e7o, no site da banca organizadora, o\u00a0Consulpam. As taxas foram [&hellip;]<\/p>\n","protected":false},"author":1,"featured_media":7509,"comment_status":"open","ping_status":"open","sticky":false,"template":"","format":"standard","meta":{"_uag_custom_page_level_css":"","_monsterinsights_skip_tracking":false,"_monsterinsights_sitenote_active":false,"_monsterinsights_sitenote_note":"","_monsterinsights_sitenote_category":0,"jetpack_post_was_ever_published":false,"_jetpack_newsletter_access":"","_jetpack_dont_email_post_to_subs":false,"_jetpack_newsletter_tier_id":0,"_jetpack_memberships_contains_paywalled_content":false,"_jetpack_memberships_contains_paid_content":false,"footnotes":"","jetpack_publicize_message":"","jetpack_publicize_feature_enabled":true,"jetpack_social_post_already_shared":true,"jetpack_social_options":{"image_generator_settings":{"template":"highway","default_image_id":0,"font":"","enabled":false},"version":2}},"categories":[199],"tags":[],"class_list":["post-7508","post","type-post","status-publish","format-standard","has-post-thumbnail","hentry","category-bahia"],"jetpack_publicize_connections":[],"jetpack_featured_media_url":"https:\/\/blogopara.com.br\/wp-content\/uploads\/2020\/02\/5a71d8810982af6007c42c1afbd544e0-e1545162176591.jpg","uagb_featured_image_src":{"full":["https:\/\/blogopara.com.br\/wp-content\/uploads\/2020\/02\/5a71d8810982af6007c42c1afbd544e0-e1545162176591.jpg",400,300,false],"thumbnail":["https:\/\/blogopara.com.br\/wp-content\/uploads\/2020\/02\/5a71d8810982af6007c42c1afbd544e0-e1545162176591-150x150.jpg",150,150,true],"medium":["https:\/\/blogopara.com.br\/wp-content\/uploads\/2020\/02\/5a71d8810982af6007c42c1afbd544e0-e1545162176591-300x225.jpg",300,225,true],"medium_large":["https:\/\/blogopara.com.br\/wp-content\/uploads\/2020\/02\/5a71d8810982af6007c42c1afbd544e0-e1545162176591.jpg",400,300,false],"large":["https:\/\/blogopara.com.br\/wp-content\/uploads\/2020\/02\/5a71d8810982af6007c42c1afbd544e0-e1545162176591.jpg",400,300,false],"1536x1536":["https:\/\/blogopara.com.br\/wp-content\/uploads\/2020\/02\/5a71d8810982af6007c42c1afbd544e0-e1545162176591.jpg",400,300,false],"2048x2048":["https:\/\/blogopara.com.br\/wp-content\/uploads\/2020\/02\/5a71d8810982af6007c42c1afbd544e0-e1545162176591.jpg",400,300,false],"mantranews-slider-large":["https:\/\/blogopara.com.br\/wp-content\/uploads\/2020\/02\/5a71d8810982af6007c42c1afbd544e0-e1545162176591.jpg",400,300,false],"mantranews-featured-medium":["https:\/\/blogopara.com.br\/wp-content\/uploads\/2020\/02\/5a71d8810982af6007c42c1afbd544e0-e1545162176591.jpg",400,300,false],"mantranews-featured-long":["https:\/\/blogopara.com.br\/wp-content\/uploads\/2020\/02\/5a71d8810982af6007c42c1afbd544e0-e1545162176591.jpg",300,225,false],"mantranews-block-medium":["https:\/\/blogopara.com.br\/wp-content\/uploads\/2020\/02\/5a71d8810982af6007c42c1afbd544e0-e1545162176591.jpg",387,290,false],"mantranews-carousel-image":["https:\/\/blogopara.com.br\/wp-content\/uploads\/2020\/02\/5a71d8810982af6007c42c1afbd544e0-e1545162176591.jpg",400,300,false],"mantranews-block-thumb":["https:\/\/blogopara.com.br\/wp-content\/uploads\/2020\/02\/5a71d8810982af6007c42c1afbd544e0-e1545162176591.jpg",307,230,false],"mantranews-single-large":["https:\/\/blogopara.com.br\/wp-content\/uploads\/2020\/02\/5a71d8810982af6007c42c1afbd544e0-e1545162176591.jpg",400,300,false]},"uagb_author_info":{"display_name":"Reda\u00e7\u00e3o geral","author_link":"https:\/\/blogopara.com.br\/index.php\/author\/blogopara"},"uagb_comment_info":0,"uagb_excerpt":"Foi publicado o edital do concurso p\u00fablico da Prefeitura Municipal de Paulo Afonso, Estado da Bahia. S\u00e3o ofertadas\u00a0452 vagas\u00a0distribu\u00eddas entre cargos de n\u00edvel m\u00e9dio, m\u00e9dio\/t\u00e9cnico e superior. Os interessados em participar da sele\u00e7\u00e3o devem realizar as inscri\u00e7\u00f5es no\u00a0per\u00edodo de 27 de fevereiro a 25 de mar\u00e7o, no site da banca organizadora, o\u00a0Consulpam. As taxas foram&hellip;","jetpack_sharing_enabled":true,"jetpack_likes_enabled":true,"_links":{"self":[{"href":"https:\/\/blogopara.com.br\/index.php\/wp-json\/wp\/v2\/posts\/7508","targetHints":{"allow":["GET"]}}],"collection":[{"href":"https:\/\/blogopara.com.br\/index.php\/wp-json\/wp\/v2\/posts"}],"about":[{"href":"https:\/\/blogopara.com.br\/index.php\/wp-json\/wp\/v2\/types\/post"}],"author":[{"embeddable":true,"href":"https:\/\/blogopara.com.br\/index.php\/wp-json\/wp\/v2\/users\/1"}],"replies":[{"embeddable":true,"href":"https:\/\/blogopara.com.br\/index.php\/wp-json\/wp\/v2\/comments?post=7508"}],"version-history":[{"count":1,"href":"https:\/\/blogopara.com.br\/index.php\/wp-json\/wp\/v2\/posts\/7508\/revisions"}],"predecessor-version":[{"id":7510,"href":"https:\/\/blogopara.com.br\/index.php\/wp-json\/wp\/v2\/posts\/7508\/revisions\/7510"}],"wp:featuredmedia":[{"embeddable":true,"href":"https:\/\/blogopara.com.br\/index.php\/wp-json\/wp\/v2\/media\/7509"}],"wp:attachment":[{"href":"https:\/\/blogopara.com.br\/index.php\/wp-json\/wp\/v2\/media?parent=7508"}],"wp:term":[{"taxonomy":"category","embeddable":true,"href":"https:\/\/blogopara.com.br\/index.php\/wp-json\/wp\/v2\/categories?post=7508"},{"taxonomy":"post_tag","embeddable":true,"href":"https:\/\/blogopara.com.br\/index.php\/wp-json\/wp\/v2\/tags?post=7508"}],"curies":[{"name":"wp","href":"https:\/\/api.w.org\/{rel}","templated":true}]}}