{"id":75087,"date":"2025-04-20T11:30:24","date_gmt":"2025-04-20T14:30:24","guid":{"rendered":"https:\/\/blogopara.com.br\/?p=75087"},"modified":"2025-04-20T11:30:24","modified_gmt":"2025-04-20T14:30:24","slug":"em-nazare-governador-inaugura-mais-uma-unidade-integrada-da-seguranca-publica-e-amplia-o-abastecimento-de-agua-na-regiao","status":"publish","type":"post","link":"https:\/\/blogopara.com.br\/index.php\/2025\/04\/20\/em-nazare-governador-inaugura-mais-uma-unidade-integrada-da-seguranca-publica-e-amplia-o-abastecimento-de-agua-na-regiao","title":{"rendered":"Em Nazar\u00e9, governador inaugura mais uma unidade integrada da seguran\u00e7a p\u00fablica e amplia o abastecimento de \u00e1gua na regi\u00e3o"},"content":{"rendered":"<p>Dando continuidade ao projeto de moderniza\u00e7\u00e3o das estruturas de seguran\u00e7a da Bahia, o governador Jer\u00f4nimo Rodrigues inaugurou neste s\u00e1bado (19), as novas sedes da Delegacia Territorial e do 14\u00ba Pelot\u00e3o da Pol\u00edcia Militar da cidade de Nazar\u00e9, no Rec\u00f4ncavo Baiano. Ainda no local, entregou o sistema integrado de abastecimento de \u00e1gua nas localidades de Caboto I e Caboto II e autorizou obras importantes para garantir a seguran\u00e7a h\u00eddrica, somando R$ 158 milh\u00f5es em investimentos.<\/p>\n<p>\u201cEssa \u00e9 uma agenda muito significativa. Entreguei equipamentos para a seguran\u00e7a p\u00fablica e sobrevoei alguns locais em que vamos fazer uma reforma, como o mercado e o terreno de uma escola de tempo integral\u201d, pontuou o governador.<\/p>\n<p>Com aporte de mais de R$ 3,5 milh\u00f5es, as novas unidades da seguran\u00e7a v\u00e3o trazer mais conforto e comodidade para policiais civis e militares e tamb\u00e9m para a popula\u00e7\u00e3o de Nazar\u00e9 e regi\u00e3o, como explicou o subsecret\u00e1rio da Seguran\u00e7a P\u00fablica (SSP), Marcel de Oliveira.<\/p>\n<p>\u201cEstamos chegando a 160 unidades entregues desde 2023 e a 24\u00aa de 2025, entre Pol\u00edcia Militar, Civil, Bombeiros e Departamento de Pol\u00edcia T\u00e9cnica. Isso valoriza o trabalho do servidor da SSP e tamb\u00e9m traz um melhor conforto para a popula\u00e7\u00e3o quando precisa ser atendida. Tudo isso, somado \u00e0 entrega de viaturas novas, equipamentos, armamentos, coletes, vem a fazer a nossa seguran\u00e7a uma das melhores do pa\u00eds\u201d, afirmou.<\/p>\n<p>O Pelot\u00e3o conta com salas para comando, capacita\u00e7\u00e3o e setor de Planejamento Operacional. J\u00e1 a Delegacia Territorial disp\u00f5e de espa\u00e7os para o delegado, \u00e1rea de atendimento \u00e0 comunidade, sala de reconhecimento e cust\u00f3dia.<\/p>\n<p>Entregas bem recebidas pela coordenadora escolar e moradora de Nazar\u00e9, Yana Carolini, 27 anos. \u201cCom certeza, essas novas unidades v\u00e3o trazer mais tranquilidade para o povo nazareno. E a gente precisa disso, porque seguran\u00e7a \u00e9 tudo. Sem a seguran\u00e7a p\u00fablica, a gente acaba afundando em problemas sociais. Ent\u00e3o foi uma excelente aquisi\u00e7\u00e3o para a cidade\u201d, pontuou.<\/p>\n<p><strong>Mais \u00e1gua pot\u00e1vel para a popula\u00e7\u00e3o<\/strong><\/p>\n<p>Em parceria com o Minist\u00e9rio das Cidades (MCID), do Governo Federal, Jer\u00f4nimo Rodrigues autorizou duas importantes obras de infraestrutura h\u00eddrica. A primeira \u00e9 a implanta\u00e7\u00e3o do Sistema de Esgotamento Sanit\u00e1rio (SES), no \u00e2mbito do Novo PAC. A segunda \u00e9 a amplia\u00e7\u00e3o do Sistema de Abastecimento de \u00c1gua (SAA) de Nazar\u00e9. O investimento total para essas obras \u00e9 de R$ 158 milh\u00f5es. A iniciativa vai dar um destino adequado ao esgoto da cidade e acabar de vez com a escassez de \u00e1gua na regi\u00e3o.<\/p>\n<p>\u201c Vamos resolver o problema da \u00e1gua de Nazar\u00e9 e torn\u00e1- la universal pra os pr\u00f3ximos 20, 30 anos, e do esgotamento sanit\u00e1rio, com o apoio do Governo Federal\u201d, destacou o governador.<\/p>\n<p>Na ocasi\u00e3o, ainda foi entregue o sistema integrado de abastecimento de \u00e1gua nas localidades de Caboto I e Caboto II, com um investimento de R$ 430 mil, proporcionando mais qualidade de vida para 700 pessoas; e assinada a autoriza\u00e7\u00e3o para o projeto de recupera\u00e7\u00e3o de tr\u00eas unidades b\u00e1sicas de sa\u00fade e amplia\u00e7\u00e3o da policl\u00ednica municipal.<\/p>\n","protected":false},"excerpt":{"rendered":"<p>Dando continuidade ao projeto de moderniza\u00e7\u00e3o das estruturas de seguran\u00e7a da Bahia, o governador Jer\u00f4nimo Rodrigues inaugurou neste s\u00e1bado (19), as novas sedes da Delegacia Territorial e do 14\u00ba Pelot\u00e3o da Pol\u00edcia Militar da cidade de Nazar\u00e9, no Rec\u00f4ncavo Baiano. Ainda no local, entregou o sistema integrado de abastecimento de \u00e1gua nas localidades de Caboto [&hellip;]<\/p>\n","protected":false},"author":1,"featured_media":75088,"comment_status":"open","ping_status":"open","sticky":false,"template":"","format":"standard","meta":{"_uag_custom_page_level_css":"","_monsterinsights_skip_tracking":false,"_monsterinsights_sitenote_active":false,"_monsterinsights_sitenote_note":"","_monsterinsights_sitenote_category":0,"jetpack_post_was_ever_published":false,"_jetpack_newsletter_access":"","_jetpack_dont_email_post_to_subs":false,"_jetpack_newsletter_tier_id":0,"_jetpack_memberships_contains_paywalled_content":false,"_jetpack_memberships_contains_paid_content":false,"footnotes":"","jetpack_publicize_message":"","jetpack_publicize_feature_enabled":true,"jetpack_social_post_already_shared":true,"jetpack_social_options":{"image_generator_settings":{"template":"highway","default_image_id":0,"font":"","enabled":false},"version":2}},"categories":[199,197],"tags":[],"class_list":["post-75087","post","type-post","status-publish","format-standard","has-post-thumbnail","hentry","category-bahia","category-politica"],"jetpack_publicize_connections":[],"jetpack_featured_media_url":"https:\/\/blogopara.com.br\/wp-content\/uploads\/2025\/04\/p\u00b4.jpg","uagb_featured_image_src":{"full":["https:\/\/blogopara.com.br\/wp-content\/uploads\/2025\/04\/p\u00b4.jpg",500,362,false],"thumbnail":["https:\/\/blogopara.com.br\/wp-content\/uploads\/2025\/04\/p\u00b4-150x150.jpg",150,150,true],"medium":["https:\/\/blogopara.com.br\/wp-content\/uploads\/2025\/04\/p\u00b4-300x217.jpg",300,217,true],"medium_large":["https:\/\/blogopara.com.br\/wp-content\/uploads\/2025\/04\/p\u00b4.jpg",500,362,false],"large":["https:\/\/blogopara.com.br\/wp-content\/uploads\/2025\/04\/p\u00b4.jpg",500,362,false],"1536x1536":["https:\/\/blogopara.com.br\/wp-content\/uploads\/2025\/04\/p\u00b4.jpg",500,362,false],"2048x2048":["https:\/\/blogopara.com.br\/wp-content\/uploads\/2025\/04\/p\u00b4.jpg",500,362,false],"mantranews-slider-large":["https:\/\/blogopara.com.br\/wp-content\/uploads\/2025\/04\/p\u00b4.jpg",500,362,false],"mantranews-featured-medium":["https:\/\/blogopara.com.br\/wp-content\/uploads\/2025\/04\/p\u00b4-420x307.jpg",420,307,true],"mantranews-featured-long":["https:\/\/blogopara.com.br\/wp-content\/uploads\/2025\/04\/p\u00b4-300x362.jpg",300,362,true],"mantranews-block-medium":["https:\/\/blogopara.com.br\/wp-content\/uploads\/2025\/04\/p\u00b4-464x290.jpg",464,290,true],"mantranews-carousel-image":["https:\/\/blogopara.com.br\/wp-content\/uploads\/2025\/04\/p\u00b4.jpg",500,362,false],"mantranews-block-thumb":["https:\/\/blogopara.com.br\/wp-content\/uploads\/2025\/04\/p\u00b4-322x230.jpg",322,230,true],"mantranews-single-large":["https:\/\/blogopara.com.br\/wp-content\/uploads\/2025\/04\/p\u00b4.jpg",500,362,false]},"uagb_author_info":{"display_name":"Reda\u00e7\u00e3o geral","author_link":"https:\/\/blogopara.com.br\/index.php\/author\/blogopara"},"uagb_comment_info":0,"uagb_excerpt":"Dando continuidade ao projeto de moderniza\u00e7\u00e3o das estruturas de seguran\u00e7a da Bahia, o governador Jer\u00f4nimo Rodrigues inaugurou neste s\u00e1bado (19), as novas sedes da Delegacia Territorial e do 14\u00ba Pelot\u00e3o da Pol\u00edcia Militar da cidade de Nazar\u00e9, no Rec\u00f4ncavo Baiano. Ainda no local, entregou o sistema integrado de abastecimento de \u00e1gua nas localidades de Caboto&hellip;","jetpack_sharing_enabled":true,"jetpack_likes_enabled":true,"_links":{"self":[{"href":"https:\/\/blogopara.com.br\/index.php\/wp-json\/wp\/v2\/posts\/75087","targetHints":{"allow":["GET"]}}],"collection":[{"href":"https:\/\/blogopara.com.br\/index.php\/wp-json\/wp\/v2\/posts"}],"about":[{"href":"https:\/\/blogopara.com.br\/index.php\/wp-json\/wp\/v2\/types\/post"}],"author":[{"embeddable":true,"href":"https:\/\/blogopara.com.br\/index.php\/wp-json\/wp\/v2\/users\/1"}],"replies":[{"embeddable":true,"href":"https:\/\/blogopara.com.br\/index.php\/wp-json\/wp\/v2\/comments?post=75087"}],"version-history":[{"count":1,"href":"https:\/\/blogopara.com.br\/index.php\/wp-json\/wp\/v2\/posts\/75087\/revisions"}],"predecessor-version":[{"id":75089,"href":"https:\/\/blogopara.com.br\/index.php\/wp-json\/wp\/v2\/posts\/75087\/revisions\/75089"}],"wp:featuredmedia":[{"embeddable":true,"href":"https:\/\/blogopara.com.br\/index.php\/wp-json\/wp\/v2\/media\/75088"}],"wp:attachment":[{"href":"https:\/\/blogopara.com.br\/index.php\/wp-json\/wp\/v2\/media?parent=75087"}],"wp:term":[{"taxonomy":"category","embeddable":true,"href":"https:\/\/blogopara.com.br\/index.php\/wp-json\/wp\/v2\/categories?post=75087"},{"taxonomy":"post_tag","embeddable":true,"href":"https:\/\/blogopara.com.br\/index.php\/wp-json\/wp\/v2\/tags?post=75087"}],"curies":[{"name":"wp","href":"https:\/\/api.w.org\/{rel}","templated":true}]}}