{"id":75247,"date":"2025-04-25T08:49:10","date_gmt":"2025-04-25T11:49:10","guid":{"rendered":"https:\/\/blogopara.com.br\/?p=75247"},"modified":"2025-04-25T08:49:10","modified_gmt":"2025-04-25T11:49:10","slug":"prefeitura-de-senhor-do-bonfim-celebra-os-17-anos-do-samu-cta-sae-e-usf-quilombola-com-acao-especial-em-tijuacu","status":"publish","type":"post","link":"https:\/\/blogopara.com.br\/index.php\/2025\/04\/25\/prefeitura-de-senhor-do-bonfim-celebra-os-17-anos-do-samu-cta-sae-e-usf-quilombola-com-acao-especial-em-tijuacu","title":{"rendered":"Prefeitura de Senhor do Bonfim celebra os 17 anos do SAMU, CTA\/SAE e USF Quilombola com a\u00e7\u00e3o especial em Tijua\u00e7u"},"content":{"rendered":"<p>\u201cFoi uma a\u00e7\u00e3o maravilhosa, bem organizada e importante para todos n\u00f3s da comunidade. Aproveitei para tomar a vacina da gripe e aferir minha press\u00e3o. Que mais momentos como esse cheguem aqui\u201d, declarou dona Alba dos Santos, moradora do distrito de Tijua\u00e7u, que participou da a\u00e7\u00e3o de sa\u00fade realizada na manh\u00e3 desta quinta-feira (24), no Centro de Conviv\u00eancia Cultural.<\/p>\n<p>Promovida pela Prefeitura de Senhor do Bonfim, por meio da Secretaria Municipal de Sa\u00fade, a iniciativa celebrou os 17 anos de atua\u00e7\u00e3o do Servi\u00e7o de Atendimento M\u00f3vel de Urg\u00eancia (SAMU), do Centro de Testagem e Aconselhamento\/Servi\u00e7o de Atendimento Especializado (CTA\/SAE) e da Unidade de Sa\u00fade da Fam\u00edlia Quilombola de Tijua\u00e7u.<\/p>\n<p>Durante a a\u00e7\u00e3o, a popula\u00e7\u00e3o teve acesso gratuito a diversos servi\u00e7os de sa\u00fade, como testes r\u00e1pidos para ISTs, vacina\u00e7\u00e3o, atendimento odontol\u00f3gico com o Odontom\u00f3vel, aferi\u00e7\u00e3o de press\u00e3o arterial e glicemia capilar, al\u00e9m de orienta\u00e7\u00f5es sobre primeiros socorros e preven\u00e7\u00e3o de acidentes dom\u00e9sticos.<\/p>\n<p>O evento tamb\u00e9m teve car\u00e1ter educativo, com atividades direcionadas a estudantes e jovens da comunidade, refor\u00e7ando o papel da sa\u00fade preventiva e da educa\u00e7\u00e3o para o cuidado integral. \u201cAprendemos bastante com a equipe do SAMU e da sa\u00fade, que falaram sobre primeiros socorros e tamb\u00e9m sobre educa\u00e7\u00e3o sexual, que \u00e9 algo que muitas vezes n\u00e3o temos em casa. Foi muito importante\u201d, relatou Lorena Silva, aluna da rede municipal de ensino.<\/p>\n<p>&#8211;<br \/>\nTexto: Ascom PMSB<\/p>\n","protected":false},"excerpt":{"rendered":"<p>\u201cFoi uma a\u00e7\u00e3o maravilhosa, bem organizada e importante para todos n\u00f3s da comunidade. Aproveitei para tomar a vacina da gripe e aferir minha press\u00e3o. Que mais momentos como esse cheguem aqui\u201d, declarou dona Alba dos Santos, moradora do distrito de Tijua\u00e7u, que participou da a\u00e7\u00e3o de sa\u00fade realizada na manh\u00e3 desta quinta-feira (24), no Centro [&hellip;]<\/p>\n","protected":false},"author":1,"featured_media":75256,"comment_status":"open","ping_status":"open","sticky":false,"template":"","format":"standard","meta":{"_uag_custom_page_level_css":"","_monsterinsights_skip_tracking":false,"_monsterinsights_sitenote_active":false,"_monsterinsights_sitenote_note":"","_monsterinsights_sitenote_category":0,"jetpack_post_was_ever_published":false,"_jetpack_newsletter_access":"","_jetpack_dont_email_post_to_subs":false,"_jetpack_newsletter_tier_id":0,"_jetpack_memberships_contains_paywalled_content":false,"_jetpack_memberships_contains_paid_content":false,"footnotes":"","jetpack_publicize_message":"","jetpack_publicize_feature_enabled":true,"jetpack_social_post_already_shared":true,"jetpack_social_options":{"image_generator_settings":{"template":"highway","default_image_id":0,"font":"","enabled":false},"version":2}},"categories":[197,205],"tags":[],"class_list":["post-75247","post","type-post","status-publish","format-standard","has-post-thumbnail","hentry","category-politica","category-saude"],"jetpack_publicize_connections":[],"jetpack_featured_media_url":"https:\/\/blogopara.com.br\/wp-content\/uploads\/2025\/04\/thumbnail_54473734955_b8682e016d_k.jpg","uagb_featured_image_src":{"full":["https:\/\/blogopara.com.br\/wp-content\/uploads\/2025\/04\/thumbnail_54473734955_b8682e016d_k.jpg",500,333,false],"thumbnail":["https:\/\/blogopara.com.br\/wp-content\/uploads\/2025\/04\/thumbnail_54473734955_b8682e016d_k-150x150.jpg",150,150,true],"medium":["https:\/\/blogopara.com.br\/wp-content\/uploads\/2025\/04\/thumbnail_54473734955_b8682e016d_k-300x200.jpg",300,200,true],"medium_large":["https:\/\/blogopara.com.br\/wp-content\/uploads\/2025\/04\/thumbnail_54473734955_b8682e016d_k.jpg",500,333,false],"large":["https:\/\/blogopara.com.br\/wp-content\/uploads\/2025\/04\/thumbnail_54473734955_b8682e016d_k.jpg",500,333,false],"1536x1536":["https:\/\/blogopara.com.br\/wp-content\/uploads\/2025\/04\/thumbnail_54473734955_b8682e016d_k.jpg",500,333,false],"2048x2048":["https:\/\/blogopara.com.br\/wp-content\/uploads\/2025\/04\/thumbnail_54473734955_b8682e016d_k.jpg",500,333,false],"mantranews-slider-large":["https:\/\/blogopara.com.br\/wp-content\/uploads\/2025\/04\/thumbnail_54473734955_b8682e016d_k.jpg",500,333,false],"mantranews-featured-medium":["https:\/\/blogopara.com.br\/wp-content\/uploads\/2025\/04\/thumbnail_54473734955_b8682e016d_k-420x307.jpg",420,307,true],"mantranews-featured-long":["https:\/\/blogopara.com.br\/wp-content\/uploads\/2025\/04\/thumbnail_54473734955_b8682e016d_k-300x333.jpg",300,333,true],"mantranews-block-medium":["https:\/\/blogopara.com.br\/wp-content\/uploads\/2025\/04\/thumbnail_54473734955_b8682e016d_k-464x290.jpg",464,290,true],"mantranews-carousel-image":["https:\/\/blogopara.com.br\/wp-content\/uploads\/2025\/04\/thumbnail_54473734955_b8682e016d_k.jpg",500,333,false],"mantranews-block-thumb":["https:\/\/blogopara.com.br\/wp-content\/uploads\/2025\/04\/thumbnail_54473734955_b8682e016d_k-322x230.jpg",322,230,true],"mantranews-single-large":["https:\/\/blogopara.com.br\/wp-content\/uploads\/2025\/04\/thumbnail_54473734955_b8682e016d_k.jpg",500,333,false]},"uagb_author_info":{"display_name":"Reda\u00e7\u00e3o geral","author_link":"https:\/\/blogopara.com.br\/index.php\/author\/blogopara"},"uagb_comment_info":0,"uagb_excerpt":"\u201cFoi uma a\u00e7\u00e3o maravilhosa, bem organizada e importante para todos n\u00f3s da comunidade. Aproveitei para tomar a vacina da gripe e aferir minha press\u00e3o. Que mais momentos como esse cheguem aqui\u201d, declarou dona Alba dos Santos, moradora do distrito de Tijua\u00e7u, que participou da a\u00e7\u00e3o de sa\u00fade realizada na manh\u00e3 desta quinta-feira (24), no Centro&hellip;","jetpack_sharing_enabled":true,"jetpack_likes_enabled":true,"_links":{"self":[{"href":"https:\/\/blogopara.com.br\/index.php\/wp-json\/wp\/v2\/posts\/75247","targetHints":{"allow":["GET"]}}],"collection":[{"href":"https:\/\/blogopara.com.br\/index.php\/wp-json\/wp\/v2\/posts"}],"about":[{"href":"https:\/\/blogopara.com.br\/index.php\/wp-json\/wp\/v2\/types\/post"}],"author":[{"embeddable":true,"href":"https:\/\/blogopara.com.br\/index.php\/wp-json\/wp\/v2\/users\/1"}],"replies":[{"embeddable":true,"href":"https:\/\/blogopara.com.br\/index.php\/wp-json\/wp\/v2\/comments?post=75247"}],"version-history":[{"count":1,"href":"https:\/\/blogopara.com.br\/index.php\/wp-json\/wp\/v2\/posts\/75247\/revisions"}],"predecessor-version":[{"id":75257,"href":"https:\/\/blogopara.com.br\/index.php\/wp-json\/wp\/v2\/posts\/75247\/revisions\/75257"}],"wp:featuredmedia":[{"embeddable":true,"href":"https:\/\/blogopara.com.br\/index.php\/wp-json\/wp\/v2\/media\/75256"}],"wp:attachment":[{"href":"https:\/\/blogopara.com.br\/index.php\/wp-json\/wp\/v2\/media?parent=75247"}],"wp:term":[{"taxonomy":"category","embeddable":true,"href":"https:\/\/blogopara.com.br\/index.php\/wp-json\/wp\/v2\/categories?post=75247"},{"taxonomy":"post_tag","embeddable":true,"href":"https:\/\/blogopara.com.br\/index.php\/wp-json\/wp\/v2\/tags?post=75247"}],"curies":[{"name":"wp","href":"https:\/\/api.w.org\/{rel}","templated":true}]}}