{"id":75317,"date":"2025-04-26T09:31:43","date_gmt":"2025-04-26T12:31:43","guid":{"rendered":"https:\/\/blogopara.com.br\/?p=75317"},"modified":"2025-04-26T09:31:43","modified_gmt":"2025-04-26T12:31:43","slug":"escola-maria-de-lourdes-duarte-inicia-comemoracoes-do-dia-da-educacao-com-lancamento-de-projeto-de-incentivo-a-leitura","status":"publish","type":"post","link":"https:\/\/blogopara.com.br\/index.php\/2025\/04\/26\/escola-maria-de-lourdes-duarte-inicia-comemoracoes-do-dia-da-educacao-com-lancamento-de-projeto-de-incentivo-a-leitura","title":{"rendered":"Escola Maria de Lourdes Duarte inicia comemora\u00e7\u00f5es do Dia da Educa\u00e7\u00e3o com lan\u00e7amento de projeto de incentivo \u00e0 leitura"},"content":{"rendered":"<p>A Escola Municipal Professora Maria de Lourdes Duarte, em Juazeiro, reuniu os estudantes do 1\u00ba ao 5\u00ba ano do Ensino Fundamental, nesta sexta-feira (25), para o lan\u00e7amento do projeto de literatura \u201cCaf\u00e9 com Poesia\u201d. O evento, que integra as comemora\u00e7\u00f5es do Dia da Educa\u00e7\u00e3o, celebrado em 28 de abril, aconteceu no campus da Universidade do Estado da Bahia (Uneb).<\/p>\n<p>O projeto, que ser\u00e1 desenvolvido ao longo do ano letivo, visa aproximar os estudantes da literatura, por meio de atividades e do incentivo \u00e0 leitura na rotina escolar. \u201cO nosso objetivo \u00e9 despertar o gosto e o interesse dos alunos pela leitura desde cedo, como instrumento de aprendizagem. A proposta \u00e9 trabalhada numa perspectiva l\u00fadica, prazerosa e interdisciplinar, estimulando a escrita, a oralidade e a amplia\u00e7\u00e3o do vocabul\u00e1rio\u201d, explicou a gestora da unidade escolar, Leide Patr\u00edcia de Santana Costa.<\/p>\n<p>Durante o lan\u00e7amento, os estudantes declamaram poemas de Vinicius de Moraes e Cec\u00edlia Meireles, dan\u00e7aram e cantaram celebrando a import\u00e2ncia da literatura. \u201cEu fiz uma apresenta\u00e7\u00e3o sobre a leitura e foi muito legal. Ler \u00e9 muito importante porque a gente pode fazer muitas coisas e viajar para muitos mundos lendo\u201d, frisou o estudante do 5\u00ba ano, Enzo Vitor Ara\u00fajo Gomes.<\/p>\n<p>&nbsp;<\/p>\n<p>Ascom Seduc\/PMJ<\/p>\n","protected":false},"excerpt":{"rendered":"<p>A Escola Municipal Professora Maria de Lourdes Duarte, em Juazeiro, reuniu os estudantes do 1\u00ba ao 5\u00ba ano do Ensino Fundamental, nesta sexta-feira (25), para o lan\u00e7amento do projeto de literatura \u201cCaf\u00e9 com Poesia\u201d. O evento, que integra as comemora\u00e7\u00f5es do Dia da Educa\u00e7\u00e3o, celebrado em 28 de abril, aconteceu no campus da Universidade do [&hellip;]<\/p>\n","protected":false},"author":1,"featured_media":75318,"comment_status":"open","ping_status":"open","sticky":false,"template":"","format":"standard","meta":{"_uag_custom_page_level_css":"","_monsterinsights_skip_tracking":false,"_monsterinsights_sitenote_active":false,"_monsterinsights_sitenote_note":"","_monsterinsights_sitenote_category":0,"jetpack_post_was_ever_published":false,"_jetpack_newsletter_access":"","_jetpack_dont_email_post_to_subs":false,"_jetpack_newsletter_tier_id":0,"_jetpack_memberships_contains_paywalled_content":false,"_jetpack_memberships_contains_paid_content":false,"footnotes":"","jetpack_publicize_message":"","jetpack_publicize_feature_enabled":true,"jetpack_social_post_already_shared":true,"jetpack_social_options":{"image_generator_settings":{"template":"highway","default_image_id":0,"font":"","enabled":false},"version":2}},"categories":[209,203],"tags":[],"class_list":["post-75317","post","type-post","status-publish","format-standard","has-post-thumbnail","hentry","category-educacao","category-juazeiro"],"jetpack_publicize_connections":[],"jetpack_featured_media_url":"https:\/\/blogopara.com.br\/wp-content\/uploads\/2025\/04\/Leitura-2-1536x1148-1.jpeg","uagb_featured_image_src":{"full":["https:\/\/blogopara.com.br\/wp-content\/uploads\/2025\/04\/Leitura-2-1536x1148-1.jpeg",500,373,false],"thumbnail":["https:\/\/blogopara.com.br\/wp-content\/uploads\/2025\/04\/Leitura-2-1536x1148-1-150x150.jpeg",150,150,true],"medium":["https:\/\/blogopara.com.br\/wp-content\/uploads\/2025\/04\/Leitura-2-1536x1148-1-300x224.jpeg",300,224,true],"medium_large":["https:\/\/blogopara.com.br\/wp-content\/uploads\/2025\/04\/Leitura-2-1536x1148-1.jpeg",500,373,false],"large":["https:\/\/blogopara.com.br\/wp-content\/uploads\/2025\/04\/Leitura-2-1536x1148-1.jpeg",500,373,false],"1536x1536":["https:\/\/blogopara.com.br\/wp-content\/uploads\/2025\/04\/Leitura-2-1536x1148-1.jpeg",500,373,false],"2048x2048":["https:\/\/blogopara.com.br\/wp-content\/uploads\/2025\/04\/Leitura-2-1536x1148-1.jpeg",500,373,false],"mantranews-slider-large":["https:\/\/blogopara.com.br\/wp-content\/uploads\/2025\/04\/Leitura-2-1536x1148-1.jpeg",500,373,false],"mantranews-featured-medium":["https:\/\/blogopara.com.br\/wp-content\/uploads\/2025\/04\/Leitura-2-1536x1148-1-420x307.jpeg",420,307,true],"mantranews-featured-long":["https:\/\/blogopara.com.br\/wp-content\/uploads\/2025\/04\/Leitura-2-1536x1148-1-300x373.jpeg",300,373,true],"mantranews-block-medium":["https:\/\/blogopara.com.br\/wp-content\/uploads\/2025\/04\/Leitura-2-1536x1148-1-464x290.jpeg",464,290,true],"mantranews-carousel-image":["https:\/\/blogopara.com.br\/wp-content\/uploads\/2025\/04\/Leitura-2-1536x1148-1.jpeg",500,373,false],"mantranews-block-thumb":["https:\/\/blogopara.com.br\/wp-content\/uploads\/2025\/04\/Leitura-2-1536x1148-1-322x230.jpeg",322,230,true],"mantranews-single-large":["https:\/\/blogopara.com.br\/wp-content\/uploads\/2025\/04\/Leitura-2-1536x1148-1.jpeg",500,373,false]},"uagb_author_info":{"display_name":"Reda\u00e7\u00e3o geral","author_link":"https:\/\/blogopara.com.br\/index.php\/author\/blogopara"},"uagb_comment_info":0,"uagb_excerpt":"A Escola Municipal Professora Maria de Lourdes Duarte, em Juazeiro, reuniu os estudantes do 1\u00ba ao 5\u00ba ano do Ensino Fundamental, nesta sexta-feira (25), para o lan\u00e7amento do projeto de literatura \u201cCaf\u00e9 com Poesia\u201d. O evento, que integra as comemora\u00e7\u00f5es do Dia da Educa\u00e7\u00e3o, celebrado em 28 de abril, aconteceu no campus da Universidade do&hellip;","jetpack_sharing_enabled":true,"jetpack_likes_enabled":true,"_links":{"self":[{"href":"https:\/\/blogopara.com.br\/index.php\/wp-json\/wp\/v2\/posts\/75317","targetHints":{"allow":["GET"]}}],"collection":[{"href":"https:\/\/blogopara.com.br\/index.php\/wp-json\/wp\/v2\/posts"}],"about":[{"href":"https:\/\/blogopara.com.br\/index.php\/wp-json\/wp\/v2\/types\/post"}],"author":[{"embeddable":true,"href":"https:\/\/blogopara.com.br\/index.php\/wp-json\/wp\/v2\/users\/1"}],"replies":[{"embeddable":true,"href":"https:\/\/blogopara.com.br\/index.php\/wp-json\/wp\/v2\/comments?post=75317"}],"version-history":[{"count":1,"href":"https:\/\/blogopara.com.br\/index.php\/wp-json\/wp\/v2\/posts\/75317\/revisions"}],"predecessor-version":[{"id":75319,"href":"https:\/\/blogopara.com.br\/index.php\/wp-json\/wp\/v2\/posts\/75317\/revisions\/75319"}],"wp:featuredmedia":[{"embeddable":true,"href":"https:\/\/blogopara.com.br\/index.php\/wp-json\/wp\/v2\/media\/75318"}],"wp:attachment":[{"href":"https:\/\/blogopara.com.br\/index.php\/wp-json\/wp\/v2\/media?parent=75317"}],"wp:term":[{"taxonomy":"category","embeddable":true,"href":"https:\/\/blogopara.com.br\/index.php\/wp-json\/wp\/v2\/categories?post=75317"},{"taxonomy":"post_tag","embeddable":true,"href":"https:\/\/blogopara.com.br\/index.php\/wp-json\/wp\/v2\/tags?post=75317"}],"curies":[{"name":"wp","href":"https:\/\/api.w.org\/{rel}","templated":true}]}}