{"id":7534,"date":"2020-02-26T16:20:13","date_gmt":"2020-02-26T19:20:13","guid":{"rendered":"http:\/\/blogopara.com.br\/?p=7534"},"modified":"2020-02-26T16:20:19","modified_gmt":"2020-02-26T19:20:19","slug":"apos-denuncias-contra-segurancas-estudante-da-ufpb-e-encontrado-morto","status":"publish","type":"post","link":"https:\/\/blogopara.com.br\/index.php\/2020\/02\/26\/apos-denuncias-contra-segurancas-estudante-da-ufpb-e-encontrado-morto","title":{"rendered":"Ap\u00f3s den\u00fancias contra seguran\u00e7as, estudante da UFPB \u00e9 encontrado morto"},"content":{"rendered":"<p style=\"text-align: justify;\">Ap\u00f3s denunciar\u00a0abusos e amea\u00e7as\u00a0de seguran\u00e7as terceirizados na Universidade Federal da Para\u00edba (UFPB), o estudante de filosofia Clayton Tomaz de Souza, 31 anos, foi\u00a0encontrado morto\u00a0em um matagal \u00e0 beira de uma estrada, em 8 de fevereiro, depois de dois dias desaparecido. Mas somente nesta segunda-feira (17\/2), o corpo do estudante acabou identificado pelos familiares, em Jo\u00e3o Pessoa.<\/p>\n<p style=\"text-align: justify;\">Segundo do Instituto de Pol\u00edcia Cient\u00edfica (IPC), o corpo chegou \u00e0 per\u00edcia em estado de\u00a0decomposi\u00e7\u00e3o\u00a0e com marcas de tiros. A aut\u00f3psia foi realizada no dia 10, mas s\u00f3 nesta segunda a fam\u00edlia, do interior de Pernambuco, conseguiu ir \u00e0 capital para identificar o corpo.<\/p>\n<p style=\"text-align: justify;\">Conhecido como &#8216;Alph&#8217;, o\u00a0estudante Clayton Tomaz de Souza, atuante no movimento estudantil, fazia queixas dos seguran\u00e7as terceirizados da universidade federal. Em v\u00eddeo compartilhado em 29 de janeiro, o estudante declarou que j\u00e1 se sentia amea\u00e7ado: &#8220;O fato \u00e9 que a minha vida est\u00e1 em risco, galera. Qualquer hora dessas esses caras d\u00e3o cabo de mim. Se eu aparecer morto, foram eles&#8221;.<\/p>\n<p style=\"text-align: justify;\">De acordo com o delegado do caso, Carlos Othon, os v\u00eddeos feitos por \u2018Alph\u2019 est\u00e3o sendo coletados e v\u00e3o ser analisados dentro do inqu\u00e9rito que apura a morte do estudante. \u201cVamos ouvir os seguran\u00e7as da UFPB, todos v\u00e3o ser convocados a prestar esclarecimentos\u201d, comentou.<\/p>\n<p style=\"text-align: justify;\">Em outra publica\u00e7\u00e3o, o estudante disse que protocolou na ouvidoria da UFPB uma den\u00fancia sobre as amea\u00e7as que sofria dos guardas dentro do campus. A UFPB informou, por nota, que lamenta a morte do estudante, mas n\u00e3o comentou mais sobre o caso:\u00a0<em>\u00a0<\/em><\/p>\n<p style=\"text-align: justify;\"><em>\u201cA Administra\u00e7\u00e3o Superior da Universidade Federal da Para\u00edba (UFPB) vem a p\u00fablico lamentar o infort\u00fanio que acometeu nosso estudante do curso de filosofia, do Centro de Ci\u00eancias Humanas, Letras e Artes (CCHLA), Clayton Tomaz de Souza, ao tempo que transmitimos aos seus familiares sinceros e fraternos votos de pesar, desejando que tudo seja esclarecido o mais r\u00e1pido poss\u00edvel.<\/em><em>\u00a0<\/em><\/p>\n<p style=\"text-align: justify;\"><em>A perda de uma vida prematuramente \u00e9 sempre motivo para refletirmos sobre o momento que passamos e os tempos que nos conduzem. Por isso, nessa hora tr\u00e1gica, nosso sentimento \u00e9 de que fa\u00e7amos o necess\u00e1rio para que n\u00e3o tenhamos de lamentar o desaparecimento de nossos jovens.<\/em><\/p>\n<p style=\"text-align: justify;\">\u00a0<em>Administra\u00e7\u00e3o Superior\u201d\u00a0<\/em><\/p>\n<p style=\"text-align: justify;\">\u00a0Homenagens e depreda\u00e7\u00e3o marcam repercuss\u00e3o do caso<\/p>\n<p style=\"text-align: justify;\">Por meio de nota o Diret\u00f3rio Central dos Estudantes da UFPB lamentou a morte do estudante:\u00a0<em>\u201cO DCE UFPB lamenta a morte do estudante de filosofia Alph Tomaz, ex-coordenador geral de nossa entidade na gest\u00e3o \u201cPra Frente\u201d nos anos de 2016\/2017. Sendo tamb\u00e9m presidente do Centro Acad\u00eamico de Filosofia por tr\u00eas anos. Alph foi conselheiro estudantil do CONSUNI (Conselho Superior Universit\u00e1rio) por dois anos, e membro estudantil na comiss\u00e3o da revis\u00e3o estatut\u00e1ria da UFPB (ESTATUINTE) pelo CCHLA. As diferen\u00e7as pol\u00edticas nesse momento s\u00e3o insignificantes, pelo tamanho da perda do Movimento Estudantil da UFPB no dia de hoje, desejamos conforto aos familiares e amigos\/as. Quando um\/a estudante morre todos\/as n\u00f3s sofremos, pois \u00e9 a interrup\u00e7\u00e3o de sonhos e metas comuns a todos\/as n\u00f3s estudantes que fazemos parte da UFPB\u201d<\/em>.<\/p>\n<p style=\"text-align: justify;\">Tamb\u00e9m na noite da ter\u00e7a-feira (18\/2), estudantes, professores e colegas se encontraram para um ato em protesto contra a morte do colega, marcado por pedidos de justi\u00e7a e investiga\u00e7\u00e3o da morte dele, al\u00e9m de homenagens sobre a trajet\u00f3ria do jovem dentro da universidade. O encontro aconteceu em uma pra\u00e7a localizada no campus I da Universidade Federal da Para\u00edba (UFPB), em Jo\u00e3o Pessoa.<\/p>\n<p style=\"text-align: justify;\">Ainda na noite da ter\u00e7a-feira (18\/2), a reitoria da universidade foi depredada. Al\u00e9m de vidros quebrados e salas reviradas, paredes foram pichadas com questionamentos quanto a morte do universit\u00e1rio. Os vigilantes informaram que a depreda\u00e7\u00e3o ocorreu depois que alguns estudantes deixaram o ato organizado. A organiza\u00e7\u00e3o da homenagem disse que n\u00e3o h\u00e1 informa\u00e7\u00f5es de quem teria praticado a depreda\u00e7\u00e3o.<\/p>\n<pre>Fonte: Correiobraziliense<\/pre>\n<p style=\"text-align: justify;\">\n","protected":false},"excerpt":{"rendered":"<p>O corpo do universit\u00e1rio foi encontrado em 8 de fevereiro j\u00e1 em estado de decomposi\u00e7\u00e3o. Familiares s\u00f3 o reconheceram nesta segunda-feira (17\/2)<\/p>\n","protected":false},"author":1,"featured_media":7535,"comment_status":"open","ping_status":"open","sticky":false,"template":"","format":"standard","meta":{"_uag_custom_page_level_css":"","_monsterinsights_skip_tracking":false,"_monsterinsights_sitenote_active":false,"_monsterinsights_sitenote_note":"","_monsterinsights_sitenote_category":0,"jetpack_post_was_ever_published":false,"_jetpack_newsletter_access":"","_jetpack_dont_email_post_to_subs":false,"_jetpack_newsletter_tier_id":0,"_jetpack_memberships_contains_paywalled_content":false,"_jetpack_memberships_contains_paid_content":false,"footnotes":"","jetpack_publicize_message":"","jetpack_publicize_feature_enabled":true,"jetpack_social_post_already_shared":true,"jetpack_social_options":{"image_generator_settings":{"template":"highway","default_image_id":0,"font":"","enabled":false},"version":2}},"categories":[200],"tags":[],"class_list":["post-7534","post","type-post","status-publish","format-standard","has-post-thumbnail","hentry","category-brasil"],"jetpack_publicize_connections":[],"jetpack_featured_media_url":"https:\/\/blogopara.com.br\/wp-content\/uploads\/2020\/02\/20200219164030743665e.jpg","uagb_featured_image_src":{"full":["https:\/\/blogopara.com.br\/wp-content\/uploads\/2020\/02\/20200219164030743665e.jpg",820,513,false],"thumbnail":["https:\/\/blogopara.com.br\/wp-content\/uploads\/2020\/02\/20200219164030743665e-150x150.jpg",150,150,true],"medium":["https:\/\/blogopara.com.br\/wp-content\/uploads\/2020\/02\/20200219164030743665e-300x188.jpg",300,188,true],"medium_large":["https:\/\/blogopara.com.br\/wp-content\/uploads\/2020\/02\/20200219164030743665e-768x480.jpg",640,400,true],"large":["https:\/\/blogopara.com.br\/wp-content\/uploads\/2020\/02\/20200219164030743665e.jpg",640,400,false],"1536x1536":["https:\/\/blogopara.com.br\/wp-content\/uploads\/2020\/02\/20200219164030743665e.jpg",820,513,false],"2048x2048":["https:\/\/blogopara.com.br\/wp-content\/uploads\/2020\/02\/20200219164030743665e.jpg",820,513,false],"mantranews-slider-large":["https:\/\/blogopara.com.br\/wp-content\/uploads\/2020\/02\/20200219164030743665e.jpg",820,513,false],"mantranews-featured-medium":["https:\/\/blogopara.com.br\/wp-content\/uploads\/2020\/02\/20200219164030743665e.jpg",420,263,false],"mantranews-featured-long":["https:\/\/blogopara.com.br\/wp-content\/uploads\/2020\/02\/20200219164030743665e.jpg",300,188,false],"mantranews-block-medium":["https:\/\/blogopara.com.br\/wp-content\/uploads\/2020\/02\/20200219164030743665e.jpg",464,290,false],"mantranews-carousel-image":["https:\/\/blogopara.com.br\/wp-content\/uploads\/2020\/02\/20200219164030743665e.jpg",600,375,false],"mantranews-block-thumb":["https:\/\/blogopara.com.br\/wp-content\/uploads\/2020\/02\/20200219164030743665e.jpg",322,201,false],"mantranews-single-large":["https:\/\/blogopara.com.br\/wp-content\/uploads\/2020\/02\/20200219164030743665e.jpg",820,513,false]},"uagb_author_info":{"display_name":"Reda\u00e7\u00e3o geral","author_link":"https:\/\/blogopara.com.br\/index.php\/author\/blogopara"},"uagb_comment_info":0,"uagb_excerpt":"O corpo do universit\u00e1rio foi encontrado em 8 de fevereiro j\u00e1 em estado de decomposi\u00e7\u00e3o. Familiares s\u00f3 o reconheceram nesta segunda-feira (17\/2)","jetpack_sharing_enabled":true,"jetpack_likes_enabled":true,"_links":{"self":[{"href":"https:\/\/blogopara.com.br\/index.php\/wp-json\/wp\/v2\/posts\/7534","targetHints":{"allow":["GET"]}}],"collection":[{"href":"https:\/\/blogopara.com.br\/index.php\/wp-json\/wp\/v2\/posts"}],"about":[{"href":"https:\/\/blogopara.com.br\/index.php\/wp-json\/wp\/v2\/types\/post"}],"author":[{"embeddable":true,"href":"https:\/\/blogopara.com.br\/index.php\/wp-json\/wp\/v2\/users\/1"}],"replies":[{"embeddable":true,"href":"https:\/\/blogopara.com.br\/index.php\/wp-json\/wp\/v2\/comments?post=7534"}],"version-history":[{"count":1,"href":"https:\/\/blogopara.com.br\/index.php\/wp-json\/wp\/v2\/posts\/7534\/revisions"}],"predecessor-version":[{"id":7536,"href":"https:\/\/blogopara.com.br\/index.php\/wp-json\/wp\/v2\/posts\/7534\/revisions\/7536"}],"wp:featuredmedia":[{"embeddable":true,"href":"https:\/\/blogopara.com.br\/index.php\/wp-json\/wp\/v2\/media\/7535"}],"wp:attachment":[{"href":"https:\/\/blogopara.com.br\/index.php\/wp-json\/wp\/v2\/media?parent=7534"}],"wp:term":[{"taxonomy":"category","embeddable":true,"href":"https:\/\/blogopara.com.br\/index.php\/wp-json\/wp\/v2\/categories?post=7534"},{"taxonomy":"post_tag","embeddable":true,"href":"https:\/\/blogopara.com.br\/index.php\/wp-json\/wp\/v2\/tags?post=7534"}],"curies":[{"name":"wp","href":"https:\/\/api.w.org\/{rel}","templated":true}]}}