{"id":75402,"date":"2025-04-29T13:55:58","date_gmt":"2025-04-29T16:55:58","guid":{"rendered":"https:\/\/blogopara.com.br\/?p=75402"},"modified":"2025-04-29T13:55:58","modified_gmt":"2025-04-29T16:55:58","slug":"prefeito-de-curaca-murilo-bomfim-garante-novos-investimentos-para-reforcar-o-combate-a-seca","status":"publish","type":"post","link":"https:\/\/blogopara.com.br\/index.php\/2025\/04\/29\/prefeito-de-curaca-murilo-bomfim-garante-novos-investimentos-para-reforcar-o-combate-a-seca","title":{"rendered":"Prefeito de Cura\u00e7\u00e1, Murilo Bomfim, garante novos investimentos para refor\u00e7ar o combate \u00e0 seca"},"content":{"rendered":"<p>A Prefeitura de Cura\u00e7\u00e1 recebeu novos investimentos importantes para fortalecer o combate \u00e0 seca no munic\u00edpio. Em evento realizado na capital baiana, foram entregues uma retroescavadeira, um caminh\u00e3o-pipa e R$ 100 mil destinados ao apoio na compra de combust\u00edvel para o abastecimento dos carros-pipa.<\/p>\n<p>Esses recursos foram viabilizados pelo Governador Jer\u00f4nimo Rodrigues, com o apoio dos parlamentares aliados, que t\u00eam se mostrado atentos \u00e0s necessidades do povo da \u00e1rea de sequeiro. O prefeito Murilo Bomfim destacou a import\u00e2ncia desse apoio. &#8220;Agrade\u00e7o ao Governador Jer\u00f4nimo Rodrigues e aos deputados parceiros por estarem sempre atentos \u00e0s necessidades do nosso povo da \u00e1rea de sequeiro, que tanto sofre com os efeitos da seca&#8221;, destacou.<\/p>\n<p>A Prefeitura de Cura\u00e7\u00e1 reafirma seu compromisso de continuar buscando investimentos e parcerias que garantam melhores condi\u00e7\u00f5es de vida para a popula\u00e7\u00e3o, especialmente para aqueles que mais sofrem com a escassez de \u00e1gua.<\/p>\n<div><\/div>\n<div><i>SECOM\/PMC<\/i><\/div>\n","protected":false},"excerpt":{"rendered":"<p>A Prefeitura de Cura\u00e7\u00e1 recebeu novos investimentos importantes para fortalecer o combate \u00e0 seca no munic\u00edpio. Em evento realizado na capital baiana, foram entregues uma retroescavadeira, um caminh\u00e3o-pipa e R$ 100 mil destinados ao apoio na compra de combust\u00edvel para o abastecimento dos carros-pipa. Esses recursos foram viabilizados pelo Governador Jer\u00f4nimo Rodrigues, com o apoio [&hellip;]<\/p>\n","protected":false},"author":1,"featured_media":75405,"comment_status":"open","ping_status":"open","sticky":false,"template":"","format":"standard","meta":{"_uag_custom_page_level_css":"","_monsterinsights_skip_tracking":false,"_monsterinsights_sitenote_active":false,"_monsterinsights_sitenote_note":"","_monsterinsights_sitenote_category":0,"jetpack_post_was_ever_published":false,"_jetpack_newsletter_access":"","_jetpack_dont_email_post_to_subs":false,"_jetpack_newsletter_tier_id":0,"_jetpack_memberships_contains_paywalled_content":false,"_jetpack_memberships_contains_paid_content":false,"footnotes":"","jetpack_publicize_message":"","jetpack_publicize_feature_enabled":true,"jetpack_social_post_already_shared":true,"jetpack_social_options":{"image_generator_settings":{"template":"highway","default_image_id":0,"font":"","enabled":false},"version":2}},"categories":[199,1503],"tags":[],"class_list":["post-75402","post","type-post","status-publish","format-standard","has-post-thumbnail","hentry","category-bahia","category-curaca"],"jetpack_publicize_connections":[],"jetpack_featured_media_url":"https:\/\/blogopara.com.br\/wp-content\/uploads\/2025\/04\/IMG-20250428-WA0307.jpg","uagb_featured_image_src":{"full":["https:\/\/blogopara.com.br\/wp-content\/uploads\/2025\/04\/IMG-20250428-WA0307.jpg",500,333,false],"thumbnail":["https:\/\/blogopara.com.br\/wp-content\/uploads\/2025\/04\/IMG-20250428-WA0307-150x150.jpg",150,150,true],"medium":["https:\/\/blogopara.com.br\/wp-content\/uploads\/2025\/04\/IMG-20250428-WA0307-300x200.jpg",300,200,true],"medium_large":["https:\/\/blogopara.com.br\/wp-content\/uploads\/2025\/04\/IMG-20250428-WA0307.jpg",500,333,false],"large":["https:\/\/blogopara.com.br\/wp-content\/uploads\/2025\/04\/IMG-20250428-WA0307.jpg",500,333,false],"1536x1536":["https:\/\/blogopara.com.br\/wp-content\/uploads\/2025\/04\/IMG-20250428-WA0307.jpg",500,333,false],"2048x2048":["https:\/\/blogopara.com.br\/wp-content\/uploads\/2025\/04\/IMG-20250428-WA0307.jpg",500,333,false],"mantranews-slider-large":["https:\/\/blogopara.com.br\/wp-content\/uploads\/2025\/04\/IMG-20250428-WA0307.jpg",500,333,false],"mantranews-featured-medium":["https:\/\/blogopara.com.br\/wp-content\/uploads\/2025\/04\/IMG-20250428-WA0307-420x307.jpg",420,307,true],"mantranews-featured-long":["https:\/\/blogopara.com.br\/wp-content\/uploads\/2025\/04\/IMG-20250428-WA0307-300x333.jpg",300,333,true],"mantranews-block-medium":["https:\/\/blogopara.com.br\/wp-content\/uploads\/2025\/04\/IMG-20250428-WA0307-464x290.jpg",464,290,true],"mantranews-carousel-image":["https:\/\/blogopara.com.br\/wp-content\/uploads\/2025\/04\/IMG-20250428-WA0307.jpg",500,333,false],"mantranews-block-thumb":["https:\/\/blogopara.com.br\/wp-content\/uploads\/2025\/04\/IMG-20250428-WA0307-322x230.jpg",322,230,true],"mantranews-single-large":["https:\/\/blogopara.com.br\/wp-content\/uploads\/2025\/04\/IMG-20250428-WA0307.jpg",500,333,false]},"uagb_author_info":{"display_name":"Reda\u00e7\u00e3o geral","author_link":"https:\/\/blogopara.com.br\/index.php\/author\/blogopara"},"uagb_comment_info":0,"uagb_excerpt":"A Prefeitura de Cura\u00e7\u00e1 recebeu novos investimentos importantes para fortalecer o combate \u00e0 seca no munic\u00edpio. Em evento realizado na capital baiana, foram entregues uma retroescavadeira, um caminh\u00e3o-pipa e R$ 100 mil destinados ao apoio na compra de combust\u00edvel para o abastecimento dos carros-pipa. Esses recursos foram viabilizados pelo Governador Jer\u00f4nimo Rodrigues, com o apoio&hellip;","jetpack_sharing_enabled":true,"jetpack_likes_enabled":true,"_links":{"self":[{"href":"https:\/\/blogopara.com.br\/index.php\/wp-json\/wp\/v2\/posts\/75402","targetHints":{"allow":["GET"]}}],"collection":[{"href":"https:\/\/blogopara.com.br\/index.php\/wp-json\/wp\/v2\/posts"}],"about":[{"href":"https:\/\/blogopara.com.br\/index.php\/wp-json\/wp\/v2\/types\/post"}],"author":[{"embeddable":true,"href":"https:\/\/blogopara.com.br\/index.php\/wp-json\/wp\/v2\/users\/1"}],"replies":[{"embeddable":true,"href":"https:\/\/blogopara.com.br\/index.php\/wp-json\/wp\/v2\/comments?post=75402"}],"version-history":[{"count":1,"href":"https:\/\/blogopara.com.br\/index.php\/wp-json\/wp\/v2\/posts\/75402\/revisions"}],"predecessor-version":[{"id":75406,"href":"https:\/\/blogopara.com.br\/index.php\/wp-json\/wp\/v2\/posts\/75402\/revisions\/75406"}],"wp:featuredmedia":[{"embeddable":true,"href":"https:\/\/blogopara.com.br\/index.php\/wp-json\/wp\/v2\/media\/75405"}],"wp:attachment":[{"href":"https:\/\/blogopara.com.br\/index.php\/wp-json\/wp\/v2\/media?parent=75402"}],"wp:term":[{"taxonomy":"category","embeddable":true,"href":"https:\/\/blogopara.com.br\/index.php\/wp-json\/wp\/v2\/categories?post=75402"},{"taxonomy":"post_tag","embeddable":true,"href":"https:\/\/blogopara.com.br\/index.php\/wp-json\/wp\/v2\/tags?post=75402"}],"curies":[{"name":"wp","href":"https:\/\/api.w.org\/{rel}","templated":true}]}}