{"id":75421,"date":"2025-04-30T06:27:58","date_gmt":"2025-04-30T09:27:58","guid":{"rendered":"https:\/\/blogopara.com.br\/?p=75421"},"modified":"2025-04-29T14:31:45","modified_gmt":"2025-04-29T17:31:45","slug":"pcc-e-comando-vermelho-rompem-tregua-e-voltam-a-declarar-guerra","status":"publish","type":"post","link":"https:\/\/blogopara.com.br\/index.php\/2025\/04\/30\/pcc-e-comando-vermelho-rompem-tregua-e-voltam-a-declarar-guerra","title":{"rendered":"PCC e Comando Vermelho rompem tr\u00e9gua e voltam a declarar guerra"},"content":{"rendered":"<div class=\"flex flex-col w-full font-normal text-[18px] leading-[30px] text-tw-theme-text-default\">\n<p id=\"paragrafo-mqyhbpuvnf\">Comunicados disparados pelas fac\u00e7\u00f5es Primeiro Comando da Capital (PCC) e Comando Vermelho (CV) confirmam que acabou a tr\u00e9gua estabelecida em fevereiro e que as organiza\u00e7\u00f5es criminosas voltaram a declarar guerra entre elas. A alian\u00e7a estabelecida no come\u00e7o do ano tinha como prop\u00f3sito cessar as mortes entre os grupos, reduzir os custos com a guerra e garantir a continuidade dos neg\u00f3cios ilegais. O jornal O Globo teve acesso a diversos comunicados das fac\u00e7\u00f5es datados dessa segunda-feira (28). Ao contr\u00e1rio de quando anunciaram a tr\u00e9gua de forma conjunta, os novos comunicados s\u00e3o individuais.<\/p>\n<\/div>\n<div class=\"article_mrec_destaque sticky\">\n<div id=\"internas_336x280_01\"><\/div>\n<\/div>\n<div class=\"flex flex-col w-full font-normal text-[18px] leading-[30px] text-tw-theme-text-default\">\n<p id=\"paragrafo-y2nrepxctq\">O informativo do PCC diz que, a partir desta data, chega ao fim a alian\u00e7a, e explica que o objetivo do armist\u00edcio \u201csempre foi poupar vidas, especialmente de dezenas de pessoas inocentes que estavam perdendo suas vidas por pura banalidade\u201d. O comunicado esclarece ainda que n\u00e3o aceita \u201ccovardia contra familiares ou pessoas inocentes de qualquer organiza\u00e7\u00e3o\u201d. E que \u201cquest\u00f5es que ferem a \u00e9tica do crime nunca foram e nem ser\u00e3o aceitas em nenhuma alian\u00e7a ou amizade\u201d.<\/p>\n<\/div>\n<div class=\"flex flex-col w-full font-normal text-[18px] leading-[30px] text-tw-theme-text-default\">\n<p id=\"paragrafo-cjw75d2e9k\">J\u00e1 o CV comunica sobre a ruptura e diz que \u201co respeito \u00e0 vida humana deve estar acima de tudo\u201d. Pro\u00edbe tamb\u00e9m que seus integrantes, entre outras coisas, tirem a vida de pessoas \u201cde bem por motivos banais\u201d, citando as recentes mortes de jovens que fizeram sinais atribu\u00eddos \u00e0s fac\u00e7\u00f5es com as m\u00e3os &#8211; de um ano para c\u00e1, foram muitos os casos de mortos ou torturados em diferentes estados do pa\u00eds por postarem fotos com gestos de tr\u00eas dedos, uma alus\u00e3o ao PCC (1533), e dois dedos (o V de vit\u00f3ria ou paz e amor), s\u00edmbolo do CV.<\/p>\n<\/div>\n<div class=\"flex flex-col w-full font-normal text-[18px] leading-[30px] text-tw-theme-text-default\">\n<p id=\"paragrafo-rv2ur24qdk\">A ruptura foi confirmada ao GLOBO pelo promotor de Justi\u00e7a Lincoln Gakiya, do Grupo de Atua\u00e7\u00e3o Especial de Combate ao Crime Organizado (Gaeco), do Minist\u00e9rio P\u00fablico de Presidente Prudente, no interior do estado. Decretado pelo PCC, Gakiya atua h\u00e1 quase duas d\u00e9cadas contra a fac\u00e7\u00e3o. J\u00e1 o CV comunica sobre a ruptura e diz que \u201co respeito \u00e0 vida humana deve estar acima de tudo\u201d. Pro\u00edbe tamb\u00e9m que seus integrantes, entre outras coisas, tirem a vida de pessoas \u201cde bem por motivos banais\u201d, citando as recentes mortes de jovens que fizeram sinais atribu\u00eddos \u00e0s fac\u00e7\u00f5es com as m\u00e3os &#8211; de um ano para c\u00e1, foram muitos os casos de mortos ou torturados em diferentes estados do pa\u00eds por postarem fotos com gestos de tr\u00eas dedos, uma alus\u00e3o ao PCC (1533), e dois dedos (o V de vit\u00f3ria ou paz e amor), s\u00edmbolo do CV.<\/p>\n<\/div>\n","protected":false},"excerpt":{"rendered":"<p>Comunicados disparados pelas fac\u00e7\u00f5es Primeiro Comando da Capital (PCC) e Comando Vermelho (CV) confirmam que acabou a tr\u00e9gua estabelecida em fevereiro e que as organiza\u00e7\u00f5es criminosas voltaram a declarar guerra entre elas. A alian\u00e7a estabelecida no come\u00e7o do ano tinha como prop\u00f3sito cessar as mortes entre os grupos, reduzir os custos com a guerra e [&hellip;]<\/p>\n","protected":false},"author":1,"featured_media":75424,"comment_status":"open","ping_status":"open","sticky":false,"template":"","format":"standard","meta":{"_uag_custom_page_level_css":"","_monsterinsights_skip_tracking":false,"_monsterinsights_sitenote_active":false,"_monsterinsights_sitenote_note":"","_monsterinsights_sitenote_category":0,"jetpack_post_was_ever_published":false,"_jetpack_newsletter_access":"","_jetpack_dont_email_post_to_subs":false,"_jetpack_newsletter_tier_id":0,"_jetpack_memberships_contains_paywalled_content":false,"_jetpack_memberships_contains_paid_content":false,"footnotes":"","jetpack_publicize_message":"","jetpack_publicize_feature_enabled":true,"jetpack_social_post_already_shared":true,"jetpack_social_options":{"image_generator_settings":{"template":"highway","default_image_id":0,"font":"","enabled":false},"version":2}},"categories":[200,202],"tags":[],"class_list":["post-75421","post","type-post","status-publish","format-standard","has-post-thumbnail","hentry","category-brasil","category-policia"],"jetpack_publicize_connections":[],"jetpack_featured_media_url":"https:\/\/blogopara.com.br\/wp-content\/uploads\/2025\/04\/nnnnnnnnnnnnnnnnnnnnnnnnnnnnnnnn.jpg","uagb_featured_image_src":{"full":["https:\/\/blogopara.com.br\/wp-content\/uploads\/2025\/04\/nnnnnnnnnnnnnnnnnnnnnnnnnnnnnnnn.jpg",500,297,false],"thumbnail":["https:\/\/blogopara.com.br\/wp-content\/uploads\/2025\/04\/nnnnnnnnnnnnnnnnnnnnnnnnnnnnnnnn-150x150.jpg",150,150,true],"medium":["https:\/\/blogopara.com.br\/wp-content\/uploads\/2025\/04\/nnnnnnnnnnnnnnnnnnnnnnnnnnnnnnnn-300x178.jpg",300,178,true],"medium_large":["https:\/\/blogopara.com.br\/wp-content\/uploads\/2025\/04\/nnnnnnnnnnnnnnnnnnnnnnnnnnnnnnnn.jpg",500,297,false],"large":["https:\/\/blogopara.com.br\/wp-content\/uploads\/2025\/04\/nnnnnnnnnnnnnnnnnnnnnnnnnnnnnnnn.jpg",500,297,false],"1536x1536":["https:\/\/blogopara.com.br\/wp-content\/uploads\/2025\/04\/nnnnnnnnnnnnnnnnnnnnnnnnnnnnnnnn.jpg",500,297,false],"2048x2048":["https:\/\/blogopara.com.br\/wp-content\/uploads\/2025\/04\/nnnnnnnnnnnnnnnnnnnnnnnnnnnnnnnn.jpg",500,297,false],"mantranews-slider-large":["https:\/\/blogopara.com.br\/wp-content\/uploads\/2025\/04\/nnnnnnnnnnnnnnnnnnnnnnnnnnnnnnnn.jpg",500,297,false],"mantranews-featured-medium":["https:\/\/blogopara.com.br\/wp-content\/uploads\/2025\/04\/nnnnnnnnnnnnnnnnnnnnnnnnnnnnnnnn-420x297.jpg",420,297,true],"mantranews-featured-long":["https:\/\/blogopara.com.br\/wp-content\/uploads\/2025\/04\/nnnnnnnnnnnnnnnnnnnnnnnnnnnnnnnn-300x297.jpg",300,297,true],"mantranews-block-medium":["https:\/\/blogopara.com.br\/wp-content\/uploads\/2025\/04\/nnnnnnnnnnnnnnnnnnnnnnnnnnnnnnnn-464x290.jpg",464,290,true],"mantranews-carousel-image":["https:\/\/blogopara.com.br\/wp-content\/uploads\/2025\/04\/nnnnnnnnnnnnnnnnnnnnnnnnnnnnnnnn.jpg",500,297,false],"mantranews-block-thumb":["https:\/\/blogopara.com.br\/wp-content\/uploads\/2025\/04\/nnnnnnnnnnnnnnnnnnnnnnnnnnnnnnnn-322x230.jpg",322,230,true],"mantranews-single-large":["https:\/\/blogopara.com.br\/wp-content\/uploads\/2025\/04\/nnnnnnnnnnnnnnnnnnnnnnnnnnnnnnnn.jpg",500,297,false]},"uagb_author_info":{"display_name":"Reda\u00e7\u00e3o geral","author_link":"https:\/\/blogopara.com.br\/index.php\/author\/blogopara"},"uagb_comment_info":0,"uagb_excerpt":"Comunicados disparados pelas fac\u00e7\u00f5es Primeiro Comando da Capital (PCC) e Comando Vermelho (CV) confirmam que acabou a tr\u00e9gua estabelecida em fevereiro e que as organiza\u00e7\u00f5es criminosas voltaram a declarar guerra entre elas. A alian\u00e7a estabelecida no come\u00e7o do ano tinha como prop\u00f3sito cessar as mortes entre os grupos, reduzir os custos com a guerra e&hellip;","jetpack_sharing_enabled":true,"jetpack_likes_enabled":true,"_links":{"self":[{"href":"https:\/\/blogopara.com.br\/index.php\/wp-json\/wp\/v2\/posts\/75421","targetHints":{"allow":["GET"]}}],"collection":[{"href":"https:\/\/blogopara.com.br\/index.php\/wp-json\/wp\/v2\/posts"}],"about":[{"href":"https:\/\/blogopara.com.br\/index.php\/wp-json\/wp\/v2\/types\/post"}],"author":[{"embeddable":true,"href":"https:\/\/blogopara.com.br\/index.php\/wp-json\/wp\/v2\/users\/1"}],"replies":[{"embeddable":true,"href":"https:\/\/blogopara.com.br\/index.php\/wp-json\/wp\/v2\/comments?post=75421"}],"version-history":[{"count":1,"href":"https:\/\/blogopara.com.br\/index.php\/wp-json\/wp\/v2\/posts\/75421\/revisions"}],"predecessor-version":[{"id":75425,"href":"https:\/\/blogopara.com.br\/index.php\/wp-json\/wp\/v2\/posts\/75421\/revisions\/75425"}],"wp:featuredmedia":[{"embeddable":true,"href":"https:\/\/blogopara.com.br\/index.php\/wp-json\/wp\/v2\/media\/75424"}],"wp:attachment":[{"href":"https:\/\/blogopara.com.br\/index.php\/wp-json\/wp\/v2\/media?parent=75421"}],"wp:term":[{"taxonomy":"category","embeddable":true,"href":"https:\/\/blogopara.com.br\/index.php\/wp-json\/wp\/v2\/categories?post=75421"},{"taxonomy":"post_tag","embeddable":true,"href":"https:\/\/blogopara.com.br\/index.php\/wp-json\/wp\/v2\/tags?post=75421"}],"curies":[{"name":"wp","href":"https:\/\/api.w.org\/{rel}","templated":true}]}}