{"id":75438,"date":"2025-04-30T16:09:58","date_gmt":"2025-04-30T19:09:58","guid":{"rendered":"https:\/\/blogopara.com.br\/?p=75438"},"modified":"2025-04-30T16:09:58","modified_gmt":"2025-04-30T19:09:58","slug":"video-mae-de-aluna-agride-diretora-em-escola-de-salvador","status":"publish","type":"post","link":"https:\/\/blogopara.com.br\/index.php\/2025\/04\/30\/video-mae-de-aluna-agride-diretora-em-escola-de-salvador","title":{"rendered":"V\u00eddeo: m\u00e3e de aluna agride diretora em escola de Salvador"},"content":{"rendered":"<div class=\"flex flex-col w-full font-normal text-[18px] leading-[30px] text-tw-theme-text-default\">\n<p id=\"paragrafo-v51m9aoxuk\">Uma escola municipal foi palco de uma agress\u00e3o envolvendo a m\u00e3e de uma aluna e a diretora da unidade, na manh\u00e3 desta quarta-feira (30), em Salvador. O epis\u00f3dio foi registrado no Centro Municipal de Educa\u00e7\u00e3o Infantil Semente do Amanh\u00e3, localizado na avenida General San Martin, no Iapi. Uma c\u00e2mera de seguran\u00e7a gravou a confus\u00e3o.<\/p>\n<\/div>\n<div class=\"flex flex-col w-full font-normal text-[18px] leading-[30px] text-tw-theme-text-default\">\n<p id=\"paragrafo-rv61f3z8qy\">Por volta das 8 horas, quando as crian\u00e7as chegavam para o dia de aula, a m\u00e3e e a diretora iniciaram uma discuss\u00e3o. A diretora, Ticiane Oliveira Sampaio, questionou a aluna sobre um machucado no rosto. Ela teria perguntado se a menina havia sido agredida pela m\u00e3e.<\/p>\n<\/div>\n<div class=\"flex flex-col w-full font-normal text-[18px] leading-[30px] text-tw-theme-text-default\">\n<p id=\"paragrafo-qd2ucqbk5r\">A m\u00e3e contou, em entrevista \u00e0 Record Bahia, que a filha se machucou ao cair da cama, e que a menina teria sido coagida a culpar a pr\u00f3pria m\u00e3e pelo machucado. Na manh\u00e3 desta quarta-feira (30), m\u00e3e e diretora discutiram sobre o epis\u00f3dio. O v\u00eddeo, registrado pela c\u00e2mera de seguran\u00e7a, mostra que ambas est\u00e3o exaltadas.<\/p>\n<\/div>\n<div class=\"flex flex-col w-full font-normal text-[18px] leading-[30px] text-tw-theme-text-default\">\n<p id=\"paragrafo-4gmysvx911\">Em certo momento, a m\u00e3e, que carregava a filha, entrega a menina para outra pessoa e parte para cima da diretora, que \u00e9 empurrada e cai no ch\u00e3o. Os golpes continuam mesmo quando Ticiane est\u00e1 no ch\u00e3o. Pessoas que acompanhavam a discuss\u00e3o separam as duas. Em conversa com o CORREIO, a diretora afirmou que foi at\u00e9 o Instituto M\u00e9dico Legal (IML) para ser submetida a exames. O caso foi registrado e \u00e9 acompanhado pela Pol\u00edcia Civil.<\/p>\n<\/div>\n<div class=\"flex flex-col w-full font-normal text-[18px] leading-[30px] text-tw-theme-text-default\">\n<p id=\"paragrafo-7qxkwr78tx\">Em nota, a Secretaria Municipal da Educa\u00e7\u00e3o (Smed) lamentou o ocorrido e disse que n\u00e3o concorda com atitudes de viol\u00eancia. &#8220;A institui\u00e7\u00e3o est\u00e1 prestando total apoio \u00e0 gestora da escola que por um mal entendido foi agredida no ambiente de trabalho pela m\u00e3e de uma aluna. A servidora em quest\u00e3o, atua h\u00e1 20 anos na rede municipal e sempre teve uma rela\u00e7\u00e3o de parceria com os familiares dos alunos, dedica\u00e7\u00e3o e comprometimento com os estudantes e toda a comunidade escolar&#8221;, diz a pasta.<\/p>\n<div style=\"width: 640px;\" class=\"wp-video\"><!--[if lt IE 9]><script>document.createElement('video');<\/script><![endif]-->\n<video class=\"wp-video-shortcode\" id=\"video-75438-1\" width=\"640\" height=\"1138\" preload=\"metadata\" controls=\"controls\"><source type=\"video\/mp4\" src=\"https:\/\/blogopara.com.br\/wp-content\/uploads\/2025\/04\/SaveClip.App_AQMNKlLqCZQgMYXslfk86dIWNX_sTpO-pZfrAHD7vpIE5DrlRJBJafSqGuiB5wLxn_sQZ1YodLhfdy7ViOKe9tfVz2h4LawGRzIJqfY.mp4?_=1\" \/><a href=\"https:\/\/blogopara.com.br\/wp-content\/uploads\/2025\/04\/SaveClip.App_AQMNKlLqCZQgMYXslfk86dIWNX_sTpO-pZfrAHD7vpIE5DrlRJBJafSqGuiB5wLxn_sQZ1YodLhfdy7ViOKe9tfVz2h4LawGRzIJqfY.mp4\">https:\/\/blogopara.com.br\/wp-content\/uploads\/2025\/04\/SaveClip.App_AQMNKlLqCZQgMYXslfk86dIWNX_sTpO-pZfrAHD7vpIE5DrlRJBJafSqGuiB5wLxn_sQZ1YodLhfdy7ViOKe9tfVz2h4LawGRzIJqfY.mp4<\/a><\/video><\/div>\n<\/div>\n","protected":false},"excerpt":{"rendered":"<p>Uma escola municipal foi palco de uma agress\u00e3o envolvendo a m\u00e3e de uma aluna e a diretora da unidade, na manh\u00e3 desta quarta-feira (30), em Salvador. O epis\u00f3dio foi registrado no Centro Municipal de Educa\u00e7\u00e3o Infantil Semente do Amanh\u00e3, localizado na avenida General San Martin, no Iapi. Uma c\u00e2mera de seguran\u00e7a gravou a confus\u00e3o. Por [&hellip;]<\/p>\n","protected":false},"author":1,"featured_media":75440,"comment_status":"open","ping_status":"open","sticky":false,"template":"","format":"standard","meta":{"_uag_custom_page_level_css":"","_monsterinsights_skip_tracking":false,"_monsterinsights_sitenote_active":false,"_monsterinsights_sitenote_note":"","_monsterinsights_sitenote_category":0,"jetpack_post_was_ever_published":false,"_jetpack_newsletter_access":"","_jetpack_dont_email_post_to_subs":false,"_jetpack_newsletter_tier_id":0,"_jetpack_memberships_contains_paywalled_content":false,"_jetpack_memberships_contains_paid_content":false,"footnotes":"","jetpack_publicize_message":"","jetpack_publicize_feature_enabled":true,"jetpack_social_post_already_shared":true,"jetpack_social_options":{"image_generator_settings":{"template":"highway","default_image_id":0,"font":"","enabled":false},"version":2}},"categories":[199,209],"tags":[],"class_list":["post-75438","post","type-post","status-publish","format-standard","has-post-thumbnail","hentry","category-bahia","category-educacao"],"jetpack_publicize_connections":[],"jetpack_featured_media_url":"https:\/\/blogopara.com.br\/wp-content\/uploads\/2025\/04\/Capturar-20.jpg","uagb_featured_image_src":{"full":["https:\/\/blogopara.com.br\/wp-content\/uploads\/2025\/04\/Capturar-20.jpg",500,281,false],"thumbnail":["https:\/\/blogopara.com.br\/wp-content\/uploads\/2025\/04\/Capturar-20-150x150.jpg",150,150,true],"medium":["https:\/\/blogopara.com.br\/wp-content\/uploads\/2025\/04\/Capturar-20-300x169.jpg",300,169,true],"medium_large":["https:\/\/blogopara.com.br\/wp-content\/uploads\/2025\/04\/Capturar-20.jpg",500,281,false],"large":["https:\/\/blogopara.com.br\/wp-content\/uploads\/2025\/04\/Capturar-20.jpg",500,281,false],"1536x1536":["https:\/\/blogopara.com.br\/wp-content\/uploads\/2025\/04\/Capturar-20.jpg",500,281,false],"2048x2048":["https:\/\/blogopara.com.br\/wp-content\/uploads\/2025\/04\/Capturar-20.jpg",500,281,false],"mantranews-slider-large":["https:\/\/blogopara.com.br\/wp-content\/uploads\/2025\/04\/Capturar-20.jpg",500,281,false],"mantranews-featured-medium":["https:\/\/blogopara.com.br\/wp-content\/uploads\/2025\/04\/Capturar-20-420x281.jpg",420,281,true],"mantranews-featured-long":["https:\/\/blogopara.com.br\/wp-content\/uploads\/2025\/04\/Capturar-20-300x281.jpg",300,281,true],"mantranews-block-medium":["https:\/\/blogopara.com.br\/wp-content\/uploads\/2025\/04\/Capturar-20-464x281.jpg",464,281,true],"mantranews-carousel-image":["https:\/\/blogopara.com.br\/wp-content\/uploads\/2025\/04\/Capturar-20.jpg",500,281,false],"mantranews-block-thumb":["https:\/\/blogopara.com.br\/wp-content\/uploads\/2025\/04\/Capturar-20-322x230.jpg",322,230,true],"mantranews-single-large":["https:\/\/blogopara.com.br\/wp-content\/uploads\/2025\/04\/Capturar-20.jpg",500,281,false]},"uagb_author_info":{"display_name":"Reda\u00e7\u00e3o geral","author_link":"https:\/\/blogopara.com.br\/index.php\/author\/blogopara"},"uagb_comment_info":0,"uagb_excerpt":"Uma escola municipal foi palco de uma agress\u00e3o envolvendo a m\u00e3e de uma aluna e a diretora da unidade, na manh\u00e3 desta quarta-feira (30), em Salvador. O epis\u00f3dio foi registrado no Centro Municipal de Educa\u00e7\u00e3o Infantil Semente do Amanh\u00e3, localizado na avenida General San Martin, no Iapi. Uma c\u00e2mera de seguran\u00e7a gravou a confus\u00e3o. Por&hellip;","jetpack_sharing_enabled":true,"jetpack_likes_enabled":true,"_links":{"self":[{"href":"https:\/\/blogopara.com.br\/index.php\/wp-json\/wp\/v2\/posts\/75438","targetHints":{"allow":["GET"]}}],"collection":[{"href":"https:\/\/blogopara.com.br\/index.php\/wp-json\/wp\/v2\/posts"}],"about":[{"href":"https:\/\/blogopara.com.br\/index.php\/wp-json\/wp\/v2\/types\/post"}],"author":[{"embeddable":true,"href":"https:\/\/blogopara.com.br\/index.php\/wp-json\/wp\/v2\/users\/1"}],"replies":[{"embeddable":true,"href":"https:\/\/blogopara.com.br\/index.php\/wp-json\/wp\/v2\/comments?post=75438"}],"version-history":[{"count":1,"href":"https:\/\/blogopara.com.br\/index.php\/wp-json\/wp\/v2\/posts\/75438\/revisions"}],"predecessor-version":[{"id":75442,"href":"https:\/\/blogopara.com.br\/index.php\/wp-json\/wp\/v2\/posts\/75438\/revisions\/75442"}],"wp:featuredmedia":[{"embeddable":true,"href":"https:\/\/blogopara.com.br\/index.php\/wp-json\/wp\/v2\/media\/75440"}],"wp:attachment":[{"href":"https:\/\/blogopara.com.br\/index.php\/wp-json\/wp\/v2\/media?parent=75438"}],"wp:term":[{"taxonomy":"category","embeddable":true,"href":"https:\/\/blogopara.com.br\/index.php\/wp-json\/wp\/v2\/categories?post=75438"},{"taxonomy":"post_tag","embeddable":true,"href":"https:\/\/blogopara.com.br\/index.php\/wp-json\/wp\/v2\/tags?post=75438"}],"curies":[{"name":"wp","href":"https:\/\/api.w.org\/{rel}","templated":true}]}}