{"id":75444,"date":"2025-04-30T16:24:19","date_gmt":"2025-04-30T19:24:19","guid":{"rendered":"https:\/\/blogopara.com.br\/?p=75444"},"modified":"2025-04-30T16:24:19","modified_gmt":"2025-04-30T19:24:19","slug":"sento-se-realiza-consulta-publica-sobre-estradas-vicinais-na-proxima-segunda-5","status":"publish","type":"post","link":"https:\/\/blogopara.com.br\/index.php\/2025\/04\/30\/sento-se-realiza-consulta-publica-sobre-estradas-vicinais-na-proxima-segunda-5","title":{"rendered":"Sento S\u00e9 realiza Consulta P\u00fablica sobre Estradas Vicinais na pr\u00f3xima segunda (5)"},"content":{"rendered":"<p class=\"x_MsoNormal\">A Prefeitura de Sento S\u00e9, em parceria com o Governo do Estado da Bahia, por meio da Secretaria de Infraestrutura (SEINFRA), realizar\u00e1 no pr\u00f3ximo dia 5 de maio, \u00e0s 8h30, na C\u00e2mara de Vereadores, a Consulta P\u00fablica sobre as Estradas Vicinais do munic\u00edpio. A a\u00e7\u00e3o integra o Programa Pr\u00f3-rodovias, financiado pelo Banco Mundial, e tem como objetivo identificar os trechos mais cr\u00edticos das estradas vicinais de Sento S\u00e9 para que possam receber obras de requalifica\u00e7\u00e3o e infraestrutura.<\/p>\n<p class=\"x_MsoNormal\">Durante a consulta, os moradores ter\u00e3o a oportunidade de indicar os principais pontos de dificuldade de acesso nas estradas da zona rural, contribuindo diretamente com sugest\u00f5es que podem resultar em a\u00e7\u00f5es como constru\u00e7\u00e3o de passagens molhadas, limpeza e planeamento de vias.<\/p>\n<p class=\"x_MsoNormal\">\u00a0\u201cEssa consulta p\u00fablica \u00e9 uma oportunidade democr\u00e1tica e essencial para que a popula\u00e7\u00e3o contribua na defini\u00e7\u00e3o de prioridades. O objetivo \u00e9 garantir que as melhorias nas estradas atendam de fato \u00e0s necessidades dos moradores, principalmente das comunidades rurais que dependem dessas vias para transporte escolar, acesso \u00e0 sa\u00fade e escoamento da produ\u00e7\u00e3o local\u201d, afirmou o Procurador Geral do Munic\u00edpio, Ruam Quirino.<\/p>\n<p class=\"x_MsoNormal\"><b>A consulta<\/b><\/p>\n<p class=\"x_MsoNormal\">\u00c9 uma etapa obrigat\u00f3ria do projeto, sendo fundamental para a escolha dos trechos que ser\u00e3o visitados pela equipe t\u00e9cnica da SEINFRA para an\u00e1lise de viabilidade. A partir disso, ser\u00e1 elaborado o termo de refer\u00eancia para a execu\u00e7\u00e3o das obras, que ser\u00e3o licitadas e acompanhadas pelo Governo do Estado.<\/p>\n<p class=\"x_MsoNormal\">\u201cRefor\u00e7amos o convite para que toda a popula\u00e7\u00e3o, especialmente moradores das comunidades rurais, participem da atividade, que representa um importante passo para o avan\u00e7o da infraestrutura no munic\u00edpio\u201d, finalizou o procurador.<\/p>\n<p class=\"x_MsoNormal\">\nTexto: Gardennia Garibalde \u2013 Ascom PMSSE<\/p>\n","protected":false},"excerpt":{"rendered":"<p>A Prefeitura de Sento S\u00e9, em parceria com o Governo do Estado da Bahia, por meio da Secretaria de Infraestrutura (SEINFRA), realizar\u00e1 no pr\u00f3ximo dia 5 de maio, \u00e0s 8h30, na C\u00e2mara de Vereadores, a Consulta P\u00fablica sobre as Estradas Vicinais do munic\u00edpio. A a\u00e7\u00e3o integra o Programa Pr\u00f3-rodovias, financiado pelo Banco Mundial, e tem [&hellip;]<\/p>\n","protected":false},"author":1,"featured_media":75446,"comment_status":"open","ping_status":"open","sticky":false,"template":"","format":"standard","meta":{"_uag_custom_page_level_css":"","_monsterinsights_skip_tracking":false,"_monsterinsights_sitenote_active":false,"_monsterinsights_sitenote_note":"","_monsterinsights_sitenote_category":0,"jetpack_post_was_ever_published":false,"_jetpack_newsletter_access":"","_jetpack_dont_email_post_to_subs":false,"_jetpack_newsletter_tier_id":0,"_jetpack_memberships_contains_paywalled_content":false,"_jetpack_memberships_contains_paid_content":false,"footnotes":"","jetpack_publicize_message":"","jetpack_publicize_feature_enabled":true,"jetpack_social_post_already_shared":true,"jetpack_social_options":{"image_generator_settings":{"template":"highway","default_image_id":0,"font":"","enabled":false},"version":2}},"categories":[197],"tags":[],"class_list":["post-75444","post","type-post","status-publish","format-standard","has-post-thumbnail","hentry","category-politica"],"jetpack_publicize_connections":[],"jetpack_featured_media_url":"https:\/\/blogopara.com.br\/wp-content\/uploads\/2025\/04\/Consulta-Publica-Estradas-Vicinais.png","uagb_featured_image_src":{"full":["https:\/\/blogopara.com.br\/wp-content\/uploads\/2025\/04\/Consulta-Publica-Estradas-Vicinais.png",498,503,false],"thumbnail":["https:\/\/blogopara.com.br\/wp-content\/uploads\/2025\/04\/Consulta-Publica-Estradas-Vicinais-150x150.png",150,150,true],"medium":["https:\/\/blogopara.com.br\/wp-content\/uploads\/2025\/04\/Consulta-Publica-Estradas-Vicinais-297x300.png",297,300,true],"medium_large":["https:\/\/blogopara.com.br\/wp-content\/uploads\/2025\/04\/Consulta-Publica-Estradas-Vicinais.png",498,503,false],"large":["https:\/\/blogopara.com.br\/wp-content\/uploads\/2025\/04\/Consulta-Publica-Estradas-Vicinais.png",498,503,false],"1536x1536":["https:\/\/blogopara.com.br\/wp-content\/uploads\/2025\/04\/Consulta-Publica-Estradas-Vicinais.png",498,503,false],"2048x2048":["https:\/\/blogopara.com.br\/wp-content\/uploads\/2025\/04\/Consulta-Publica-Estradas-Vicinais.png",498,503,false],"mantranews-slider-large":["https:\/\/blogopara.com.br\/wp-content\/uploads\/2025\/04\/Consulta-Publica-Estradas-Vicinais.png",498,503,false],"mantranews-featured-medium":["https:\/\/blogopara.com.br\/wp-content\/uploads\/2025\/04\/Consulta-Publica-Estradas-Vicinais-420x307.png",420,307,true],"mantranews-featured-long":["https:\/\/blogopara.com.br\/wp-content\/uploads\/2025\/04\/Consulta-Publica-Estradas-Vicinais-300x443.png",300,443,true],"mantranews-block-medium":["https:\/\/blogopara.com.br\/wp-content\/uploads\/2025\/04\/Consulta-Publica-Estradas-Vicinais-464x290.png",464,290,true],"mantranews-carousel-image":["https:\/\/blogopara.com.br\/wp-content\/uploads\/2025\/04\/Consulta-Publica-Estradas-Vicinais-498x500.png",498,500,true],"mantranews-block-thumb":["https:\/\/blogopara.com.br\/wp-content\/uploads\/2025\/04\/Consulta-Publica-Estradas-Vicinais-322x230.png",322,230,true],"mantranews-single-large":["https:\/\/blogopara.com.br\/wp-content\/uploads\/2025\/04\/Consulta-Publica-Estradas-Vicinais.png",498,503,false]},"uagb_author_info":{"display_name":"Reda\u00e7\u00e3o geral","author_link":"https:\/\/blogopara.com.br\/index.php\/author\/blogopara"},"uagb_comment_info":0,"uagb_excerpt":"A Prefeitura de Sento S\u00e9, em parceria com o Governo do Estado da Bahia, por meio da Secretaria de Infraestrutura (SEINFRA), realizar\u00e1 no pr\u00f3ximo dia 5 de maio, \u00e0s 8h30, na C\u00e2mara de Vereadores, a Consulta P\u00fablica sobre as Estradas Vicinais do munic\u00edpio. A a\u00e7\u00e3o integra o Programa Pr\u00f3-rodovias, financiado pelo Banco Mundial, e tem&hellip;","jetpack_sharing_enabled":true,"jetpack_likes_enabled":true,"_links":{"self":[{"href":"https:\/\/blogopara.com.br\/index.php\/wp-json\/wp\/v2\/posts\/75444","targetHints":{"allow":["GET"]}}],"collection":[{"href":"https:\/\/blogopara.com.br\/index.php\/wp-json\/wp\/v2\/posts"}],"about":[{"href":"https:\/\/blogopara.com.br\/index.php\/wp-json\/wp\/v2\/types\/post"}],"author":[{"embeddable":true,"href":"https:\/\/blogopara.com.br\/index.php\/wp-json\/wp\/v2\/users\/1"}],"replies":[{"embeddable":true,"href":"https:\/\/blogopara.com.br\/index.php\/wp-json\/wp\/v2\/comments?post=75444"}],"version-history":[{"count":1,"href":"https:\/\/blogopara.com.br\/index.php\/wp-json\/wp\/v2\/posts\/75444\/revisions"}],"predecessor-version":[{"id":75447,"href":"https:\/\/blogopara.com.br\/index.php\/wp-json\/wp\/v2\/posts\/75444\/revisions\/75447"}],"wp:featuredmedia":[{"embeddable":true,"href":"https:\/\/blogopara.com.br\/index.php\/wp-json\/wp\/v2\/media\/75446"}],"wp:attachment":[{"href":"https:\/\/blogopara.com.br\/index.php\/wp-json\/wp\/v2\/media?parent=75444"}],"wp:term":[{"taxonomy":"category","embeddable":true,"href":"https:\/\/blogopara.com.br\/index.php\/wp-json\/wp\/v2\/categories?post=75444"},{"taxonomy":"post_tag","embeddable":true,"href":"https:\/\/blogopara.com.br\/index.php\/wp-json\/wp\/v2\/tags?post=75444"}],"curies":[{"name":"wp","href":"https:\/\/api.w.org\/{rel}","templated":true}]}}