{"id":75482,"date":"2025-05-01T13:44:05","date_gmt":"2025-05-01T16:44:05","guid":{"rendered":"https:\/\/blogopara.com.br\/?p=75482"},"modified":"2025-05-01T13:44:05","modified_gmt":"2025-05-01T16:44:05","slug":"prefeitura-de-juazeiro-lanca-podcast-vozes-da-inclusao","status":"publish","type":"post","link":"https:\/\/blogopara.com.br\/index.php\/2025\/05\/01\/prefeitura-de-juazeiro-lanca-podcast-vozes-da-inclusao","title":{"rendered":"Prefeitura de Juazeiro lan\u00e7a podcast Vozes da Inclus\u00e3o"},"content":{"rendered":"<p>A Secretaria de Educa\u00e7\u00e3o de Juazeiro (Seduc) apresentou, nesta quarta-feira (30), o podcast \u201cVozes da Inclus\u00e3o\u201d. O programa \u00e9 desenvolvido pela Diretoria de Educa\u00e7\u00e3o Inclusiva da Seduc e pela TV Escola Juazeiro, com o objetivo de potencializar a forma\u00e7\u00e3o das equipes gestora e pedag\u00f3gica da rede municipal de ensino.<\/p>\n<p>Apresentado a cada dois meses, o programa vai abordar temas relacionados \u00e0 educa\u00e7\u00e3o inclusiva. \u201cA abordagem do \u2018Vozes da Inclus\u00e3o\u2019 vai al\u00e9m do olhar t\u00e9cnico, n\u00f3s tamb\u00e9m queremos discutir as tem\u00e1ticas a partir do olhar da pessoa com defici\u00eancia. No primeiro epis\u00f3dio do podcast refletimos sobre como a escola pode trabalhar pr\u00e1ticas anticapacitistas\u201d, contou a diretora de Educa\u00e7\u00e3o Inclusiva da Seduc, Carliane de Oliveira.<\/p>\n<p>O \u201cVozes da Inclus\u00e3o\u201d integra o programa de forma\u00e7\u00e3o continuada da Seduc e tem como p\u00fablico-alvo professores e auxiliares de Atendimento Educacional Especializado (AEE), gestores, vice-gestores, coordenadores pedag\u00f3gicos e docentes da sala regular.<\/p>\n<p>O podcast estar\u00e1 dispon\u00edvel na plataforma da TV Escola Juazeiro (tvescola.juazeiro.ba.gov.br) a partir do dia 7 de maio.<\/p>\n<p>&nbsp;<\/p>\n<p>Texto: Eneida Trindade \u2013 Ascom\/PMJ<\/p>\n","protected":false},"excerpt":{"rendered":"<p>A Secretaria de Educa\u00e7\u00e3o de Juazeiro (Seduc) apresentou, nesta quarta-feira (30), o podcast \u201cVozes da Inclus\u00e3o\u201d. O programa \u00e9 desenvolvido pela Diretoria de Educa\u00e7\u00e3o Inclusiva da Seduc e pela TV Escola Juazeiro, com o objetivo de potencializar a forma\u00e7\u00e3o das equipes gestora e pedag\u00f3gica da rede municipal de ensino. Apresentado a cada dois meses, o [&hellip;]<\/p>\n","protected":false},"author":1,"featured_media":75483,"comment_status":"open","ping_status":"open","sticky":false,"template":"","format":"standard","meta":{"_uag_custom_page_level_css":"","_monsterinsights_skip_tracking":false,"_monsterinsights_sitenote_active":false,"_monsterinsights_sitenote_note":"","_monsterinsights_sitenote_category":0,"jetpack_post_was_ever_published":false,"_jetpack_newsletter_access":"","_jetpack_dont_email_post_to_subs":false,"_jetpack_newsletter_tier_id":0,"_jetpack_memberships_contains_paywalled_content":false,"_jetpack_memberships_contains_paid_content":false,"footnotes":"","jetpack_publicize_message":"","jetpack_publicize_feature_enabled":true,"jetpack_social_post_already_shared":true,"jetpack_social_options":{"image_generator_settings":{"template":"highway","default_image_id":0,"font":"","enabled":false},"version":2}},"categories":[209],"tags":[],"class_list":["post-75482","post","type-post","status-publish","format-standard","has-post-thumbnail","hentry","category-educacao"],"jetpack_publicize_connections":[],"jetpack_featured_media_url":"https:\/\/blogopara.com.br\/wp-content\/uploads\/2025\/05\/Vozes-da-Inclusao.jpeg","uagb_featured_image_src":{"full":["https:\/\/blogopara.com.br\/wp-content\/uploads\/2025\/05\/Vozes-da-Inclusao.jpeg",500,281,false],"thumbnail":["https:\/\/blogopara.com.br\/wp-content\/uploads\/2025\/05\/Vozes-da-Inclusao-150x150.jpeg",150,150,true],"medium":["https:\/\/blogopara.com.br\/wp-content\/uploads\/2025\/05\/Vozes-da-Inclusao-300x169.jpeg",300,169,true],"medium_large":["https:\/\/blogopara.com.br\/wp-content\/uploads\/2025\/05\/Vozes-da-Inclusao.jpeg",500,281,false],"large":["https:\/\/blogopara.com.br\/wp-content\/uploads\/2025\/05\/Vozes-da-Inclusao.jpeg",500,281,false],"1536x1536":["https:\/\/blogopara.com.br\/wp-content\/uploads\/2025\/05\/Vozes-da-Inclusao.jpeg",500,281,false],"2048x2048":["https:\/\/blogopara.com.br\/wp-content\/uploads\/2025\/05\/Vozes-da-Inclusao.jpeg",500,281,false],"mantranews-slider-large":["https:\/\/blogopara.com.br\/wp-content\/uploads\/2025\/05\/Vozes-da-Inclusao.jpeg",500,281,false],"mantranews-featured-medium":["https:\/\/blogopara.com.br\/wp-content\/uploads\/2025\/05\/Vozes-da-Inclusao-420x281.jpeg",420,281,true],"mantranews-featured-long":["https:\/\/blogopara.com.br\/wp-content\/uploads\/2025\/05\/Vozes-da-Inclusao-300x281.jpeg",300,281,true],"mantranews-block-medium":["https:\/\/blogopara.com.br\/wp-content\/uploads\/2025\/05\/Vozes-da-Inclusao-464x281.jpeg",464,281,true],"mantranews-carousel-image":["https:\/\/blogopara.com.br\/wp-content\/uploads\/2025\/05\/Vozes-da-Inclusao.jpeg",500,281,false],"mantranews-block-thumb":["https:\/\/blogopara.com.br\/wp-content\/uploads\/2025\/05\/Vozes-da-Inclusao-322x230.jpeg",322,230,true],"mantranews-single-large":["https:\/\/blogopara.com.br\/wp-content\/uploads\/2025\/05\/Vozes-da-Inclusao.jpeg",500,281,false]},"uagb_author_info":{"display_name":"Reda\u00e7\u00e3o geral","author_link":"https:\/\/blogopara.com.br\/index.php\/author\/blogopara"},"uagb_comment_info":0,"uagb_excerpt":"A Secretaria de Educa\u00e7\u00e3o de Juazeiro (Seduc) apresentou, nesta quarta-feira (30), o podcast \u201cVozes da Inclus\u00e3o\u201d. O programa \u00e9 desenvolvido pela Diretoria de Educa\u00e7\u00e3o Inclusiva da Seduc e pela TV Escola Juazeiro, com o objetivo de potencializar a forma\u00e7\u00e3o das equipes gestora e pedag\u00f3gica da rede municipal de ensino. Apresentado a cada dois meses, o&hellip;","jetpack_sharing_enabled":true,"jetpack_likes_enabled":true,"_links":{"self":[{"href":"https:\/\/blogopara.com.br\/index.php\/wp-json\/wp\/v2\/posts\/75482","targetHints":{"allow":["GET"]}}],"collection":[{"href":"https:\/\/blogopara.com.br\/index.php\/wp-json\/wp\/v2\/posts"}],"about":[{"href":"https:\/\/blogopara.com.br\/index.php\/wp-json\/wp\/v2\/types\/post"}],"author":[{"embeddable":true,"href":"https:\/\/blogopara.com.br\/index.php\/wp-json\/wp\/v2\/users\/1"}],"replies":[{"embeddable":true,"href":"https:\/\/blogopara.com.br\/index.php\/wp-json\/wp\/v2\/comments?post=75482"}],"version-history":[{"count":1,"href":"https:\/\/blogopara.com.br\/index.php\/wp-json\/wp\/v2\/posts\/75482\/revisions"}],"predecessor-version":[{"id":75484,"href":"https:\/\/blogopara.com.br\/index.php\/wp-json\/wp\/v2\/posts\/75482\/revisions\/75484"}],"wp:featuredmedia":[{"embeddable":true,"href":"https:\/\/blogopara.com.br\/index.php\/wp-json\/wp\/v2\/media\/75483"}],"wp:attachment":[{"href":"https:\/\/blogopara.com.br\/index.php\/wp-json\/wp\/v2\/media?parent=75482"}],"wp:term":[{"taxonomy":"category","embeddable":true,"href":"https:\/\/blogopara.com.br\/index.php\/wp-json\/wp\/v2\/categories?post=75482"},{"taxonomy":"post_tag","embeddable":true,"href":"https:\/\/blogopara.com.br\/index.php\/wp-json\/wp\/v2\/tags?post=75482"}],"curies":[{"name":"wp","href":"https:\/\/api.w.org\/{rel}","templated":true}]}}