{"id":75508,"date":"2025-05-02T07:06:50","date_gmt":"2025-05-02T10:06:50","guid":{"rendered":"https:\/\/blogopara.com.br\/?p=75508"},"modified":"2025-05-01T22:10:36","modified_gmt":"2025-05-02T01:10:36","slug":"morre-aos-84-anos-a-cantora-nana-caymmi","status":"publish","type":"post","link":"https:\/\/blogopara.com.br\/index.php\/2025\/05\/02\/morre-aos-84-anos-a-cantora-nana-caymmi","title":{"rendered":"Morre, aos 84 anos, a cantora Nana Caymmi"},"content":{"rendered":"<div class=\"flex flex-col w-full font-normal text-[18px] leading-[30px] text-tw-theme-text-default\">\n<p id=\"paragrafo-rhfu1v5a35\">A cantora Nana Caymmi morreu nesta quinta-feira (1\u00ba), aos 84 anos, no Rio de Janeiro. A artista estava internada na Cl\u00ednica S\u00e3o Jos\u00e9, em Botafogo, na zona sul da capital fluminense, desde agosto quando deu entrada para tratar uma arritmia card\u00edaca.<\/p>\n<\/div>\n<div class=\"flex flex-col w-full font-normal text-[18px] leading-[30px] text-tw-theme-text-default\">\n<p id=\"paragrafo-125lnavjsw\">&#8220;\u00c9 com muito pesar que comunico o falecimento da minha irm\u00e3 Nana Caymmi. Estamos, na fam\u00edlia, todos muito chocados e tristes. Mas, ela tamb\u00e9m passou nove meses de sofrimento em hospital, UTI, \u00e9 um processo muito dolorosos de v\u00e1rias comorbidades&#8221;, falou o irm\u00e3o Danilo Caymmi em um v\u00eddeo publicado em seu perfil no Instagram.<\/p>\n<\/div>\n<div class=\"flex flex-col w-full font-normal text-[18px] leading-[30px] text-tw-theme-text-default\">\n<p id=\"paragrafo-rokmwo22j4\">E acrescentou: &#8220;O Brasil perde uma grande cantora, uma das maiores int\u00e9rpretes que o Brasil j\u00e1 viu, de sentimento, de tudo. Estamos todos muito tristes&#8221;.<\/p>\n<\/div>\n<div class=\"flex flex-col w-full font-normal text-[18px] leading-[30px] text-tw-theme-text-default\">\n<p id=\"paragrafo-gixdwpomtt\">Filha mais velha do cantor baiano Dorival Caymmi com a esposa, a cantora mineira Stella Maris, Nana comemorou o \u00faltimo anivers\u00e1rio na \u00faltima ter\u00e7a-feira (29). No dia seguinte, na quarta (30),\u00a0ap\u00f3s nove meses internada, sofreu uma &#8220;overdose de opioides&#8221;.<\/p>\n<\/div>\n","protected":false},"excerpt":{"rendered":"<p>A cantora Nana Caymmi morreu nesta quinta-feira (1\u00ba), aos 84 anos, no Rio de Janeiro. A artista estava internada na Cl\u00ednica S\u00e3o Jos\u00e9, em Botafogo, na zona sul da capital fluminense, desde agosto quando deu entrada para tratar uma arritmia card\u00edaca. &#8220;\u00c9 com muito pesar que comunico o falecimento da minha irm\u00e3 Nana Caymmi. Estamos, [&hellip;]<\/p>\n","protected":false},"author":1,"featured_media":75509,"comment_status":"open","ping_status":"open","sticky":false,"template":"","format":"standard","meta":{"_uag_custom_page_level_css":"","_monsterinsights_skip_tracking":false,"_monsterinsights_sitenote_active":false,"_monsterinsights_sitenote_note":"","_monsterinsights_sitenote_category":0,"jetpack_post_was_ever_published":false,"_jetpack_newsletter_access":"","_jetpack_dont_email_post_to_subs":false,"_jetpack_newsletter_tier_id":0,"_jetpack_memberships_contains_paywalled_content":false,"_jetpack_memberships_contains_paid_content":false,"footnotes":"","jetpack_publicize_message":"","jetpack_publicize_feature_enabled":true,"jetpack_social_post_already_shared":true,"jetpack_social_options":{"image_generator_settings":{"template":"highway","default_image_id":0,"font":"","enabled":false},"version":2}},"categories":[200],"tags":[],"class_list":["post-75508","post","type-post","status-publish","format-standard","has-post-thumbnail","hentry","category-brasil"],"jetpack_publicize_connections":[],"jetpack_featured_media_url":"https:\/\/blogopara.com.br\/wp-content\/uploads\/2025\/05\/nana-caymmi-scaled-1.jpg","uagb_featured_image_src":{"full":["https:\/\/blogopara.com.br\/wp-content\/uploads\/2025\/05\/nana-caymmi-scaled-1.jpg",500,270,false],"thumbnail":["https:\/\/blogopara.com.br\/wp-content\/uploads\/2025\/05\/nana-caymmi-scaled-1-150x150.jpg",150,150,true],"medium":["https:\/\/blogopara.com.br\/wp-content\/uploads\/2025\/05\/nana-caymmi-scaled-1-300x162.jpg",300,162,true],"medium_large":["https:\/\/blogopara.com.br\/wp-content\/uploads\/2025\/05\/nana-caymmi-scaled-1.jpg",500,270,false],"large":["https:\/\/blogopara.com.br\/wp-content\/uploads\/2025\/05\/nana-caymmi-scaled-1.jpg",500,270,false],"1536x1536":["https:\/\/blogopara.com.br\/wp-content\/uploads\/2025\/05\/nana-caymmi-scaled-1.jpg",500,270,false],"2048x2048":["https:\/\/blogopara.com.br\/wp-content\/uploads\/2025\/05\/nana-caymmi-scaled-1.jpg",500,270,false],"mantranews-slider-large":["https:\/\/blogopara.com.br\/wp-content\/uploads\/2025\/05\/nana-caymmi-scaled-1.jpg",500,270,false],"mantranews-featured-medium":["https:\/\/blogopara.com.br\/wp-content\/uploads\/2025\/05\/nana-caymmi-scaled-1-420x270.jpg",420,270,true],"mantranews-featured-long":["https:\/\/blogopara.com.br\/wp-content\/uploads\/2025\/05\/nana-caymmi-scaled-1-300x270.jpg",300,270,true],"mantranews-block-medium":["https:\/\/blogopara.com.br\/wp-content\/uploads\/2025\/05\/nana-caymmi-scaled-1-464x270.jpg",464,270,true],"mantranews-carousel-image":["https:\/\/blogopara.com.br\/wp-content\/uploads\/2025\/05\/nana-caymmi-scaled-1.jpg",500,270,false],"mantranews-block-thumb":["https:\/\/blogopara.com.br\/wp-content\/uploads\/2025\/05\/nana-caymmi-scaled-1-322x230.jpg",322,230,true],"mantranews-single-large":["https:\/\/blogopara.com.br\/wp-content\/uploads\/2025\/05\/nana-caymmi-scaled-1.jpg",500,270,false]},"uagb_author_info":{"display_name":"Reda\u00e7\u00e3o geral","author_link":"https:\/\/blogopara.com.br\/index.php\/author\/blogopara"},"uagb_comment_info":0,"uagb_excerpt":"A cantora Nana Caymmi morreu nesta quinta-feira (1\u00ba), aos 84 anos, no Rio de Janeiro. A artista estava internada na Cl\u00ednica S\u00e3o Jos\u00e9, em Botafogo, na zona sul da capital fluminense, desde agosto quando deu entrada para tratar uma arritmia card\u00edaca. &#8220;\u00c9 com muito pesar que comunico o falecimento da minha irm\u00e3 Nana Caymmi. Estamos,&hellip;","jetpack_sharing_enabled":true,"jetpack_likes_enabled":true,"_links":{"self":[{"href":"https:\/\/blogopara.com.br\/index.php\/wp-json\/wp\/v2\/posts\/75508","targetHints":{"allow":["GET"]}}],"collection":[{"href":"https:\/\/blogopara.com.br\/index.php\/wp-json\/wp\/v2\/posts"}],"about":[{"href":"https:\/\/blogopara.com.br\/index.php\/wp-json\/wp\/v2\/types\/post"}],"author":[{"embeddable":true,"href":"https:\/\/blogopara.com.br\/index.php\/wp-json\/wp\/v2\/users\/1"}],"replies":[{"embeddable":true,"href":"https:\/\/blogopara.com.br\/index.php\/wp-json\/wp\/v2\/comments?post=75508"}],"version-history":[{"count":1,"href":"https:\/\/blogopara.com.br\/index.php\/wp-json\/wp\/v2\/posts\/75508\/revisions"}],"predecessor-version":[{"id":75510,"href":"https:\/\/blogopara.com.br\/index.php\/wp-json\/wp\/v2\/posts\/75508\/revisions\/75510"}],"wp:featuredmedia":[{"embeddable":true,"href":"https:\/\/blogopara.com.br\/index.php\/wp-json\/wp\/v2\/media\/75509"}],"wp:attachment":[{"href":"https:\/\/blogopara.com.br\/index.php\/wp-json\/wp\/v2\/media?parent=75508"}],"wp:term":[{"taxonomy":"category","embeddable":true,"href":"https:\/\/blogopara.com.br\/index.php\/wp-json\/wp\/v2\/categories?post=75508"},{"taxonomy":"post_tag","embeddable":true,"href":"https:\/\/blogopara.com.br\/index.php\/wp-json\/wp\/v2\/tags?post=75508"}],"curies":[{"name":"wp","href":"https:\/\/api.w.org\/{rel}","templated":true}]}}