{"id":7563,"date":"2020-02-27T14:04:42","date_gmt":"2020-02-27T17:04:42","guid":{"rendered":"http:\/\/blogopara.com.br\/?p=7563"},"modified":"2020-02-27T14:04:44","modified_gmt":"2020-02-27T17:04:44","slug":"policial-militar-e-encontrado-morto-com-sinais-de-tortura-em-feira-de-santana","status":"publish","type":"post","link":"https:\/\/blogopara.com.br\/index.php\/2020\/02\/27\/policial-militar-e-encontrado-morto-com-sinais-de-tortura-em-feira-de-santana","title":{"rendered":"Policial Militar \u00e9 encontrado morto com sinais de tortura em Feira de Santana"},"content":{"rendered":"<p style=\"text-align: justify;\">O Policial Militar Ant\u00f4nio Jos\u00e9 Pereira Braga foi encontrado morto por volta das 9h, nesta quarta-feira (26), na Rua Ant\u00f4nio de Santana no bairro Nova Esperan\u00e7a em Feira de Santana. Ele estava com as m\u00e3os queimadas e um fio amarrado ao pesco\u00e7o. A suspeita da pol\u00edcia \u00e9 que tenha sido torturado.<\/p>\n<div class=\"wp-block-image\">\n<p style=\"text-align: justify;\">O Cabo PM Braga morava em Feira, era lotado no 16\u00ba Batalh\u00e3o de Serrinha e trabalhava em Santan\u00f3polis. O corpo foi reconhecido por familiares no Departamento de Pol\u00edcia T\u00e9cnica (DPT).<\/p>\n<p style=\"text-align: justify;\">Pr\u00f3ximo ao corpo, no local do crime, foram encontrados vasilhames vazios de \u00e1lcool, toalhas e roupas. Ao Acorda Cidade um familiar informou que ele trabalhou no Carnaval de Salvador e chegou em Feira de Santana por volta das 6h de segunda-feira (24), e n\u00e3o tinha entrado em contato com a fam\u00edlia.<\/p>\n<p style=\"text-align: justify;\">\u201cEm momento algum ele chegou a comentar com a gente que estava sendo amea\u00e7ado ou qualquer coisa deste tipo. Ele era um cara que se comunicava muito com a fam\u00edlia e segunda e ter\u00e7a pela tarde ele n\u00e3o encontrou em contato. A\u00ed existiu essa preocupa\u00e7\u00e3o e depois surgiu essa informa\u00e7\u00e3o do corpo encontrado no Nova Esperan\u00e7a\u201d, informou.<\/p>\n<p style=\"text-align: justify;\">A identidade do policial tamb\u00e9m foi confirmada pelo coronel Luziel Andrade, comandante do Policiamento Regional Leste.<\/p>\n<pre><em>Fonte: Ipir\u00e1 Noticias<\/em><\/pre>\n<div class=\"a1bae61badb2d6bee161194ed51c1f26\" style=\"text-align: justify;\" data-index=\"2\"><\/div>\n<\/div>\n","protected":false},"excerpt":{"rendered":"<p>O Policial Militar Ant\u00f4nio Jos\u00e9 Pereira Braga foi encontrado morto por volta das 9h, nesta quarta-feira (26), na Rua Ant\u00f4nio de Santana no bairro Nova Esperan\u00e7a em Feira de Santana. Ele estava com as m\u00e3os queimadas e um fio amarrado ao pesco\u00e7o. A suspeita da pol\u00edcia \u00e9 que tenha sido torturado. O Cabo PM Braga [&hellip;]<\/p>\n","protected":false},"author":1,"featured_media":7564,"comment_status":"open","ping_status":"open","sticky":false,"template":"","format":"standard","meta":{"_uag_custom_page_level_css":"","_monsterinsights_skip_tracking":false,"_monsterinsights_sitenote_active":false,"_monsterinsights_sitenote_note":"","_monsterinsights_sitenote_category":0,"jetpack_post_was_ever_published":false,"_jetpack_newsletter_access":"","_jetpack_dont_email_post_to_subs":false,"_jetpack_newsletter_tier_id":0,"_jetpack_memberships_contains_paywalled_content":false,"_jetpack_memberships_contains_paid_content":false,"footnotes":"","jetpack_publicize_message":"","jetpack_publicize_feature_enabled":true,"jetpack_social_post_already_shared":true,"jetpack_social_options":{"image_generator_settings":{"template":"highway","default_image_id":0,"font":"","enabled":false},"version":2}},"categories":[199],"tags":[1472,182],"class_list":["post-7563","post","type-post","status-publish","format-standard","has-post-thumbnail","hentry","category-bahia","tag-feira-de-santana","tag-pmba"],"jetpack_publicize_connections":[],"jetpack_featured_media_url":"https:\/\/blogopara.com.br\/wp-content\/uploads\/2020\/02\/183992-3.jpg","uagb_featured_image_src":{"full":["https:\/\/blogopara.com.br\/wp-content\/uploads\/2020\/02\/183992-3.jpg",395,261,false],"thumbnail":["https:\/\/blogopara.com.br\/wp-content\/uploads\/2020\/02\/183992-3-150x150.jpg",150,150,true],"medium":["https:\/\/blogopara.com.br\/wp-content\/uploads\/2020\/02\/183992-3-300x198.jpg",300,198,true],"medium_large":["https:\/\/blogopara.com.br\/wp-content\/uploads\/2020\/02\/183992-3.jpg",395,261,false],"large":["https:\/\/blogopara.com.br\/wp-content\/uploads\/2020\/02\/183992-3.jpg",395,261,false],"1536x1536":["https:\/\/blogopara.com.br\/wp-content\/uploads\/2020\/02\/183992-3.jpg",395,261,false],"2048x2048":["https:\/\/blogopara.com.br\/wp-content\/uploads\/2020\/02\/183992-3.jpg",395,261,false],"mantranews-slider-large":["https:\/\/blogopara.com.br\/wp-content\/uploads\/2020\/02\/183992-3.jpg",395,261,false],"mantranews-featured-medium":["https:\/\/blogopara.com.br\/wp-content\/uploads\/2020\/02\/183992-3.jpg",395,261,false],"mantranews-featured-long":["https:\/\/blogopara.com.br\/wp-content\/uploads\/2020\/02\/183992-3.jpg",300,198,false],"mantranews-block-medium":["https:\/\/blogopara.com.br\/wp-content\/uploads\/2020\/02\/183992-3.jpg",395,261,false],"mantranews-carousel-image":["https:\/\/blogopara.com.br\/wp-content\/uploads\/2020\/02\/183992-3.jpg",395,261,false],"mantranews-block-thumb":["https:\/\/blogopara.com.br\/wp-content\/uploads\/2020\/02\/183992-3.jpg",322,213,false],"mantranews-single-large":["https:\/\/blogopara.com.br\/wp-content\/uploads\/2020\/02\/183992-3.jpg",395,261,false]},"uagb_author_info":{"display_name":"Reda\u00e7\u00e3o geral","author_link":"https:\/\/blogopara.com.br\/index.php\/author\/blogopara"},"uagb_comment_info":0,"uagb_excerpt":"O Policial Militar Ant\u00f4nio Jos\u00e9 Pereira Braga foi encontrado morto por volta das 9h, nesta quarta-feira (26), na Rua Ant\u00f4nio de Santana no bairro Nova Esperan\u00e7a em Feira de Santana. Ele estava com as m\u00e3os queimadas e um fio amarrado ao pesco\u00e7o. A suspeita da pol\u00edcia \u00e9 que tenha sido torturado. O Cabo PM Braga&hellip;","jetpack_sharing_enabled":true,"jetpack_likes_enabled":true,"_links":{"self":[{"href":"https:\/\/blogopara.com.br\/index.php\/wp-json\/wp\/v2\/posts\/7563","targetHints":{"allow":["GET"]}}],"collection":[{"href":"https:\/\/blogopara.com.br\/index.php\/wp-json\/wp\/v2\/posts"}],"about":[{"href":"https:\/\/blogopara.com.br\/index.php\/wp-json\/wp\/v2\/types\/post"}],"author":[{"embeddable":true,"href":"https:\/\/blogopara.com.br\/index.php\/wp-json\/wp\/v2\/users\/1"}],"replies":[{"embeddable":true,"href":"https:\/\/blogopara.com.br\/index.php\/wp-json\/wp\/v2\/comments?post=7563"}],"version-history":[{"count":1,"href":"https:\/\/blogopara.com.br\/index.php\/wp-json\/wp\/v2\/posts\/7563\/revisions"}],"predecessor-version":[{"id":7565,"href":"https:\/\/blogopara.com.br\/index.php\/wp-json\/wp\/v2\/posts\/7563\/revisions\/7565"}],"wp:featuredmedia":[{"embeddable":true,"href":"https:\/\/blogopara.com.br\/index.php\/wp-json\/wp\/v2\/media\/7564"}],"wp:attachment":[{"href":"https:\/\/blogopara.com.br\/index.php\/wp-json\/wp\/v2\/media?parent=7563"}],"wp:term":[{"taxonomy":"category","embeddable":true,"href":"https:\/\/blogopara.com.br\/index.php\/wp-json\/wp\/v2\/categories?post=7563"},{"taxonomy":"post_tag","embeddable":true,"href":"https:\/\/blogopara.com.br\/index.php\/wp-json\/wp\/v2\/tags?post=7563"}],"curies":[{"name":"wp","href":"https:\/\/api.w.org\/{rel}","templated":true}]}}