{"id":75656,"date":"2025-05-06T12:09:03","date_gmt":"2025-05-06T15:09:03","guid":{"rendered":"https:\/\/blogopara.com.br\/?p=75656"},"modified":"2025-05-06T12:09:20","modified_gmt":"2025-05-06T15:09:20","slug":"maio-laranja-prefeitura-de-senhor-do-bonfim-inicia-campanha-com-foco-na-protecao-de-criancas-e-adolescentes","status":"publish","type":"post","link":"https:\/\/blogopara.com.br\/index.php\/2025\/05\/06\/maio-laranja-prefeitura-de-senhor-do-bonfim-inicia-campanha-com-foco-na-protecao-de-criancas-e-adolescentes","title":{"rendered":"Maio Laranja: Prefeitura de Senhor do Bonfim inicia campanha com foco na prote\u00e7\u00e3o de crian\u00e7as e adolescentes"},"content":{"rendered":"<p class=\"x_MsoNormal\">A Prefeitura de Senhor do Bonfim iniciou nesta segunda-feira (5) as a\u00e7\u00f5es alusivas \u00e0 campanha Maio Laranja, com uma programa\u00e7\u00e3o especial na Pra\u00e7a Nova do Congresso, refor\u00e7ando a luta contra o abuso e a explora\u00e7\u00e3o sexual de crian\u00e7as e adolescentes. A a\u00e7\u00e3o contou com apresenta\u00e7\u00e3o cultural das crian\u00e7as atendidas no Servi\u00e7o de Conviv\u00eancia e Fortalecimento de V\u00ednculos (SCFV), coloca\u00e7\u00e3o das flores, que s\u00e3o tema da campanha, na pra\u00e7a; falas de autoridades e hasteamento da bandeira da campanha.<\/p>\n<p class=\"x_MsoNormal\">O prefeito La\u00e9rcio J\u00fanior participou da abertura e destacou a import\u00e2ncia do engajamento coletivo. \u201cNosso maior compromisso \u00e9 proteger nossas crian\u00e7as e adolescentes. Essa campanha \u00e9 um alerta para que todos estejam atentos e dispostos a denunciar qualquer viola\u00e7\u00e3o de direitos\u201d, afirmou.<\/p>\n<p class=\"x_MsoNormal\">A secret\u00e1ria de Assist\u00eancia Social, Taciane Granja, refor\u00e7ou o papel da sociedade. \u201cA campanha \u00e9 de todos. Precisamos do envolvimento de cada cidad\u00e3o para mudar essa realidade e garantir um ambiente seguro para nossas crian\u00e7as\u201d.<\/p>\n<p class=\"x_MsoNormal\">J\u00e1 a servidora do CREAS, Rozilda Pereira, convocou a comunidade a participar ativamente.\u00a0 \u201cDizer sim ao Maio Laranja \u00e9 dizer sim \u00e0 vida, ao cuidado e ao respeito com nossas crian\u00e7as e adolescentes. Contamos com o apoio de todos\u201d.<\/p>\n<p class=\"x_MsoNormal\"><b>Programa\u00e7\u00e3o<\/b><\/p>\n<p class=\"x_MsoNormal\">Durante todo o m\u00eas, a campanha levar\u00e1 a\u00e7\u00f5es educativas \u00e0s escolas, decora\u00e7\u00f5es tem\u00e1ticas e mobiliza\u00e7\u00f5es p\u00fablicas, com foco especial no dia 18 de maio \u2014 Dia Nacional de Combate ao Abuso e \u00e0 Explora\u00e7\u00e3o Sexual Infantil.<\/p>\n<p class=\"x_MsoNormal\">&#8211;<\/p>\n<p class=\"x_MsoNormal\">Texto: Ascom PMSB<\/p>\n<p class=\"x_MsoNormal\" align=\"center\"><b>\u00a0<\/b><\/p>\n","protected":false},"excerpt":{"rendered":"<p>A Prefeitura de Senhor do Bonfim iniciou nesta segunda-feira (5) as a\u00e7\u00f5es alusivas \u00e0 campanha Maio Laranja, com uma programa\u00e7\u00e3o especial na Pra\u00e7a Nova do Congresso, refor\u00e7ando a luta contra o abuso e a explora\u00e7\u00e3o sexual de crian\u00e7as e adolescentes. A a\u00e7\u00e3o contou com apresenta\u00e7\u00e3o cultural das crian\u00e7as atendidas no Servi\u00e7o de Conviv\u00eancia e Fortalecimento [&hellip;]<\/p>\n","protected":false},"author":1,"featured_media":75657,"comment_status":"open","ping_status":"open","sticky":false,"template":"","format":"standard","meta":{"_uag_custom_page_level_css":"","_monsterinsights_skip_tracking":false,"_monsterinsights_sitenote_active":false,"_monsterinsights_sitenote_note":"","_monsterinsights_sitenote_category":0,"jetpack_post_was_ever_published":false,"_jetpack_newsletter_access":"","_jetpack_dont_email_post_to_subs":false,"_jetpack_newsletter_tier_id":0,"_jetpack_memberships_contains_paywalled_content":false,"_jetpack_memberships_contains_paid_content":false,"footnotes":"","jetpack_publicize_message":"","jetpack_publicize_feature_enabled":true,"jetpack_social_post_already_shared":true,"jetpack_social_options":{"image_generator_settings":{"template":"highway","default_image_id":0,"font":"","enabled":false},"version":2}},"categories":[197],"tags":[],"class_list":["post-75656","post","type-post","status-publish","format-standard","has-post-thumbnail","hentry","category-politica"],"jetpack_publicize_connections":[],"jetpack_featured_media_url":"https:\/\/blogopara.com.br\/wp-content\/uploads\/2025\/05\/thumbnail_54499022235_1710c08d95_k.jpg","uagb_featured_image_src":{"full":["https:\/\/blogopara.com.br\/wp-content\/uploads\/2025\/05\/thumbnail_54499022235_1710c08d95_k.jpg",500,333,false],"thumbnail":["https:\/\/blogopara.com.br\/wp-content\/uploads\/2025\/05\/thumbnail_54499022235_1710c08d95_k-150x150.jpg",150,150,true],"medium":["https:\/\/blogopara.com.br\/wp-content\/uploads\/2025\/05\/thumbnail_54499022235_1710c08d95_k-300x200.jpg",300,200,true],"medium_large":["https:\/\/blogopara.com.br\/wp-content\/uploads\/2025\/05\/thumbnail_54499022235_1710c08d95_k.jpg",500,333,false],"large":["https:\/\/blogopara.com.br\/wp-content\/uploads\/2025\/05\/thumbnail_54499022235_1710c08d95_k.jpg",500,333,false],"1536x1536":["https:\/\/blogopara.com.br\/wp-content\/uploads\/2025\/05\/thumbnail_54499022235_1710c08d95_k.jpg",500,333,false],"2048x2048":["https:\/\/blogopara.com.br\/wp-content\/uploads\/2025\/05\/thumbnail_54499022235_1710c08d95_k.jpg",500,333,false],"mantranews-slider-large":["https:\/\/blogopara.com.br\/wp-content\/uploads\/2025\/05\/thumbnail_54499022235_1710c08d95_k.jpg",500,333,false],"mantranews-featured-medium":["https:\/\/blogopara.com.br\/wp-content\/uploads\/2025\/05\/thumbnail_54499022235_1710c08d95_k-420x307.jpg",420,307,true],"mantranews-featured-long":["https:\/\/blogopara.com.br\/wp-content\/uploads\/2025\/05\/thumbnail_54499022235_1710c08d95_k-300x333.jpg",300,333,true],"mantranews-block-medium":["https:\/\/blogopara.com.br\/wp-content\/uploads\/2025\/05\/thumbnail_54499022235_1710c08d95_k-464x290.jpg",464,290,true],"mantranews-carousel-image":["https:\/\/blogopara.com.br\/wp-content\/uploads\/2025\/05\/thumbnail_54499022235_1710c08d95_k.jpg",500,333,false],"mantranews-block-thumb":["https:\/\/blogopara.com.br\/wp-content\/uploads\/2025\/05\/thumbnail_54499022235_1710c08d95_k-322x230.jpg",322,230,true],"mantranews-single-large":["https:\/\/blogopara.com.br\/wp-content\/uploads\/2025\/05\/thumbnail_54499022235_1710c08d95_k.jpg",500,333,false]},"uagb_author_info":{"display_name":"Reda\u00e7\u00e3o geral","author_link":"https:\/\/blogopara.com.br\/index.php\/author\/blogopara"},"uagb_comment_info":0,"uagb_excerpt":"A Prefeitura de Senhor do Bonfim iniciou nesta segunda-feira (5) as a\u00e7\u00f5es alusivas \u00e0 campanha Maio Laranja, com uma programa\u00e7\u00e3o especial na Pra\u00e7a Nova do Congresso, refor\u00e7ando a luta contra o abuso e a explora\u00e7\u00e3o sexual de crian\u00e7as e adolescentes. A a\u00e7\u00e3o contou com apresenta\u00e7\u00e3o cultural das crian\u00e7as atendidas no Servi\u00e7o de Conviv\u00eancia e Fortalecimento&hellip;","jetpack_sharing_enabled":true,"jetpack_likes_enabled":true,"_links":{"self":[{"href":"https:\/\/blogopara.com.br\/index.php\/wp-json\/wp\/v2\/posts\/75656","targetHints":{"allow":["GET"]}}],"collection":[{"href":"https:\/\/blogopara.com.br\/index.php\/wp-json\/wp\/v2\/posts"}],"about":[{"href":"https:\/\/blogopara.com.br\/index.php\/wp-json\/wp\/v2\/types\/post"}],"author":[{"embeddable":true,"href":"https:\/\/blogopara.com.br\/index.php\/wp-json\/wp\/v2\/users\/1"}],"replies":[{"embeddable":true,"href":"https:\/\/blogopara.com.br\/index.php\/wp-json\/wp\/v2\/comments?post=75656"}],"version-history":[{"count":2,"href":"https:\/\/blogopara.com.br\/index.php\/wp-json\/wp\/v2\/posts\/75656\/revisions"}],"predecessor-version":[{"id":75659,"href":"https:\/\/blogopara.com.br\/index.php\/wp-json\/wp\/v2\/posts\/75656\/revisions\/75659"}],"wp:featuredmedia":[{"embeddable":true,"href":"https:\/\/blogopara.com.br\/index.php\/wp-json\/wp\/v2\/media\/75657"}],"wp:attachment":[{"href":"https:\/\/blogopara.com.br\/index.php\/wp-json\/wp\/v2\/media?parent=75656"}],"wp:term":[{"taxonomy":"category","embeddable":true,"href":"https:\/\/blogopara.com.br\/index.php\/wp-json\/wp\/v2\/categories?post=75656"},{"taxonomy":"post_tag","embeddable":true,"href":"https:\/\/blogopara.com.br\/index.php\/wp-json\/wp\/v2\/tags?post=75656"}],"curies":[{"name":"wp","href":"https:\/\/api.w.org\/{rel}","templated":true}]}}