{"id":75728,"date":"2025-05-08T13:34:50","date_gmt":"2025-05-08T16:34:50","guid":{"rendered":"https:\/\/blogopara.com.br\/?p=75728"},"modified":"2025-05-08T13:34:50","modified_gmt":"2025-05-08T16:34:50","slug":"guarda-municipal-foi-executado-apos-ir-a-padaria-e-ser-reconhecido-por-traficantes-do-bdm","status":"publish","type":"post","link":"https:\/\/blogopara.com.br\/index.php\/2025\/05\/08\/guarda-municipal-foi-executado-apos-ir-a-padaria-e-ser-reconhecido-por-traficantes-do-bdm","title":{"rendered":"Guarda municipal foi executado ap\u00f3s ir a padaria e ser reconhecido por traficantes do BDM"},"content":{"rendered":"<div class=\"flex flex-col w-full font-normal text-[18px] leading-[30px] text-tw-theme-text-default\">\n<p id=\"paragrafo-gezoub6yap\">O guarda municipal George Santos Viana, 41 anos,\u00a0que foi executado por criminosos em Catu de Abrantes, morreu realizando uma atividade comum da sua rotina. A v\u00edtima saiu de casa para comprar p\u00e3o na regi\u00e3o onde morava h\u00e1 pelo menos cinco anos, mas virou alvo de diversos disparos de traficantes do Bonde do Maluco (BDM), fac\u00e7\u00e3o que atua na \u00e1rea. Os bandidos teriam reconhecido George e atirado contra ele pela fun\u00e7\u00e3o que ele exercia h\u00e1 mais de 15 anos na Guarda Civil Municipal (GCM) de Salvador.<\/p>\n<\/div>\n<div class=\"flex flex-col w-full font-normal text-[18px] leading-[30px] text-tw-theme-text-default\">\n<p id=\"paragrafo-koalf7ydg0\">A informa\u00e7\u00e3o \u00e9 confirmada por uma fonte policial ouvida pela reportagem. \u201cEle morava em um condom\u00ednio fechado \u00e0s margens da BA-099, em Catu de Abrantes, mas ele cruzava a estrada para ir comprar p\u00e3o no com\u00e9rcio dali. Aquela \u00e1rea, no entanto, tem o tr\u00e1fico controlado pelo BDM. A principal linha de investiga\u00e7\u00e3o \u00e9 que ele tenha sido reconhecido pelos criminosos e morto pelo cargo de agente de seguran\u00e7a p\u00fablica, considerando a viol\u00eancia empregada\u201d, explica a fonte, sem se identificar.<\/p>\n<\/div>\n<div class=\"flex flex-col w-full font-normal text-[18px] leading-[30px] text-tw-theme-text-default\">\n<p id=\"paragrafo-ukjbgmbzcp\">Os detalhes da atua\u00e7\u00e3o do BDM na \u00e1rea corroboram com o hist\u00f3rico de crimes registrados na regi\u00e3o. Foi em Catu de Abrantes que o percussionista Renato Santos Evangelista Sobrinho foi executado em novembro de 2021. A investiga\u00e7\u00e3o do caso apontou que os executores da v\u00edtima eram integrantes da fac\u00e7\u00e3o que, na \u00e1rea, \u00e9 comandada por\u00a0<a class=\"link\" href=\"https:\/\/www.correio24horas.com.br\/minha-bahia\/lider-de-trafico-assassino-de-musico-e-mais-veja-os-criminosos-incluidos-na-lista-de-mais-procurados-da-bahia-0724\" target=\"_blank\" rel=\"noopener\">F\u00e1bio Souza dos Santos, que \u00e9 mais conhecido como Geleia e est\u00e1 foragido da pol\u00edcia desde que fugiu da pris\u00e3o em outubro de 2023.<\/a><\/p>\n<\/div>\n<div class=\"flex flex-col w-full\">\n<div id=\"imagem-1uuo5q9nex\" class=\"w-full\">\n<figure class=\"imagem-notas w-full max-w-full h-auto flex justify-center items-center overflow-hidden\"><img loading=\"lazy\" decoding=\"async\" class=\"w-full h-auto\" src=\"https:\/\/midias.correio24horas.com.br\/2025\/05\/08\/auto-upload-2720229.png\" alt=\"\" width=\"601\" height=\"422\" \/><\/figure>\n<p>Geleia seria l\u00edder do BDM em Catu de Abrantes\u00a0<span class=\"font-bold\">Cr\u00e9dito: Reprodu\u00e7\u00e3o<\/span><\/div>\n<\/div>\n<div class=\"article_intext inline-block text-center w-full h-280\">\n<div id=\"internas_336x280_02\"><\/div>\n<\/div>\n<div class=\"flex flex-col w-full font-normal text-[18px] leading-[30px] text-tw-theme-text-default\">\n<p id=\"paragrafo-kmgqdmdte5\">N\u00e3o h\u00e1 informa\u00e7\u00f5es concretas sobre a possibilidade de mando de Geleia na morte de George. O criminoso, de acordo com policiais, estaria fora do pa\u00eds, mas ainda \u00e9 o chefe do BDM no bairro onde o crime ocorreu. O que se tem, segundo a fonte policial ouvida pela reportagem, s\u00e3o ind\u00edcios \u2018fortes\u2019 de que o crime foi premeditado. \u201c\u00c9 muito prov\u00e1vel que tenham identificado a rotina da v\u00edtima e sabiam que ele ia no local de maneira recorrente, o que deu a possibilidade dos criminosos atacarem\u201d, completa.<\/p>\n<\/div>\n<div class=\"flex flex-col w-full font-normal text-[18px] leading-[30px] text-tw-theme-text-default\">\n<p id=\"paragrafo-ar3aw0ywh0\"><b>Luto na GCM<\/b><\/p>\n<\/div>\n<div class=\"flex flex-col w-full font-normal text-[18px] leading-[30px] text-tw-theme-text-default\">\n<p id=\"paragrafo-bdsk223pph\">O corpo de George foi sepultado na manh\u00e3 desta quinta-feira (8) no Cemit\u00e9rio do Campo Santo, no bairro da Federa\u00e7\u00e3o, em Salvador. O local foi lotado tanto por familiares da v\u00edtima como colegas e amigos que ele fez no trabalho. George fez parte da primeira turma da GCM h\u00e1 17 anos e era instrutor de armamento e tiro na Guarda, o que o colocou como professor de muitos dos profissionais formados.<\/p>\n<\/div>\n<div class=\"flex flex-col w-full font-normal text-[18px] leading-[30px] text-tw-theme-text-default\">\n<p id=\"paragrafo-f7if4jrfd1\">Supervisor e amigo da v\u00edtima, Anderson Nascimento \u00e9 categ\u00f3rico ao destacar o profissional e o amigo que tinha em George. \u201cEra um funcion\u00e1rio, um servidor excepcional, um homem vision\u00e1rio, sempre disposto a ajudar qualquer um do grupo. George se tornou instrutor de armamento e tiro e auxiliava n\u00e3o s\u00f3 a guarda daqui como a dos interiores aqui da Bahia na sua forma\u00e7\u00e3o. [&#8230;] Falando como amigo e irm\u00e3o, ele vai deixar um buraco nas vidas de n\u00f3s, da fam\u00edlia e todos que o conheciam\u201d, diz.<\/p>\n<\/div>\n<div class=\"flex flex-col w-full font-normal text-[18px] leading-[30px] text-tw-theme-text-default\">\n<p id=\"paragrafo-zp4q83d510\">A fam\u00edlia de George, muito abalada, n\u00e3o conversou com a reportagem. No local, al\u00e9m de entes queridos, era muito comum ver agentes da GCM com l\u00e1grimas nos olhos durante o vel\u00f3rio da v\u00edtima. Inspetor Geral, Marcelo Silva afirmou que h\u00e1 uma consterna\u00e7\u00e3o total entre os guardas. \u201cUm momento dif\u00edcil, triste para a institui\u00e7\u00e3o como um todo. Tem colegas aqui de guarda do interior representando seus efetivos para que o seu legado n\u00e3o seja esquecido\u201d, afirmou Silva.<\/p>\n<\/div>\n<div class=\"flex flex-col w-full font-normal text-[18px] leading-[30px] text-tw-theme-text-default\">\n<p id=\"paragrafo-g8lb5040lh\">O caso foi registrado pela 4\u00aa Delegacia de Homic\u00eddios de Cama\u00e7ari, que investiga o assassinato e busca os respons\u00e1veis, de acordo com a Pol\u00edcia Civil.<\/p>\n<p>Fonte de informa\u00e7\u00f5es: Correio da Bahia<\/p>\n<\/div>\n","protected":false},"excerpt":{"rendered":"<p>O guarda municipal George Santos Viana, 41 anos,\u00a0que foi executado por criminosos em Catu de Abrantes, morreu realizando uma atividade comum da sua rotina. A v\u00edtima saiu de casa para comprar p\u00e3o na regi\u00e3o onde morava h\u00e1 pelo menos cinco anos, mas virou alvo de diversos disparos de traficantes do Bonde do Maluco (BDM), fac\u00e7\u00e3o [&hellip;]<\/p>\n","protected":false},"author":1,"featured_media":75729,"comment_status":"open","ping_status":"open","sticky":false,"template":"","format":"standard","meta":{"_uag_custom_page_level_css":"","_monsterinsights_skip_tracking":false,"_monsterinsights_sitenote_active":false,"_monsterinsights_sitenote_note":"","_monsterinsights_sitenote_category":0,"jetpack_post_was_ever_published":false,"_jetpack_newsletter_access":"","_jetpack_dont_email_post_to_subs":false,"_jetpack_newsletter_tier_id":0,"_jetpack_memberships_contains_paywalled_content":false,"_jetpack_memberships_contains_paid_content":false,"footnotes":"","jetpack_publicize_message":"","jetpack_publicize_feature_enabled":true,"jetpack_social_post_already_shared":true,"jetpack_social_options":{"image_generator_settings":{"template":"highway","default_image_id":0,"font":"","enabled":false},"version":2}},"categories":[199,202],"tags":[],"class_list":["post-75728","post","type-post","status-publish","format-standard","has-post-thumbnail","hentry","category-bahia","category-policia"],"jetpack_publicize_connections":[],"jetpack_featured_media_url":"https:\/\/blogopara.com.br\/wp-content\/uploads\/2025\/05\/Capturar-10.jpg","uagb_featured_image_src":{"full":["https:\/\/blogopara.com.br\/wp-content\/uploads\/2025\/05\/Capturar-10.jpg",500,331,false],"thumbnail":["https:\/\/blogopara.com.br\/wp-content\/uploads\/2025\/05\/Capturar-10-150x150.jpg",150,150,true],"medium":["https:\/\/blogopara.com.br\/wp-content\/uploads\/2025\/05\/Capturar-10-300x199.jpg",300,199,true],"medium_large":["https:\/\/blogopara.com.br\/wp-content\/uploads\/2025\/05\/Capturar-10.jpg",500,331,false],"large":["https:\/\/blogopara.com.br\/wp-content\/uploads\/2025\/05\/Capturar-10.jpg",500,331,false],"1536x1536":["https:\/\/blogopara.com.br\/wp-content\/uploads\/2025\/05\/Capturar-10.jpg",500,331,false],"2048x2048":["https:\/\/blogopara.com.br\/wp-content\/uploads\/2025\/05\/Capturar-10.jpg",500,331,false],"mantranews-slider-large":["https:\/\/blogopara.com.br\/wp-content\/uploads\/2025\/05\/Capturar-10.jpg",500,331,false],"mantranews-featured-medium":["https:\/\/blogopara.com.br\/wp-content\/uploads\/2025\/05\/Capturar-10-420x307.jpg",420,307,true],"mantranews-featured-long":["https:\/\/blogopara.com.br\/wp-content\/uploads\/2025\/05\/Capturar-10-300x331.jpg",300,331,true],"mantranews-block-medium":["https:\/\/blogopara.com.br\/wp-content\/uploads\/2025\/05\/Capturar-10-464x290.jpg",464,290,true],"mantranews-carousel-image":["https:\/\/blogopara.com.br\/wp-content\/uploads\/2025\/05\/Capturar-10.jpg",500,331,false],"mantranews-block-thumb":["https:\/\/blogopara.com.br\/wp-content\/uploads\/2025\/05\/Capturar-10-322x230.jpg",322,230,true],"mantranews-single-large":["https:\/\/blogopara.com.br\/wp-content\/uploads\/2025\/05\/Capturar-10.jpg",500,331,false]},"uagb_author_info":{"display_name":"Reda\u00e7\u00e3o geral","author_link":"https:\/\/blogopara.com.br\/index.php\/author\/blogopara"},"uagb_comment_info":0,"uagb_excerpt":"O guarda municipal George Santos Viana, 41 anos,\u00a0que foi executado por criminosos em Catu de Abrantes, morreu realizando uma atividade comum da sua rotina. A v\u00edtima saiu de casa para comprar p\u00e3o na regi\u00e3o onde morava h\u00e1 pelo menos cinco anos, mas virou alvo de diversos disparos de traficantes do Bonde do Maluco (BDM), fac\u00e7\u00e3o&hellip;","jetpack_sharing_enabled":true,"jetpack_likes_enabled":true,"_links":{"self":[{"href":"https:\/\/blogopara.com.br\/index.php\/wp-json\/wp\/v2\/posts\/75728","targetHints":{"allow":["GET"]}}],"collection":[{"href":"https:\/\/blogopara.com.br\/index.php\/wp-json\/wp\/v2\/posts"}],"about":[{"href":"https:\/\/blogopara.com.br\/index.php\/wp-json\/wp\/v2\/types\/post"}],"author":[{"embeddable":true,"href":"https:\/\/blogopara.com.br\/index.php\/wp-json\/wp\/v2\/users\/1"}],"replies":[{"embeddable":true,"href":"https:\/\/blogopara.com.br\/index.php\/wp-json\/wp\/v2\/comments?post=75728"}],"version-history":[{"count":1,"href":"https:\/\/blogopara.com.br\/index.php\/wp-json\/wp\/v2\/posts\/75728\/revisions"}],"predecessor-version":[{"id":75730,"href":"https:\/\/blogopara.com.br\/index.php\/wp-json\/wp\/v2\/posts\/75728\/revisions\/75730"}],"wp:featuredmedia":[{"embeddable":true,"href":"https:\/\/blogopara.com.br\/index.php\/wp-json\/wp\/v2\/media\/75729"}],"wp:attachment":[{"href":"https:\/\/blogopara.com.br\/index.php\/wp-json\/wp\/v2\/media?parent=75728"}],"wp:term":[{"taxonomy":"category","embeddable":true,"href":"https:\/\/blogopara.com.br\/index.php\/wp-json\/wp\/v2\/categories?post=75728"},{"taxonomy":"post_tag","embeddable":true,"href":"https:\/\/blogopara.com.br\/index.php\/wp-json\/wp\/v2\/tags?post=75728"}],"curies":[{"name":"wp","href":"https:\/\/api.w.org\/{rel}","templated":true}]}}