{"id":75742,"date":"2025-05-08T14:28:36","date_gmt":"2025-05-08T17:28:36","guid":{"rendered":"https:\/\/blogopara.com.br\/?p=75742"},"modified":"2025-05-08T14:28:36","modified_gmt":"2025-05-08T17:28:36","slug":"juazeiro-sedia-encontro-de-lideres-pelo-desenvolvimento-sustentavel-do-sertao-do-sao-francisco","status":"publish","type":"post","link":"https:\/\/blogopara.com.br\/index.php\/2025\/05\/08\/juazeiro-sedia-encontro-de-lideres-pelo-desenvolvimento-sustentavel-do-sertao-do-sao-francisco","title":{"rendered":"Juazeiro sedia encontro de l\u00edderes pelo desenvolvimento sustent\u00e1vel do Sert\u00e3o do S\u00e3o Francisco"},"content":{"rendered":"<p>A manh\u00e3 desta quarta-feira (7) teve um in\u00edcio diferente na Ag\u00eancia de Desenvolvimento Econ\u00f4mico, Emprego e Renda\/ADEER. No lugar dos atendimentos, que normalmente acontecem no Espa\u00e7o Colaborar, a ag\u00eancia foi tomada por boa m\u00fasica regional e um importante debate sobre o sert\u00e3o e seu protagonismo nas novas economias. Isso porque a Ag\u00eancia L\u00edder do Sert\u00e3o do S\u00e3o Francisco\/Agelider, realizou seu primeiro encontro de 2025, com a proposta de um olhar inovador para o nosso territ\u00f3rio.<\/p>\n<p>Com o tema \u201cO Sert\u00e3o Como Protagonista de Novas Tecnologias\u201d, o encontro reuniu lideran\u00e7as p\u00fablicas, representantes do Sebrae, empreendedores e institui\u00e7\u00f5es da regi\u00e3o para debater caminhos para o desenvolvimento sustent\u00e1vel do territ\u00f3rio, com foco no turismo regional. Realizado em parceria com o Sebrae e a ADEER, o evento destacou como as novas tecnologias e modelos econ\u00f4micos, como as economias verde, criativa e colaborativa, est\u00e3o impactando positivamente o Sert\u00e3o do S\u00e3o Francisco.<\/p>\n<p>A presidente da Agelider, Qlianne Martins, ressaltou o papel da institui\u00e7\u00e3o no fortalecimento do desenvolvimento regional. \u201cN\u00f3s trabalhamos com desenvolvimento sustent\u00e1vel com foco nas dez cidades do territ\u00f3rio Sert\u00e3o S\u00e3o Francisco para promovermos o turismo, inova\u00e7\u00e3o, empreendedorismo e sustentabilidade, \u00e9 esse o nosso foco. N\u00f3s somos uma ag\u00eancia criada atrav\u00e9s do Programa Livre que \u00e9 um programa do Sebrae e a gente desenvolve algumas a\u00e7\u00f5es com o apoio deles, como a de hoje, por exemplo\u201d, disse.<\/p>\n<p>Durante a programa\u00e7\u00e3o, participantes compartilharam experi\u00eancias e iniciativas que v\u00eam sendo desenvolvidas em seus munic\u00edpios, envolvendo parcerias entre o poder p\u00fablico, empresas, organiza\u00e7\u00f5es da sociedade civil e comunidades locais. Entre os temas discutidos estavam consumo consciente, cadeias produtivas sustent\u00e1veis, educa\u00e7\u00e3o transformadora, turismo de experi\u00eancia e valoriza\u00e7\u00e3o da cultura regional.<\/p>\n<p>Um dos participantes \u00e9 o t\u00e9cnico agr\u00edcola de Mani\u00e7oba, Djalma Alves, que diz que o que tem aprendido vai ajudar muito no seu trabalho. \u201cN\u00f3s trabalhamos com um grupo de produtores e eu represento o Instituto das Comunidades mais 35 comunidades. Ent\u00e3o, isso vai fazer com que a gente se mobilize mais ainda e interaja com eles nessa parte de organiza\u00e7\u00e3o e de como buscar trabalhar a nossa cultura local\u201d, explicou.<\/p>\n<p>Para o diretor-presidente da ADEER, o evento ser sediado em Juazeiro \u00e9 de grande relev\u00e2ncia, j\u00e1 que a cidade \u00e9 polo da regi\u00e3o. \u201cJuazeiro assume um papel de proporcionar o desenvolvimento econ\u00f4mico em toda a regi\u00e3o e eu fico feliz de Juazeiro estar sediando esse momento. Esses l\u00edderes ir\u00e3o trazer as pol\u00edticas p\u00fablicas para desenvolver a nossa economia e trabalhar pela valoriza\u00e7\u00e3o do nosso terit\u00f3rio, isso \u00e9 muito importante\u201d, acrescentou.<\/p>\n<p>A Agelider \u00e9 composta por l\u00edderes representantes dos munic\u00edpios de Campo Alegre de Lourdes, Casa Nova, Canudos, Cura\u00e7\u00e1, Juazeiro, Remanso, Sobradinho, Sento S\u00e9, Pil\u00e3o Arcado e Uau\u00e1.<\/p>\n<p>___<\/p>\n<p>Texto: Thamires Costa \u2013 Ascom\/PMJ<\/p>\n","protected":false},"excerpt":{"rendered":"<p>A manh\u00e3 desta quarta-feira (7) teve um in\u00edcio diferente na Ag\u00eancia de Desenvolvimento Econ\u00f4mico, Emprego e Renda\/ADEER. No lugar dos atendimentos, que normalmente acontecem no Espa\u00e7o Colaborar, a ag\u00eancia foi tomada por boa m\u00fasica regional e um importante debate sobre o sert\u00e3o e seu protagonismo nas novas economias. Isso porque a Ag\u00eancia L\u00edder do Sert\u00e3o [&hellip;]<\/p>\n","protected":false},"author":1,"featured_media":75743,"comment_status":"open","ping_status":"open","sticky":false,"template":"","format":"standard","meta":{"_uag_custom_page_level_css":"","_monsterinsights_skip_tracking":false,"_monsterinsights_sitenote_active":false,"_monsterinsights_sitenote_note":"","_monsterinsights_sitenote_category":0,"jetpack_post_was_ever_published":false,"_jetpack_newsletter_access":"","_jetpack_dont_email_post_to_subs":false,"_jetpack_newsletter_tier_id":0,"_jetpack_memberships_contains_paywalled_content":false,"_jetpack_memberships_contains_paid_content":false,"footnotes":"","jetpack_publicize_message":"","jetpack_publicize_feature_enabled":true,"jetpack_social_post_already_shared":true,"jetpack_social_options":{"image_generator_settings":{"template":"highway","default_image_id":0,"font":"","enabled":false},"version":2}},"categories":[203,197],"tags":[],"class_list":["post-75742","post","type-post","status-publish","format-standard","has-post-thumbnail","hentry","category-juazeiro","category-politica"],"jetpack_publicize_connections":[],"jetpack_featured_media_url":"https:\/\/blogopara.com.br\/wp-content\/uploads\/2025\/05\/transferir-1.jpg","uagb_featured_image_src":{"full":["https:\/\/blogopara.com.br\/wp-content\/uploads\/2025\/05\/transferir-1.jpg",500,375,false],"thumbnail":["https:\/\/blogopara.com.br\/wp-content\/uploads\/2025\/05\/transferir-1-150x150.jpg",150,150,true],"medium":["https:\/\/blogopara.com.br\/wp-content\/uploads\/2025\/05\/transferir-1-300x225.jpg",300,225,true],"medium_large":["https:\/\/blogopara.com.br\/wp-content\/uploads\/2025\/05\/transferir-1.jpg",500,375,false],"large":["https:\/\/blogopara.com.br\/wp-content\/uploads\/2025\/05\/transferir-1.jpg",500,375,false],"1536x1536":["https:\/\/blogopara.com.br\/wp-content\/uploads\/2025\/05\/transferir-1.jpg",500,375,false],"2048x2048":["https:\/\/blogopara.com.br\/wp-content\/uploads\/2025\/05\/transferir-1.jpg",500,375,false],"mantranews-slider-large":["https:\/\/blogopara.com.br\/wp-content\/uploads\/2025\/05\/transferir-1.jpg",500,375,false],"mantranews-featured-medium":["https:\/\/blogopara.com.br\/wp-content\/uploads\/2025\/05\/transferir-1-420x307.jpg",420,307,true],"mantranews-featured-long":["https:\/\/blogopara.com.br\/wp-content\/uploads\/2025\/05\/transferir-1-300x375.jpg",300,375,true],"mantranews-block-medium":["https:\/\/blogopara.com.br\/wp-content\/uploads\/2025\/05\/transferir-1-464x290.jpg",464,290,true],"mantranews-carousel-image":["https:\/\/blogopara.com.br\/wp-content\/uploads\/2025\/05\/transferir-1.jpg",500,375,false],"mantranews-block-thumb":["https:\/\/blogopara.com.br\/wp-content\/uploads\/2025\/05\/transferir-1-322x230.jpg",322,230,true],"mantranews-single-large":["https:\/\/blogopara.com.br\/wp-content\/uploads\/2025\/05\/transferir-1.jpg",500,375,false]},"uagb_author_info":{"display_name":"Reda\u00e7\u00e3o geral","author_link":"https:\/\/blogopara.com.br\/index.php\/author\/blogopara"},"uagb_comment_info":0,"uagb_excerpt":"A manh\u00e3 desta quarta-feira (7) teve um in\u00edcio diferente na Ag\u00eancia de Desenvolvimento Econ\u00f4mico, Emprego e Renda\/ADEER. No lugar dos atendimentos, que normalmente acontecem no Espa\u00e7o Colaborar, a ag\u00eancia foi tomada por boa m\u00fasica regional e um importante debate sobre o sert\u00e3o e seu protagonismo nas novas economias. Isso porque a Ag\u00eancia L\u00edder do Sert\u00e3o&hellip;","jetpack_sharing_enabled":true,"jetpack_likes_enabled":true,"_links":{"self":[{"href":"https:\/\/blogopara.com.br\/index.php\/wp-json\/wp\/v2\/posts\/75742","targetHints":{"allow":["GET"]}}],"collection":[{"href":"https:\/\/blogopara.com.br\/index.php\/wp-json\/wp\/v2\/posts"}],"about":[{"href":"https:\/\/blogopara.com.br\/index.php\/wp-json\/wp\/v2\/types\/post"}],"author":[{"embeddable":true,"href":"https:\/\/blogopara.com.br\/index.php\/wp-json\/wp\/v2\/users\/1"}],"replies":[{"embeddable":true,"href":"https:\/\/blogopara.com.br\/index.php\/wp-json\/wp\/v2\/comments?post=75742"}],"version-history":[{"count":1,"href":"https:\/\/blogopara.com.br\/index.php\/wp-json\/wp\/v2\/posts\/75742\/revisions"}],"predecessor-version":[{"id":75744,"href":"https:\/\/blogopara.com.br\/index.php\/wp-json\/wp\/v2\/posts\/75742\/revisions\/75744"}],"wp:featuredmedia":[{"embeddable":true,"href":"https:\/\/blogopara.com.br\/index.php\/wp-json\/wp\/v2\/media\/75743"}],"wp:attachment":[{"href":"https:\/\/blogopara.com.br\/index.php\/wp-json\/wp\/v2\/media?parent=75742"}],"wp:term":[{"taxonomy":"category","embeddable":true,"href":"https:\/\/blogopara.com.br\/index.php\/wp-json\/wp\/v2\/categories?post=75742"},{"taxonomy":"post_tag","embeddable":true,"href":"https:\/\/blogopara.com.br\/index.php\/wp-json\/wp\/v2\/tags?post=75742"}],"curies":[{"name":"wp","href":"https:\/\/api.w.org\/{rel}","templated":true}]}}