{"id":75745,"date":"2025-05-08T14:30:23","date_gmt":"2025-05-08T17:30:23","guid":{"rendered":"https:\/\/blogopara.com.br\/?p=75745"},"modified":"2025-05-08T14:30:23","modified_gmt":"2025-05-08T17:30:23","slug":"petrolina-avanca-na-seguranca-publica-com-analise-inedita-das-ocorrencias-da-guarda-municipal","status":"publish","type":"post","link":"https:\/\/blogopara.com.br\/index.php\/2025\/05\/08\/petrolina-avanca-na-seguranca-publica-com-analise-inedita-das-ocorrencias-da-guarda-municipal","title":{"rendered":"Petrolina avan\u00e7a na seguran\u00e7a p\u00fablica com an\u00e1lise in\u00e9dita das ocorr\u00eancias da Guarda Municipal"},"content":{"rendered":"<p>A Prefeitura de Petrolina, atrav\u00e9s da Secretaria Municipal de Seguran\u00e7a P\u00fablica, reuniu autoridades locais e pesquisadores renomados de universidades p\u00fablicas brasileiras para uma an\u00e1lise estrat\u00e9gica das ocorr\u00eancias atendidas pela Guarda Civil Municipal (GCM) no m\u00eas de fevereiro de 2025. A reuni\u00e3o contou com membros da secretaria de seguran\u00e7a e os pesquisadores Pablo Nunes (Universidade do Estado do Rio de Janeiro &#8211; UERJ), coordenador do Centro de Estudos de Seguran\u00e7a e Cidadania (CESeC) e B\u00e1rbara Sofia F\u00e9lix Duarte, doutoranda em Sociologia pela Universidade Federal de Pernambuco (UFPE).<\/p>\n<p>Durante a reuni\u00e3o, foi apresentada uma an\u00e1lise preliminar dos boletins de ocorr\u00eancia da Guarda Municipal do fevereiro deste ano, que revelou uma transforma\u00e7\u00e3o significativa no perfil das demandas enfrentadas pela corpora\u00e7\u00e3o. De acordo com a avalia\u00e7\u00e3o dos pesquisadores, as atua\u00e7\u00f5es das equipes est\u00e3o al\u00e9m da seguran\u00e7a patrimonial, elas t\u00eam se concentrado em situa\u00e7\u00f5es de alta complexidade social. Segundo a avalia\u00e7\u00e3o, uma parcela expressiva das ocorr\u00eancias atendidas pelos guardas municipais tem sido casos relacionados \u00e0s crises de sa\u00fade mental, epis\u00f3dios de viol\u00eancia dom\u00e9stica, apoio a institui\u00e7\u00f5es da rede p\u00fablica e atendimento a popula\u00e7\u00f5es em situa\u00e7\u00e3o de vulnerabilidade.<\/p>\n<p>Segundo o pesquisador Pablo Nunes esses dados podem auxiliar na abordagem das equipes. \u201cEssa \u00e9 uma das primeiras experi\u00eancias no Brasil em que uma Guarda Municipal sistematiza dados de sua atua\u00e7\u00e3o com esse grau de rigor e compromisso t\u00e9cnico. O que est\u00e1 sendo feito em Petrolina pode virar refer\u00eancia para o pa\u00eds\u201d, disse. A pesquisadora B\u00e1rbara Sofia, afirmou que a qualidade da informa\u00e7\u00e3o \u00e9 condi\u00e7\u00e3o b\u00e1sica para qualquer a\u00e7\u00e3o eficaz. \u201cPetrolina est\u00e1 dando um passo fundamental ao reconhecer isso e se comprometer com um processo institucional de produ\u00e7\u00e3o de evid\u00eancias\u201d, destacou.<\/p>\n<p>A partir das informa\u00e7\u00f5es sistematizadas, o grupo discutiu sobre a coleta de dados operacionais da Guarda Municipal, estabelecendo indicadores m\u00ednimos obrigat\u00f3rios. A proposta pretende garantir mais qualidade, transpar\u00eancia e continuidade na gest\u00e3o da seguran\u00e7a p\u00fablica. O encontro refor\u00e7a o protagonismo de Petrolina na constru\u00e7\u00e3o de solu\u00e7\u00f5es inovadoras na \u00e1rea da seguran\u00e7a p\u00fablica, com base na coopera\u00e7\u00e3o entre a gest\u00e3o p\u00fablica e a comunidade cient\u00edfica. Os dados coletados tamb\u00e9m dever\u00e3o subsidiar o futuro Plano Municipal de Seguran\u00e7a P\u00fablica, al\u00e9m de orientar a\u00e7\u00f5es preventivas mais eficientes nos bairros e comunidades da cidade.<\/p>\n<p>Texto: Iana Lima &#8211; Assessora de Comunica\u00e7\u00e3o da Secretaria Municipal de Seguran\u00e7a P\u00fablica<\/p>\n<p>Foto: Deivid Menezes<\/p>\n","protected":false},"excerpt":{"rendered":"<p>A Prefeitura de Petrolina, atrav\u00e9s da Secretaria Municipal de Seguran\u00e7a P\u00fablica, reuniu autoridades locais e pesquisadores renomados de universidades p\u00fablicas brasileiras para uma an\u00e1lise estrat\u00e9gica das ocorr\u00eancias atendidas pela Guarda Civil Municipal (GCM) no m\u00eas de fevereiro de 2025. A reuni\u00e3o contou com membros da secretaria de seguran\u00e7a e os pesquisadores Pablo Nunes (Universidade do [&hellip;]<\/p>\n","protected":false},"author":1,"featured_media":75746,"comment_status":"open","ping_status":"open","sticky":false,"template":"","format":"standard","meta":{"_uag_custom_page_level_css":"","_monsterinsights_skip_tracking":false,"_monsterinsights_sitenote_active":false,"_monsterinsights_sitenote_note":"","_monsterinsights_sitenote_category":0,"jetpack_post_was_ever_published":false,"_jetpack_newsletter_access":"","_jetpack_dont_email_post_to_subs":false,"_jetpack_newsletter_tier_id":0,"_jetpack_memberships_contains_paywalled_content":false,"_jetpack_memberships_contains_paid_content":false,"footnotes":"","jetpack_publicize_message":"","jetpack_publicize_feature_enabled":true,"jetpack_social_post_already_shared":true,"jetpack_social_options":{"image_generator_settings":{"template":"highway","default_image_id":0,"font":"","enabled":false},"version":2}},"categories":[851],"tags":[],"class_list":["post-75745","post","type-post","status-publish","format-standard","has-post-thumbnail","hentry","category-petrolina"],"jetpack_publicize_connections":[],"jetpack_featured_media_url":"https:\/\/blogopara.com.br\/wp-content\/uploads\/2025\/05\/WhatsApp-Image-2025-05-08-at-10.10.50.jpeg","uagb_featured_image_src":{"full":["https:\/\/blogopara.com.br\/wp-content\/uploads\/2025\/05\/WhatsApp-Image-2025-05-08-at-10.10.50.jpeg",500,333,false],"thumbnail":["https:\/\/blogopara.com.br\/wp-content\/uploads\/2025\/05\/WhatsApp-Image-2025-05-08-at-10.10.50-150x150.jpeg",150,150,true],"medium":["https:\/\/blogopara.com.br\/wp-content\/uploads\/2025\/05\/WhatsApp-Image-2025-05-08-at-10.10.50-300x200.jpeg",300,200,true],"medium_large":["https:\/\/blogopara.com.br\/wp-content\/uploads\/2025\/05\/WhatsApp-Image-2025-05-08-at-10.10.50.jpeg",500,333,false],"large":["https:\/\/blogopara.com.br\/wp-content\/uploads\/2025\/05\/WhatsApp-Image-2025-05-08-at-10.10.50.jpeg",500,333,false],"1536x1536":["https:\/\/blogopara.com.br\/wp-content\/uploads\/2025\/05\/WhatsApp-Image-2025-05-08-at-10.10.50.jpeg",500,333,false],"2048x2048":["https:\/\/blogopara.com.br\/wp-content\/uploads\/2025\/05\/WhatsApp-Image-2025-05-08-at-10.10.50.jpeg",500,333,false],"mantranews-slider-large":["https:\/\/blogopara.com.br\/wp-content\/uploads\/2025\/05\/WhatsApp-Image-2025-05-08-at-10.10.50.jpeg",500,333,false],"mantranews-featured-medium":["https:\/\/blogopara.com.br\/wp-content\/uploads\/2025\/05\/WhatsApp-Image-2025-05-08-at-10.10.50-420x307.jpeg",420,307,true],"mantranews-featured-long":["https:\/\/blogopara.com.br\/wp-content\/uploads\/2025\/05\/WhatsApp-Image-2025-05-08-at-10.10.50-300x333.jpeg",300,333,true],"mantranews-block-medium":["https:\/\/blogopara.com.br\/wp-content\/uploads\/2025\/05\/WhatsApp-Image-2025-05-08-at-10.10.50-464x290.jpeg",464,290,true],"mantranews-carousel-image":["https:\/\/blogopara.com.br\/wp-content\/uploads\/2025\/05\/WhatsApp-Image-2025-05-08-at-10.10.50.jpeg",500,333,false],"mantranews-block-thumb":["https:\/\/blogopara.com.br\/wp-content\/uploads\/2025\/05\/WhatsApp-Image-2025-05-08-at-10.10.50-322x230.jpeg",322,230,true],"mantranews-single-large":["https:\/\/blogopara.com.br\/wp-content\/uploads\/2025\/05\/WhatsApp-Image-2025-05-08-at-10.10.50.jpeg",500,333,false]},"uagb_author_info":{"display_name":"Reda\u00e7\u00e3o geral","author_link":"https:\/\/blogopara.com.br\/index.php\/author\/blogopara"},"uagb_comment_info":0,"uagb_excerpt":"A Prefeitura de Petrolina, atrav\u00e9s da Secretaria Municipal de Seguran\u00e7a P\u00fablica, reuniu autoridades locais e pesquisadores renomados de universidades p\u00fablicas brasileiras para uma an\u00e1lise estrat\u00e9gica das ocorr\u00eancias atendidas pela Guarda Civil Municipal (GCM) no m\u00eas de fevereiro de 2025. A reuni\u00e3o contou com membros da secretaria de seguran\u00e7a e os pesquisadores Pablo Nunes (Universidade do&hellip;","jetpack_sharing_enabled":true,"jetpack_likes_enabled":true,"_links":{"self":[{"href":"https:\/\/blogopara.com.br\/index.php\/wp-json\/wp\/v2\/posts\/75745","targetHints":{"allow":["GET"]}}],"collection":[{"href":"https:\/\/blogopara.com.br\/index.php\/wp-json\/wp\/v2\/posts"}],"about":[{"href":"https:\/\/blogopara.com.br\/index.php\/wp-json\/wp\/v2\/types\/post"}],"author":[{"embeddable":true,"href":"https:\/\/blogopara.com.br\/index.php\/wp-json\/wp\/v2\/users\/1"}],"replies":[{"embeddable":true,"href":"https:\/\/blogopara.com.br\/index.php\/wp-json\/wp\/v2\/comments?post=75745"}],"version-history":[{"count":1,"href":"https:\/\/blogopara.com.br\/index.php\/wp-json\/wp\/v2\/posts\/75745\/revisions"}],"predecessor-version":[{"id":75747,"href":"https:\/\/blogopara.com.br\/index.php\/wp-json\/wp\/v2\/posts\/75745\/revisions\/75747"}],"wp:featuredmedia":[{"embeddable":true,"href":"https:\/\/blogopara.com.br\/index.php\/wp-json\/wp\/v2\/media\/75746"}],"wp:attachment":[{"href":"https:\/\/blogopara.com.br\/index.php\/wp-json\/wp\/v2\/media?parent=75745"}],"wp:term":[{"taxonomy":"category","embeddable":true,"href":"https:\/\/blogopara.com.br\/index.php\/wp-json\/wp\/v2\/categories?post=75745"},{"taxonomy":"post_tag","embeddable":true,"href":"https:\/\/blogopara.com.br\/index.php\/wp-json\/wp\/v2\/tags?post=75745"}],"curies":[{"name":"wp","href":"https:\/\/api.w.org\/{rel}","templated":true}]}}