{"id":75783,"date":"2025-05-09T09:45:52","date_gmt":"2025-05-09T12:45:52","guid":{"rendered":"https:\/\/blogopara.com.br\/?p=75783"},"modified":"2025-05-09T09:45:52","modified_gmt":"2025-05-09T12:45:52","slug":"ameacaram-me-matar-video-mostra-monitor-tentando-entrar-com-celular-em-presidio","status":"publish","type":"post","link":"https:\/\/blogopara.com.br\/index.php\/2025\/05\/09\/ameacaram-me-matar-video-mostra-monitor-tentando-entrar-com-celular-em-presidio","title":{"rendered":"&#8216;Amea\u00e7aram me matar&#8217;: v\u00eddeo mostra monitor tentando entrar com celular em pres\u00eddio"},"content":{"rendered":"<div class=\"flex flex-col w-full\">\n<div class=\"flex flex-col w-full font-normal text-[18px] leading-[30px] text-tw-theme-text-default\">\n<p id=\"paragrafo-n00an828cc\">A pris\u00e3o de um monitor identificado apenas como Matheus,\u00a0que aconteceu ap\u00f3s ele tentar entrar no Conjunto Penal Masculino de Salvador com aparelhos eletr\u00f4nicos a mando de traficantes, foi registrada em um v\u00eddeo que circula nas redes sociais. Nas imagens, \u00e9 poss\u00edvel ver o suspeito retirando um celular, tr\u00eas rel\u00f3gios digitais e um cabo carregador de dentro da bota que o monitor de ressocializa\u00e7\u00e3o cal\u00e7ava.<\/p>\n<\/div>\n<div class=\"article_mrec_destaque sticky\">\n<div id=\"internas_336x280_01\"><\/div>\n<\/div>\n<div class=\"flex flex-col w-full font-normal text-[18px] leading-[30px] text-tw-theme-text-default\">\n<p id=\"paragrafo-rg7pypypz9\">\u201cBata a bota no ch\u00e3o a\u00ed. Na meia n\u00e3o tem nada, n\u00e3o? Deixa eu ver esse coturno, tira a palmilha dele\u201d, questiona um policial penal enquanto o suspeito tira o cal\u00e7ado. Quando Matheus tira a bota, os policiais identificam um celular embalado, al\u00e9m dos rel\u00f3gios e o cabo carregador. Por ser monitor de ressocializa\u00e7\u00e3o e fazer parte da seguran\u00e7a do local, o suspeito chega a ser questionado pelos policiais.<\/p>\n<\/div>\n<div class=\"flex flex-col w-full font-normal text-[18px] leading-[30px] text-tw-theme-text-default\">\n<div class=\"flex flex-col w-full font-normal text-[18px] leading-[30px] text-tw-theme-text-default\">\n<p id=\"paragrafo-d97j2fo9ol\">Ao justificar a a\u00e7\u00e3o criminosa, ele afirma que n\u00e3o teve op\u00e7\u00e3o. \u201cOs caras me amea\u00e7aram l\u00e1 na rua [onde o suspeito mora]. Amea\u00e7aram me matar\u201d, afirmou Matheus durante a revista. O monitor revela ainda para quem os aparelhos seriam entregues na unidade prisional. \u201c[Era para ser entregue] a Ronald, da cela um\u201d, respondeu ao ser questionado pelos policiais penais do local.<\/p>\n<\/div>\n<div class=\"flex flex-col w-full\">\n<div id=\"embed-gqzczm9s34\" class=\"component--embed \"><iframe id=\"instagram-embed-0\" class=\"instagram-media instagram-media-rendered\" src=\"https:\/\/www.instagram.com\/reel\/DJZEmvwpMOg\/embed\/?cr=1&amp;v=14&amp;wp=405&amp;rd=https%3A%2F%2Fwww.correio24horas.com.br&amp;rp=%2Fminha-bahia%2Fameacaram-me-matar-video-mostra-monitor-tentando-entrar-com-celular-em-presidio-0525#%7B%22ci%22%3A0%2C%22os%22%3A2101.300000000745%2C%22ls%22%3A1268.4000000003725%2C%22le%22%3A1810.5%7D\" height=\"880\" frameborder=\"0\" scrolling=\"no\" allowfullscreen=\"allowfullscreen\" data-instgrm-payload-id=\"instagram-media-payload-0\"><\/iframe><\/div>\n<\/div>\n<div class=\"article_intext inline-block text-center w-full h-280\">\n<div id=\"internas_336x280_02\"><\/div>\n<\/div>\n<div class=\"flex flex-col w-full font-normal text-[18px] leading-[30px] text-tw-theme-text-default\">\n<p id=\"paragrafo-wjo0pc26a3\">A Secretaria de Administra\u00e7\u00e3o Penitenci\u00e1ria e Ressocializa\u00e7\u00e3o (Seap) confirmou a pris\u00e3o do suspeito e destacou que ele faz parte de uma empresa terceirizada que presta servi\u00e7o no local. Antes da revista, os aparelhos foram detectados quando o colaborador tentava passar pelo body scanner. O suspeito trabalhava h\u00e1 tr\u00eas meses pela empresa Socializa e teria sido amea\u00e7ado por traficantes da Ribeira.<\/p>\n<\/div>\n<div class=\"flex flex-col w-full font-normal text-[18px] leading-[30px] text-tw-theme-text-default\">\n<p id=\"paragrafo-d3f66hbelq\">Matheus estava sendo monitorado pela Superintend\u00eancia de Gest\u00e3o Prisional (SGP), por meio da Diretoria de Seguran\u00e7a Prisional. Ele ser\u00e1 julgado no crime de introdu\u00e7\u00e3o de aparelho telef\u00f4nico em pres\u00eddio, com pena de reclus\u00e3o prevista de tr\u00eas a doze anos. Uma equipe do Grupamento Especializado em Opera\u00e7\u00f5es Prisionais (Geop) o conduziu para Central de Flagrantes. Todo material apreendido ser\u00e1 encaminhado para o Departamento de Pol\u00edcia T\u00e9cnica (DPT), para per\u00edcia.<\/p>\n<p>Fonte: Correio da Bahia<\/p>\n<\/div>\n<\/div>\n<\/div>\n","protected":false},"excerpt":{"rendered":"<p>A pris\u00e3o de um monitor identificado apenas como Matheus,\u00a0que aconteceu ap\u00f3s ele tentar entrar no Conjunto Penal Masculino de Salvador com aparelhos eletr\u00f4nicos a mando de traficantes, foi registrada em um v\u00eddeo que circula nas redes sociais. Nas imagens, \u00e9 poss\u00edvel ver o suspeito retirando um celular, tr\u00eas rel\u00f3gios digitais e um cabo carregador de [&hellip;]<\/p>\n","protected":false},"author":1,"featured_media":75792,"comment_status":"open","ping_status":"open","sticky":false,"template":"","format":"standard","meta":{"_uag_custom_page_level_css":"","_monsterinsights_skip_tracking":false,"_monsterinsights_sitenote_active":false,"_monsterinsights_sitenote_note":"","_monsterinsights_sitenote_category":0,"jetpack_post_was_ever_published":false,"_jetpack_newsletter_access":"","_jetpack_dont_email_post_to_subs":false,"_jetpack_newsletter_tier_id":0,"_jetpack_memberships_contains_paywalled_content":false,"_jetpack_memberships_contains_paid_content":false,"footnotes":"","jetpack_publicize_message":"","jetpack_publicize_feature_enabled":true,"jetpack_social_post_already_shared":true,"jetpack_social_options":{"image_generator_settings":{"template":"highway","default_image_id":0,"font":"","enabled":false},"version":2}},"categories":[199,202],"tags":[],"class_list":["post-75783","post","type-post","status-publish","format-standard","has-post-thumbnail","hentry","category-bahia","category-policia"],"jetpack_publicize_connections":[],"jetpack_featured_media_url":"https:\/\/blogopara.com.br\/wp-content\/uploads\/2025\/05\/Capturar-11.jpg","uagb_featured_image_src":{"full":["https:\/\/blogopara.com.br\/wp-content\/uploads\/2025\/05\/Capturar-11.jpg",500,356,false],"thumbnail":["https:\/\/blogopara.com.br\/wp-content\/uploads\/2025\/05\/Capturar-11-150x150.jpg",150,150,true],"medium":["https:\/\/blogopara.com.br\/wp-content\/uploads\/2025\/05\/Capturar-11-300x214.jpg",300,214,true],"medium_large":["https:\/\/blogopara.com.br\/wp-content\/uploads\/2025\/05\/Capturar-11.jpg",500,356,false],"large":["https:\/\/blogopara.com.br\/wp-content\/uploads\/2025\/05\/Capturar-11.jpg",500,356,false],"1536x1536":["https:\/\/blogopara.com.br\/wp-content\/uploads\/2025\/05\/Capturar-11.jpg",500,356,false],"2048x2048":["https:\/\/blogopara.com.br\/wp-content\/uploads\/2025\/05\/Capturar-11.jpg",500,356,false],"mantranews-slider-large":["https:\/\/blogopara.com.br\/wp-content\/uploads\/2025\/05\/Capturar-11.jpg",500,356,false],"mantranews-featured-medium":["https:\/\/blogopara.com.br\/wp-content\/uploads\/2025\/05\/Capturar-11-420x307.jpg",420,307,true],"mantranews-featured-long":["https:\/\/blogopara.com.br\/wp-content\/uploads\/2025\/05\/Capturar-11-300x356.jpg",300,356,true],"mantranews-block-medium":["https:\/\/blogopara.com.br\/wp-content\/uploads\/2025\/05\/Capturar-11-464x290.jpg",464,290,true],"mantranews-carousel-image":["https:\/\/blogopara.com.br\/wp-content\/uploads\/2025\/05\/Capturar-11.jpg",500,356,false],"mantranews-block-thumb":["https:\/\/blogopara.com.br\/wp-content\/uploads\/2025\/05\/Capturar-11-322x230.jpg",322,230,true],"mantranews-single-large":["https:\/\/blogopara.com.br\/wp-content\/uploads\/2025\/05\/Capturar-11.jpg",500,356,false]},"uagb_author_info":{"display_name":"Reda\u00e7\u00e3o geral","author_link":"https:\/\/blogopara.com.br\/index.php\/author\/blogopara"},"uagb_comment_info":0,"uagb_excerpt":"A pris\u00e3o de um monitor identificado apenas como Matheus,\u00a0que aconteceu ap\u00f3s ele tentar entrar no Conjunto Penal Masculino de Salvador com aparelhos eletr\u00f4nicos a mando de traficantes, foi registrada em um v\u00eddeo que circula nas redes sociais. Nas imagens, \u00e9 poss\u00edvel ver o suspeito retirando um celular, tr\u00eas rel\u00f3gios digitais e um cabo carregador de&hellip;","jetpack_sharing_enabled":true,"jetpack_likes_enabled":true,"_links":{"self":[{"href":"https:\/\/blogopara.com.br\/index.php\/wp-json\/wp\/v2\/posts\/75783","targetHints":{"allow":["GET"]}}],"collection":[{"href":"https:\/\/blogopara.com.br\/index.php\/wp-json\/wp\/v2\/posts"}],"about":[{"href":"https:\/\/blogopara.com.br\/index.php\/wp-json\/wp\/v2\/types\/post"}],"author":[{"embeddable":true,"href":"https:\/\/blogopara.com.br\/index.php\/wp-json\/wp\/v2\/users\/1"}],"replies":[{"embeddable":true,"href":"https:\/\/blogopara.com.br\/index.php\/wp-json\/wp\/v2\/comments?post=75783"}],"version-history":[{"count":1,"href":"https:\/\/blogopara.com.br\/index.php\/wp-json\/wp\/v2\/posts\/75783\/revisions"}],"predecessor-version":[{"id":75793,"href":"https:\/\/blogopara.com.br\/index.php\/wp-json\/wp\/v2\/posts\/75783\/revisions\/75793"}],"wp:featuredmedia":[{"embeddable":true,"href":"https:\/\/blogopara.com.br\/index.php\/wp-json\/wp\/v2\/media\/75792"}],"wp:attachment":[{"href":"https:\/\/blogopara.com.br\/index.php\/wp-json\/wp\/v2\/media?parent=75783"}],"wp:term":[{"taxonomy":"category","embeddable":true,"href":"https:\/\/blogopara.com.br\/index.php\/wp-json\/wp\/v2\/categories?post=75783"},{"taxonomy":"post_tag","embeddable":true,"href":"https:\/\/blogopara.com.br\/index.php\/wp-json\/wp\/v2\/tags?post=75783"}],"curies":[{"name":"wp","href":"https:\/\/api.w.org\/{rel}","templated":true}]}}