{"id":75846,"date":"2025-05-11T11:07:13","date_gmt":"2025-05-11T14:07:13","guid":{"rendered":"https:\/\/blogopara.com.br\/?p=75846"},"modified":"2025-05-11T11:07:13","modified_gmt":"2025-05-11T14:07:13","slug":"acidente-automobilistico-deixa-vitima-fatal-na-br-235-jardim-primavera-em-juazeiro","status":"publish","type":"post","link":"https:\/\/blogopara.com.br\/index.php\/2025\/05\/11\/acidente-automobilistico-deixa-vitima-fatal-na-br-235-jardim-primavera-em-juazeiro","title":{"rendered":"Acidente automobil\u00edstico deixa vitima fatal na BR-235 Jardim Primavera em Juazeiro"},"content":{"rendered":"<div class=\"separator\">Um grave acidente na BR-235, da \u00c1rea 5 nas imedia\u00e7\u00f5es do Jardim Primavera, na zona rural de Juazeiro, no norte da Bahia, resultou em uma fatalidade. A colis\u00e3o, que envolveu um carro e uma motocicleta, ocorreu na noite desse\u00a0 s\u00e1bado (10)<\/div>\n<p data-sourcepos=\"5:1-5:169\">No impacto, um homem que conduzia a motocicleta n\u00e3o resistiu aos ferimentos e faleceu no local.<\/p>\n<p data-sourcepos=\"7:1-7:204\">As circunst\u00e2ncias exatas que levaram \u00e0 colis\u00e3o ainda s\u00e3o desconhecidas. A Pol\u00edcia Rodovi\u00e1ria Federal (PRF) foi acionada e esteve no local para controlar o tr\u00e1fego e iniciar o levantamento das informa\u00e7\u00f5es.<\/p>\n<p data-sourcepos=\"9:1-9:327\">Equipes da Pol\u00edcia Civil tamb\u00e9m compareceram ao local do acidente para realizar os procedimentos de praxe, incluindo a per\u00edcia t\u00e9cnica, que buscar\u00e1 determinar as causas do ocorrido. O corpo da v\u00edtima foi encaminhado para o Instituto M\u00e9dico Legal (IML) de Juazeiro para identifica\u00e7\u00e3o oficial e realiza\u00e7\u00e3o dos exames necess\u00e1rios.<\/p>\n","protected":false},"excerpt":{"rendered":"<p>Um grave acidente na BR-235, da \u00c1rea 5 nas imedia\u00e7\u00f5es do Jardim Primavera, na zona rural de Juazeiro, no norte da Bahia, resultou em uma fatalidade. A colis\u00e3o, que envolveu um carro e uma motocicleta, ocorreu na noite desse\u00a0 s\u00e1bado (10) No impacto, um homem que conduzia a motocicleta n\u00e3o resistiu aos ferimentos e faleceu [&hellip;]<\/p>\n","protected":false},"author":1,"featured_media":75850,"comment_status":"open","ping_status":"open","sticky":false,"template":"","format":"standard","meta":{"_uag_custom_page_level_css":"","_monsterinsights_skip_tracking":false,"_monsterinsights_sitenote_active":false,"_monsterinsights_sitenote_note":"","_monsterinsights_sitenote_category":0,"jetpack_post_was_ever_published":false,"_jetpack_newsletter_access":"","_jetpack_dont_email_post_to_subs":false,"_jetpack_newsletter_tier_id":0,"_jetpack_memberships_contains_paywalled_content":false,"_jetpack_memberships_contains_paid_content":false,"footnotes":"","jetpack_publicize_message":"","jetpack_publicize_feature_enabled":true,"jetpack_social_post_already_shared":true,"jetpack_social_options":{"image_generator_settings":{"template":"highway","default_image_id":0,"font":"","enabled":false},"version":2}},"categories":[203,202],"tags":[],"class_list":["post-75846","post","type-post","status-publish","format-standard","has-post-thumbnail","hentry","category-juazeiro","category-policia"],"jetpack_publicize_connections":[],"jetpack_featured_media_url":"https:\/\/blogopara.com.br\/wp-content\/uploads\/2025\/05\/Sem-titulo-2.png","uagb_featured_image_src":{"full":["https:\/\/blogopara.com.br\/wp-content\/uploads\/2025\/05\/Sem-titulo-2.png",450,548,false],"thumbnail":["https:\/\/blogopara.com.br\/wp-content\/uploads\/2025\/05\/Sem-titulo-2-150x150.png",150,150,true],"medium":["https:\/\/blogopara.com.br\/wp-content\/uploads\/2025\/05\/Sem-titulo-2-246x300.png",246,300,true],"medium_large":["https:\/\/blogopara.com.br\/wp-content\/uploads\/2025\/05\/Sem-titulo-2.png",450,548,false],"large":["https:\/\/blogopara.com.br\/wp-content\/uploads\/2025\/05\/Sem-titulo-2.png",450,548,false],"1536x1536":["https:\/\/blogopara.com.br\/wp-content\/uploads\/2025\/05\/Sem-titulo-2.png",450,548,false],"2048x2048":["https:\/\/blogopara.com.br\/wp-content\/uploads\/2025\/05\/Sem-titulo-2.png",450,548,false],"mantranews-slider-large":["https:\/\/blogopara.com.br\/wp-content\/uploads\/2025\/05\/Sem-titulo-2.png",450,548,false],"mantranews-featured-medium":["https:\/\/blogopara.com.br\/wp-content\/uploads\/2025\/05\/Sem-titulo-2-420x307.png",420,307,true],"mantranews-featured-long":["https:\/\/blogopara.com.br\/wp-content\/uploads\/2025\/05\/Sem-titulo-2-300x443.png",300,443,true],"mantranews-block-medium":["https:\/\/blogopara.com.br\/wp-content\/uploads\/2025\/05\/Sem-titulo-2-450x290.png",450,290,true],"mantranews-carousel-image":["https:\/\/blogopara.com.br\/wp-content\/uploads\/2025\/05\/Sem-titulo-2-450x500.png",450,500,true],"mantranews-block-thumb":["https:\/\/blogopara.com.br\/wp-content\/uploads\/2025\/05\/Sem-titulo-2-322x230.png",322,230,true],"mantranews-single-large":["https:\/\/blogopara.com.br\/wp-content\/uploads\/2025\/05\/Sem-titulo-2.png",450,548,false]},"uagb_author_info":{"display_name":"Reda\u00e7\u00e3o geral","author_link":"https:\/\/blogopara.com.br\/index.php\/author\/blogopara"},"uagb_comment_info":0,"uagb_excerpt":"Um grave acidente na BR-235, da \u00c1rea 5 nas imedia\u00e7\u00f5es do Jardim Primavera, na zona rural de Juazeiro, no norte da Bahia, resultou em uma fatalidade. A colis\u00e3o, que envolveu um carro e uma motocicleta, ocorreu na noite desse\u00a0 s\u00e1bado (10) No impacto, um homem que conduzia a motocicleta n\u00e3o resistiu aos ferimentos e faleceu&hellip;","jetpack_sharing_enabled":true,"jetpack_likes_enabled":true,"_links":{"self":[{"href":"https:\/\/blogopara.com.br\/index.php\/wp-json\/wp\/v2\/posts\/75846","targetHints":{"allow":["GET"]}}],"collection":[{"href":"https:\/\/blogopara.com.br\/index.php\/wp-json\/wp\/v2\/posts"}],"about":[{"href":"https:\/\/blogopara.com.br\/index.php\/wp-json\/wp\/v2\/types\/post"}],"author":[{"embeddable":true,"href":"https:\/\/blogopara.com.br\/index.php\/wp-json\/wp\/v2\/users\/1"}],"replies":[{"embeddable":true,"href":"https:\/\/blogopara.com.br\/index.php\/wp-json\/wp\/v2\/comments?post=75846"}],"version-history":[{"count":2,"href":"https:\/\/blogopara.com.br\/index.php\/wp-json\/wp\/v2\/posts\/75846\/revisions"}],"predecessor-version":[{"id":75852,"href":"https:\/\/blogopara.com.br\/index.php\/wp-json\/wp\/v2\/posts\/75846\/revisions\/75852"}],"wp:featuredmedia":[{"embeddable":true,"href":"https:\/\/blogopara.com.br\/index.php\/wp-json\/wp\/v2\/media\/75850"}],"wp:attachment":[{"href":"https:\/\/blogopara.com.br\/index.php\/wp-json\/wp\/v2\/media?parent=75846"}],"wp:term":[{"taxonomy":"category","embeddable":true,"href":"https:\/\/blogopara.com.br\/index.php\/wp-json\/wp\/v2\/categories?post=75846"},{"taxonomy":"post_tag","embeddable":true,"href":"https:\/\/blogopara.com.br\/index.php\/wp-json\/wp\/v2\/tags?post=75846"}],"curies":[{"name":"wp","href":"https:\/\/api.w.org\/{rel}","templated":true}]}}