{"id":75864,"date":"2025-05-12T15:34:05","date_gmt":"2025-05-12T18:34:05","guid":{"rendered":"https:\/\/blogopara.com.br\/?p=75864"},"modified":"2025-05-12T15:34:05","modified_gmt":"2025-05-12T18:34:05","slug":"festa-da-cidade-de-sento-se-comeca-nesta-sexta-16-com-grandes-atracoes","status":"publish","type":"post","link":"https:\/\/blogopara.com.br\/index.php\/2025\/05\/12\/festa-da-cidade-de-sento-se-comeca-nesta-sexta-16-com-grandes-atracoes","title":{"rendered":"Festa da Cidade de Sento S\u00e9 come\u00e7a nesta sexta (16) com grandes atra\u00e7\u00f5es"},"content":{"rendered":"<p class=\"x_MsoNormal\">O munic\u00edpio de Sento S\u00e9 est\u00e1 prestes a viver dias de muita m\u00fasica, cultura e celebra\u00e7\u00e3o. A partir desta sexta-feira (16) at\u00e9 o domingo (18), o Espa\u00e7o de Eventos, localizado \u00e0 Av. Raul Alves (atr\u00e1s da Academia da Sa\u00fade), ser\u00e1 palco da Festa da Cidade 2025, um evento que resgata uma tradi\u00e7\u00e3o marcante dos anos 2000 e promete movimentar a cidade com grandes atra\u00e7\u00f5es e impacto positivo na economia local.<\/p>\n<p class=\"x_MsoNormal\">A programa\u00e7\u00e3o come\u00e7a na sexta-feira (16) com shows de: Iti\u00faba (20h), Mateus Torres (21h30), L\u00e9o Santana (23h), Tayrone (1h) e Mateus do Acordeon (3h). No s\u00e1bado (17), a festa continua com Robinho Vaqueiro (20h), Dicalli (21h), Tony Salles (22h), Taty Girl (0h), Heitor Costa (2h) e Brena Miranda (4h). No domingo (18), a atra\u00e7\u00e3o \u00e9 a cantora gospel Elaine Martins, que se apresenta \u00e0s 21h, encerrando a festa com uma noite de f\u00e9 e louvor.<\/p>\n<p class=\"x_MsoNormal\">A prefeita Giselda Carvalho destacou que, al\u00e9m da grandiosidade da programa\u00e7\u00e3o, a seguran\u00e7a do evento tamb\u00e9m foi prioridade. \u201cEstivemos reunidos com as for\u00e7as de seguran\u00e7a do munic\u00edpio recentemente para garantir que a Festa da Cidade ocorra de forma tranquila, segura e com toda a estrutura necess\u00e1ria para receber bem o nosso povo e os visitantes. \u00c9 um evento que resgata a nossa hist\u00f3ria e injeta \u00e2nimo na economia local.\u201d<\/p>\n<p class=\"x_MsoNormal\"><b>A retomada da Festa da Cidade<\/b><\/p>\n<p class=\"x_MsoNormal\">Acontece em um per\u00edodo estrat\u00e9gico, fora do calend\u00e1rio tradicional de festas juninas, o que permite atrair um p\u00fablico regional maior, sem competir diretamente com outros grandes eventos. Com lota\u00e7\u00e3o na rede hoteleira e expectativa de grande p\u00fablico, a festa j\u00e1 se consolida como um novo marco cultural e econ\u00f4mico para o munic\u00edpio. A partir deste ano, a Festa da Cidade passa a integrar oficialmente o calend\u00e1rio cultural de Sento S\u00e9, sendo realizada anualmente no terceiro final de semana de maio.<\/p>\n<p class=\"x_MsoNormal\">\nPrograma\u00e7\u00e3o:<\/p>\n<p class=\"x_MsoNormal\">SEXTA-FEIRA \u2013 16\/05<\/p>\n<p class=\"x_MsoNormal\">20h &#8211; Iti\u00faba<\/p>\n<p class=\"x_MsoNormal\">21h30 &#8211; Mateus Torres<\/p>\n<p class=\"x_MsoNormal\">23h &#8211; L\u00e9o Santana<\/p>\n<p class=\"x_MsoNormal\">1h &#8211; Tayrone<\/p>\n<p class=\"x_MsoNormal\">3h &#8211; Mateus do Acordeon<\/p>\n<p class=\"x_MsoNormal\">S\u00c1BADO \u2013 17\/05<\/p>\n<p class=\"x_MsoNormal\">20h &#8211; Robinho Vaqueiro<\/p>\n<p class=\"x_MsoNormal\">21h &#8211; Dicalli<\/p>\n<p class=\"x_MsoNormal\">22h &#8211; Tony Salles<\/p>\n<p class=\"x_MsoNormal\">24h &#8211; Taty Girl<\/p>\n<p class=\"x_MsoNormal\">2h &#8211; Heitor Costa<\/p>\n<p class=\"x_MsoNormal\">4h &#8211; Brena Miranda<\/p>\n<p class=\"x_MsoNormal\">DOMINGO \u2013 18\/05<\/p>\n<p class=\"x_MsoNormal\">21h &#8211; Elaine Martins<\/p>\n<p class=\"x_MsoNormal\">\nTexto: Gardennia Garibalde &#8211; Ascom PMSSE<\/p>\n<p class=\"x_MsoNormal\">\n<p class=\"x_MsoNormal\">\n","protected":false},"excerpt":{"rendered":"<p>O munic\u00edpio de Sento S\u00e9 est\u00e1 prestes a viver dias de muita m\u00fasica, cultura e celebra\u00e7\u00e3o. A partir desta sexta-feira (16) at\u00e9 o domingo (18), o Espa\u00e7o de Eventos, localizado \u00e0 Av. Raul Alves (atr\u00e1s da Academia da Sa\u00fade), ser\u00e1 palco da Festa da Cidade 2025, um evento que resgata uma tradi\u00e7\u00e3o marcante dos anos [&hellip;]<\/p>\n","protected":false},"author":1,"featured_media":75869,"comment_status":"open","ping_status":"open","sticky":false,"template":"","format":"standard","meta":{"_uag_custom_page_level_css":"","_monsterinsights_skip_tracking":false,"_monsterinsights_sitenote_active":false,"_monsterinsights_sitenote_note":"","_monsterinsights_sitenote_category":0,"jetpack_post_was_ever_published":false,"_jetpack_newsletter_access":"","_jetpack_dont_email_post_to_subs":false,"_jetpack_newsletter_tier_id":0,"_jetpack_memberships_contains_paywalled_content":false,"_jetpack_memberships_contains_paid_content":false,"footnotes":"","jetpack_publicize_message":"","jetpack_publicize_feature_enabled":true,"jetpack_social_post_already_shared":true,"jetpack_social_options":{"image_generator_settings":{"template":"highway","default_image_id":0,"font":"","enabled":false},"version":2}},"categories":[199],"tags":[],"class_list":["post-75864","post","type-post","status-publish","format-standard","has-post-thumbnail","hentry","category-bahia"],"jetpack_publicize_connections":[],"jetpack_featured_media_url":"https:\/\/blogopara.com.br\/wp-content\/uploads\/2025\/05\/FESTA-DA-CIDADE-STORY-2.png","uagb_featured_image_src":{"full":["https:\/\/blogopara.com.br\/wp-content\/uploads\/2025\/05\/FESTA-DA-CIDADE-STORY-2.png",422,500,false],"thumbnail":["https:\/\/blogopara.com.br\/wp-content\/uploads\/2025\/05\/FESTA-DA-CIDADE-STORY-2-150x150.png",150,150,true],"medium":["https:\/\/blogopara.com.br\/wp-content\/uploads\/2025\/05\/FESTA-DA-CIDADE-STORY-2-253x300.png",253,300,true],"medium_large":["https:\/\/blogopara.com.br\/wp-content\/uploads\/2025\/05\/FESTA-DA-CIDADE-STORY-2.png",422,500,false],"large":["https:\/\/blogopara.com.br\/wp-content\/uploads\/2025\/05\/FESTA-DA-CIDADE-STORY-2.png",422,500,false],"1536x1536":["https:\/\/blogopara.com.br\/wp-content\/uploads\/2025\/05\/FESTA-DA-CIDADE-STORY-2.png",422,500,false],"2048x2048":["https:\/\/blogopara.com.br\/wp-content\/uploads\/2025\/05\/FESTA-DA-CIDADE-STORY-2.png",422,500,false],"mantranews-slider-large":["https:\/\/blogopara.com.br\/wp-content\/uploads\/2025\/05\/FESTA-DA-CIDADE-STORY-2.png",422,500,false],"mantranews-featured-medium":["https:\/\/blogopara.com.br\/wp-content\/uploads\/2025\/05\/FESTA-DA-CIDADE-STORY-2-420x307.png",420,307,true],"mantranews-featured-long":["https:\/\/blogopara.com.br\/wp-content\/uploads\/2025\/05\/FESTA-DA-CIDADE-STORY-2-300x443.png",300,443,true],"mantranews-block-medium":["https:\/\/blogopara.com.br\/wp-content\/uploads\/2025\/05\/FESTA-DA-CIDADE-STORY-2-422x290.png",422,290,true],"mantranews-carousel-image":["https:\/\/blogopara.com.br\/wp-content\/uploads\/2025\/05\/FESTA-DA-CIDADE-STORY-2.png",422,500,false],"mantranews-block-thumb":["https:\/\/blogopara.com.br\/wp-content\/uploads\/2025\/05\/FESTA-DA-CIDADE-STORY-2-322x230.png",322,230,true],"mantranews-single-large":["https:\/\/blogopara.com.br\/wp-content\/uploads\/2025\/05\/FESTA-DA-CIDADE-STORY-2.png",422,500,false]},"uagb_author_info":{"display_name":"Reda\u00e7\u00e3o geral","author_link":"https:\/\/blogopara.com.br\/index.php\/author\/blogopara"},"uagb_comment_info":0,"uagb_excerpt":"O munic\u00edpio de Sento S\u00e9 est\u00e1 prestes a viver dias de muita m\u00fasica, cultura e celebra\u00e7\u00e3o. A partir desta sexta-feira (16) at\u00e9 o domingo (18), o Espa\u00e7o de Eventos, localizado \u00e0 Av. Raul Alves (atr\u00e1s da Academia da Sa\u00fade), ser\u00e1 palco da Festa da Cidade 2025, um evento que resgata uma tradi\u00e7\u00e3o marcante dos anos&hellip;","jetpack_sharing_enabled":true,"jetpack_likes_enabled":true,"_links":{"self":[{"href":"https:\/\/blogopara.com.br\/index.php\/wp-json\/wp\/v2\/posts\/75864","targetHints":{"allow":["GET"]}}],"collection":[{"href":"https:\/\/blogopara.com.br\/index.php\/wp-json\/wp\/v2\/posts"}],"about":[{"href":"https:\/\/blogopara.com.br\/index.php\/wp-json\/wp\/v2\/types\/post"}],"author":[{"embeddable":true,"href":"https:\/\/blogopara.com.br\/index.php\/wp-json\/wp\/v2\/users\/1"}],"replies":[{"embeddable":true,"href":"https:\/\/blogopara.com.br\/index.php\/wp-json\/wp\/v2\/comments?post=75864"}],"version-history":[{"count":1,"href":"https:\/\/blogopara.com.br\/index.php\/wp-json\/wp\/v2\/posts\/75864\/revisions"}],"predecessor-version":[{"id":75870,"href":"https:\/\/blogopara.com.br\/index.php\/wp-json\/wp\/v2\/posts\/75864\/revisions\/75870"}],"wp:featuredmedia":[{"embeddable":true,"href":"https:\/\/blogopara.com.br\/index.php\/wp-json\/wp\/v2\/media\/75869"}],"wp:attachment":[{"href":"https:\/\/blogopara.com.br\/index.php\/wp-json\/wp\/v2\/media?parent=75864"}],"wp:term":[{"taxonomy":"category","embeddable":true,"href":"https:\/\/blogopara.com.br\/index.php\/wp-json\/wp\/v2\/categories?post=75864"},{"taxonomy":"post_tag","embeddable":true,"href":"https:\/\/blogopara.com.br\/index.php\/wp-json\/wp\/v2\/tags?post=75864"}],"curies":[{"name":"wp","href":"https:\/\/api.w.org\/{rel}","templated":true}]}}