{"id":75866,"date":"2025-05-12T15:31:54","date_gmt":"2025-05-12T18:31:54","guid":{"rendered":"https:\/\/blogopara.com.br\/?p=75866"},"modified":"2025-05-12T15:31:54","modified_gmt":"2025-05-12T18:31:54","slug":"prefeitura-de-senhor-do-bonfim-entrega-centro-de-especialidades-odontologicas-totalmente-reformado-e-ampliado-nesta-quarta-feira-14","status":"publish","type":"post","link":"https:\/\/blogopara.com.br\/index.php\/2025\/05\/12\/prefeitura-de-senhor-do-bonfim-entrega-centro-de-especialidades-odontologicas-totalmente-reformado-e-ampliado-nesta-quarta-feira-14","title":{"rendered":"Prefeitura de Senhor do Bonfim entrega Centro de Especialidades Odontol\u00f3gicas totalmente reformado e ampliado nesta quarta-feira (14)"},"content":{"rendered":"<p data-olk-copy-source=\"MessageBody\">A Prefeitura de Senhor do Bonfim realiza, nesta quarta-feira (14), a entrega da obra de reforma e amplia\u00e7\u00e3o do Centro de Especialidades Odontol\u00f3gicas (CEO). O evento ser\u00e1 realizado na sede do CEO, localizada na Rua Bahia, 10 \u2013 Bairro Novo Horizonte, ao lado da Secretaria Municipal de Sa\u00fade, \u00e0s 10h.<\/p>\n<p>Com investimento superior a R$ 150 mil, a revitaliza\u00e7\u00e3o do CEO representa um avan\u00e7o significativo no atendimento odontol\u00f3gico \u00e0 popula\u00e7\u00e3o. As obras inclu\u00edram, al\u00e9m da reestrutura\u00e7\u00e3o dos espa\u00e7os j\u00e1 existentes, a amplia\u00e7\u00e3o da unidade, proporcionando mais conforto, acessibilidade e efici\u00eancia no servi\u00e7o prestado.<\/p>\n<p>Entre as principais melhorias est\u00e3o a implanta\u00e7\u00e3o de uma sala de espera \u2013 novidade que proporciona mais acolhimento aos usu\u00e1rios \u2013, amplia\u00e7\u00e3o da recep\u00e7\u00e3o, recupera\u00e7\u00e3o da sala de arquivo para melhor organiza\u00e7\u00e3o dos prontu\u00e1rios, reforma total dos banheiros com garantia de acessibilidade e higiene, moderniza\u00e7\u00e3o do consult\u00f3rio odontol\u00f3gico e constru\u00e7\u00e3o de uma sala exclusiva para instala\u00e7\u00e3o do aparelho de raio-X odontol\u00f3gico.<\/p>\n<p>O prefeito La\u00e9rcio J\u00fanior ressaltou a import\u00e2ncia da obra. \u201cA reforma e amplia\u00e7\u00e3o do CEO reafirmam o compromisso da nossa gest\u00e3o com a sa\u00fade p\u00fablica. Estamos entregando \u00e0 popula\u00e7\u00e3o de Senhor do Bonfim um espa\u00e7o mais moderno, confort\u00e1vel e adequado, onde os servi\u00e7os odontol\u00f3gicos poder\u00e3o ser oferecidos com ainda mais qualidade e dignidade\u201d, destacou o prefeito.<\/p>\n<p aria-hidden=\"true\">\n<p>&#8211;<\/p>\n<p>Texto: Ascom PMSB<\/p>\n","protected":false},"excerpt":{"rendered":"<p>A Prefeitura de Senhor do Bonfim realiza, nesta quarta-feira (14), a entrega da obra de reforma e amplia\u00e7\u00e3o do Centro de Especialidades Odontol\u00f3gicas (CEO). O evento ser\u00e1 realizado na sede do CEO, localizada na Rua Bahia, 10 \u2013 Bairro Novo Horizonte, ao lado da Secretaria Municipal de Sa\u00fade, \u00e0s 10h. Com investimento superior a R$ [&hellip;]<\/p>\n","protected":false},"author":1,"featured_media":75867,"comment_status":"open","ping_status":"open","sticky":false,"template":"","format":"standard","meta":{"_uag_custom_page_level_css":"","_monsterinsights_skip_tracking":false,"_monsterinsights_sitenote_active":false,"_monsterinsights_sitenote_note":"","_monsterinsights_sitenote_category":0,"jetpack_post_was_ever_published":false,"_jetpack_newsletter_access":"","_jetpack_dont_email_post_to_subs":false,"_jetpack_newsletter_tier_id":0,"_jetpack_memberships_contains_paywalled_content":false,"_jetpack_memberships_contains_paid_content":false,"footnotes":"","jetpack_publicize_message":"","jetpack_publicize_feature_enabled":true,"jetpack_social_post_already_shared":true,"jetpack_social_options":{"image_generator_settings":{"template":"highway","default_image_id":0,"font":"","enabled":false},"version":2}},"categories":[205],"tags":[],"class_list":["post-75866","post","type-post","status-publish","format-standard","has-post-thumbnail","hentry","category-saude"],"jetpack_publicize_connections":[],"jetpack_featured_media_url":"https:\/\/blogopara.com.br\/wp-content\/uploads\/2025\/05\/thumbnail_WhatsApp-Image-2025-05-12-at-14.11.42.jpg","uagb_featured_image_src":{"full":["https:\/\/blogopara.com.br\/wp-content\/uploads\/2025\/05\/thumbnail_WhatsApp-Image-2025-05-12-at-14.11.42.jpg",500,387,false],"thumbnail":["https:\/\/blogopara.com.br\/wp-content\/uploads\/2025\/05\/thumbnail_WhatsApp-Image-2025-05-12-at-14.11.42-150x150.jpg",150,150,true],"medium":["https:\/\/blogopara.com.br\/wp-content\/uploads\/2025\/05\/thumbnail_WhatsApp-Image-2025-05-12-at-14.11.42-300x232.jpg",300,232,true],"medium_large":["https:\/\/blogopara.com.br\/wp-content\/uploads\/2025\/05\/thumbnail_WhatsApp-Image-2025-05-12-at-14.11.42.jpg",500,387,false],"large":["https:\/\/blogopara.com.br\/wp-content\/uploads\/2025\/05\/thumbnail_WhatsApp-Image-2025-05-12-at-14.11.42.jpg",500,387,false],"1536x1536":["https:\/\/blogopara.com.br\/wp-content\/uploads\/2025\/05\/thumbnail_WhatsApp-Image-2025-05-12-at-14.11.42.jpg",500,387,false],"2048x2048":["https:\/\/blogopara.com.br\/wp-content\/uploads\/2025\/05\/thumbnail_WhatsApp-Image-2025-05-12-at-14.11.42.jpg",500,387,false],"mantranews-slider-large":["https:\/\/blogopara.com.br\/wp-content\/uploads\/2025\/05\/thumbnail_WhatsApp-Image-2025-05-12-at-14.11.42.jpg",500,387,false],"mantranews-featured-medium":["https:\/\/blogopara.com.br\/wp-content\/uploads\/2025\/05\/thumbnail_WhatsApp-Image-2025-05-12-at-14.11.42-420x307.jpg",420,307,true],"mantranews-featured-long":["https:\/\/blogopara.com.br\/wp-content\/uploads\/2025\/05\/thumbnail_WhatsApp-Image-2025-05-12-at-14.11.42-300x387.jpg",300,387,true],"mantranews-block-medium":["https:\/\/blogopara.com.br\/wp-content\/uploads\/2025\/05\/thumbnail_WhatsApp-Image-2025-05-12-at-14.11.42-464x290.jpg",464,290,true],"mantranews-carousel-image":["https:\/\/blogopara.com.br\/wp-content\/uploads\/2025\/05\/thumbnail_WhatsApp-Image-2025-05-12-at-14.11.42.jpg",500,387,false],"mantranews-block-thumb":["https:\/\/blogopara.com.br\/wp-content\/uploads\/2025\/05\/thumbnail_WhatsApp-Image-2025-05-12-at-14.11.42-322x230.jpg",322,230,true],"mantranews-single-large":["https:\/\/blogopara.com.br\/wp-content\/uploads\/2025\/05\/thumbnail_WhatsApp-Image-2025-05-12-at-14.11.42.jpg",500,387,false]},"uagb_author_info":{"display_name":"Reda\u00e7\u00e3o geral","author_link":"https:\/\/blogopara.com.br\/index.php\/author\/blogopara"},"uagb_comment_info":0,"uagb_excerpt":"A Prefeitura de Senhor do Bonfim realiza, nesta quarta-feira (14), a entrega da obra de reforma e amplia\u00e7\u00e3o do Centro de Especialidades Odontol\u00f3gicas (CEO). O evento ser\u00e1 realizado na sede do CEO, localizada na Rua Bahia, 10 \u2013 Bairro Novo Horizonte, ao lado da Secretaria Municipal de Sa\u00fade, \u00e0s 10h. Com investimento superior a R$&hellip;","jetpack_sharing_enabled":true,"jetpack_likes_enabled":true,"_links":{"self":[{"href":"https:\/\/blogopara.com.br\/index.php\/wp-json\/wp\/v2\/posts\/75866","targetHints":{"allow":["GET"]}}],"collection":[{"href":"https:\/\/blogopara.com.br\/index.php\/wp-json\/wp\/v2\/posts"}],"about":[{"href":"https:\/\/blogopara.com.br\/index.php\/wp-json\/wp\/v2\/types\/post"}],"author":[{"embeddable":true,"href":"https:\/\/blogopara.com.br\/index.php\/wp-json\/wp\/v2\/users\/1"}],"replies":[{"embeddable":true,"href":"https:\/\/blogopara.com.br\/index.php\/wp-json\/wp\/v2\/comments?post=75866"}],"version-history":[{"count":1,"href":"https:\/\/blogopara.com.br\/index.php\/wp-json\/wp\/v2\/posts\/75866\/revisions"}],"predecessor-version":[{"id":75868,"href":"https:\/\/blogopara.com.br\/index.php\/wp-json\/wp\/v2\/posts\/75866\/revisions\/75868"}],"wp:featuredmedia":[{"embeddable":true,"href":"https:\/\/blogopara.com.br\/index.php\/wp-json\/wp\/v2\/media\/75867"}],"wp:attachment":[{"href":"https:\/\/blogopara.com.br\/index.php\/wp-json\/wp\/v2\/media?parent=75866"}],"wp:term":[{"taxonomy":"category","embeddable":true,"href":"https:\/\/blogopara.com.br\/index.php\/wp-json\/wp\/v2\/categories?post=75866"},{"taxonomy":"post_tag","embeddable":true,"href":"https:\/\/blogopara.com.br\/index.php\/wp-json\/wp\/v2\/tags?post=75866"}],"curies":[{"name":"wp","href":"https:\/\/api.w.org\/{rel}","templated":true}]}}