{"id":75894,"date":"2025-05-13T06:04:26","date_gmt":"2025-05-13T09:04:26","guid":{"rendered":"https:\/\/blogopara.com.br\/?p=75894"},"modified":"2025-05-12T21:05:45","modified_gmt":"2025-05-13T00:05:45","slug":"prefeito-de-juazeiro-andrei-goncalves-transmite-cargo-para-o-vice-tiano-felix","status":"publish","type":"post","link":"https:\/\/blogopara.com.br\/index.php\/2025\/05\/13\/prefeito-de-juazeiro-andrei-goncalves-transmite-cargo-para-o-vice-tiano-felix","title":{"rendered":"Prefeito de Juazeiro Andrei Gon\u00e7alves transmite cargo para o vice Tiano F\u00e9lix"},"content":{"rendered":"<p>Em comunicado distribu\u00eddo \u00e0 imprensa na noite desta segunda-feira (12) a Assessoria de Comunica\u00e7\u00e3o da Prefeitura de Juazeiro comunica a transmiss\u00e3o de cargo para o vice-prefeito Tiano F\u00e9lix (PT).<\/p>\n<p>Confira:<\/p>\n<p>COMUNICADO OFICIAL<\/p>\n<p>A Assessoria de Comunica\u00e7\u00e3o da Prefeitura Municipal de Juazeiro comunica \u00e0 popula\u00e7\u00e3o que, em raz\u00e3o de afastamento para tratamento de sa\u00fade, o prefeito Andrei Gon\u00e7alves optou por transmitir o exerc\u00edcio da fun\u00e7\u00e3o ao vice-prefeito, Tiano F\u00e9lix, que assume o cargo de chefe do Poder Executivo Municipal, pelo prazo de 7 dias, entre 12 e 18 de maio de 2025.<\/p>\n<p>A decis\u00e3o j\u00e1 foi comunicada ao presidente da C\u00e2mara de Vereadores do munic\u00edpio, Emerson Jos\u00e9 da Silva (Mitu).<\/p>\n<p>O prefeito em exerc\u00edcio, Tiano F\u00e9lix, refor\u00e7a o compromisso de dar continuidade \u00e0s a\u00e7\u00f5es estrat\u00e9gicas da gest\u00e3o at\u00e9 o retorno de Andrei Gon\u00e7alves.<\/p>\n<p>ASCOM \/ PMJ<\/p>\n","protected":false},"excerpt":{"rendered":"<p>Em comunicado distribu\u00eddo \u00e0 imprensa na noite desta segunda-feira (12) a Assessoria de Comunica\u00e7\u00e3o da Prefeitura de Juazeiro comunica a transmiss\u00e3o de cargo para o vice-prefeito Tiano F\u00e9lix (PT). Confira: COMUNICADO OFICIAL A Assessoria de Comunica\u00e7\u00e3o da Prefeitura Municipal de Juazeiro comunica \u00e0 popula\u00e7\u00e3o que, em raz\u00e3o de afastamento para tratamento de sa\u00fade, o prefeito [&hellip;]<\/p>\n","protected":false},"author":1,"featured_media":75895,"comment_status":"open","ping_status":"open","sticky":false,"template":"","format":"standard","meta":{"_uag_custom_page_level_css":"","_monsterinsights_skip_tracking":false,"_monsterinsights_sitenote_active":false,"_monsterinsights_sitenote_note":"","_monsterinsights_sitenote_category":0,"jetpack_post_was_ever_published":false,"_jetpack_newsletter_access":"","_jetpack_dont_email_post_to_subs":false,"_jetpack_newsletter_tier_id":0,"_jetpack_memberships_contains_paywalled_content":false,"_jetpack_memberships_contains_paid_content":false,"footnotes":"","jetpack_publicize_message":"","jetpack_publicize_feature_enabled":true,"jetpack_social_post_already_shared":true,"jetpack_social_options":{"image_generator_settings":{"template":"highway","default_image_id":0,"font":"","enabled":false},"version":2}},"categories":[203,197],"tags":[11647,11687],"class_list":["post-75894","post","type-post","status-publish","format-standard","has-post-thumbnail","hentry","category-juazeiro","category-politica","tag-andrei-goncalves","tag-tiano-felix"],"jetpack_publicize_connections":[],"jetpack_featured_media_url":"https:\/\/blogopara.com.br\/wp-content\/uploads\/2025\/05\/Andrei-e-Tiano.jpg","uagb_featured_image_src":{"full":["https:\/\/blogopara.com.br\/wp-content\/uploads\/2025\/05\/Andrei-e-Tiano.jpg",500,417,false],"thumbnail":["https:\/\/blogopara.com.br\/wp-content\/uploads\/2025\/05\/Andrei-e-Tiano-150x150.jpg",150,150,true],"medium":["https:\/\/blogopara.com.br\/wp-content\/uploads\/2025\/05\/Andrei-e-Tiano-300x250.jpg",300,250,true],"medium_large":["https:\/\/blogopara.com.br\/wp-content\/uploads\/2025\/05\/Andrei-e-Tiano.jpg",500,417,false],"large":["https:\/\/blogopara.com.br\/wp-content\/uploads\/2025\/05\/Andrei-e-Tiano.jpg",500,417,false],"1536x1536":["https:\/\/blogopara.com.br\/wp-content\/uploads\/2025\/05\/Andrei-e-Tiano.jpg",500,417,false],"2048x2048":["https:\/\/blogopara.com.br\/wp-content\/uploads\/2025\/05\/Andrei-e-Tiano.jpg",500,417,false],"mantranews-slider-large":["https:\/\/blogopara.com.br\/wp-content\/uploads\/2025\/05\/Andrei-e-Tiano.jpg",500,417,false],"mantranews-featured-medium":["https:\/\/blogopara.com.br\/wp-content\/uploads\/2025\/05\/Andrei-e-Tiano-420x307.jpg",420,307,true],"mantranews-featured-long":["https:\/\/blogopara.com.br\/wp-content\/uploads\/2025\/05\/Andrei-e-Tiano-300x417.jpg",300,417,true],"mantranews-block-medium":["https:\/\/blogopara.com.br\/wp-content\/uploads\/2025\/05\/Andrei-e-Tiano-464x290.jpg",464,290,true],"mantranews-carousel-image":["https:\/\/blogopara.com.br\/wp-content\/uploads\/2025\/05\/Andrei-e-Tiano.jpg",500,417,false],"mantranews-block-thumb":["https:\/\/blogopara.com.br\/wp-content\/uploads\/2025\/05\/Andrei-e-Tiano-322x230.jpg",322,230,true],"mantranews-single-large":["https:\/\/blogopara.com.br\/wp-content\/uploads\/2025\/05\/Andrei-e-Tiano.jpg",500,417,false]},"uagb_author_info":{"display_name":"Reda\u00e7\u00e3o geral","author_link":"https:\/\/blogopara.com.br\/index.php\/author\/blogopara"},"uagb_comment_info":0,"uagb_excerpt":"Em comunicado distribu\u00eddo \u00e0 imprensa na noite desta segunda-feira (12) a Assessoria de Comunica\u00e7\u00e3o da Prefeitura de Juazeiro comunica a transmiss\u00e3o de cargo para o vice-prefeito Tiano F\u00e9lix (PT). Confira: COMUNICADO OFICIAL A Assessoria de Comunica\u00e7\u00e3o da Prefeitura Municipal de Juazeiro comunica \u00e0 popula\u00e7\u00e3o que, em raz\u00e3o de afastamento para tratamento de sa\u00fade, o prefeito&hellip;","jetpack_sharing_enabled":true,"jetpack_likes_enabled":true,"_links":{"self":[{"href":"https:\/\/blogopara.com.br\/index.php\/wp-json\/wp\/v2\/posts\/75894","targetHints":{"allow":["GET"]}}],"collection":[{"href":"https:\/\/blogopara.com.br\/index.php\/wp-json\/wp\/v2\/posts"}],"about":[{"href":"https:\/\/blogopara.com.br\/index.php\/wp-json\/wp\/v2\/types\/post"}],"author":[{"embeddable":true,"href":"https:\/\/blogopara.com.br\/index.php\/wp-json\/wp\/v2\/users\/1"}],"replies":[{"embeddable":true,"href":"https:\/\/blogopara.com.br\/index.php\/wp-json\/wp\/v2\/comments?post=75894"}],"version-history":[{"count":1,"href":"https:\/\/blogopara.com.br\/index.php\/wp-json\/wp\/v2\/posts\/75894\/revisions"}],"predecessor-version":[{"id":75896,"href":"https:\/\/blogopara.com.br\/index.php\/wp-json\/wp\/v2\/posts\/75894\/revisions\/75896"}],"wp:featuredmedia":[{"embeddable":true,"href":"https:\/\/blogopara.com.br\/index.php\/wp-json\/wp\/v2\/media\/75895"}],"wp:attachment":[{"href":"https:\/\/blogopara.com.br\/index.php\/wp-json\/wp\/v2\/media?parent=75894"}],"wp:term":[{"taxonomy":"category","embeddable":true,"href":"https:\/\/blogopara.com.br\/index.php\/wp-json\/wp\/v2\/categories?post=75894"},{"taxonomy":"post_tag","embeddable":true,"href":"https:\/\/blogopara.com.br\/index.php\/wp-json\/wp\/v2\/tags?post=75894"}],"curies":[{"name":"wp","href":"https:\/\/api.w.org\/{rel}","templated":true}]}}