{"id":75910,"date":"2025-05-13T16:15:09","date_gmt":"2025-05-13T19:15:09","guid":{"rendered":"https:\/\/blogopara.com.br\/?p=75910"},"modified":"2025-05-13T16:15:09","modified_gmt":"2025-05-13T19:15:09","slug":"curaca-recebe-novos-equipamentos-para-reforco-dos-servicos-publicos","status":"publish","type":"post","link":"https:\/\/blogopara.com.br\/index.php\/2025\/05\/13\/curaca-recebe-novos-equipamentos-para-reforco-dos-servicos-publicos","title":{"rendered":"Cura\u00e7\u00e1 recebe novos equipamentos para refor\u00e7o dos servi\u00e7os p\u00fablicos"},"content":{"rendered":"<p>Nesta segunda-feira (12), o munic\u00edpio de Cura\u00e7\u00e1 foi contemplado com importantes refor\u00e7os para a melhoria dos servi\u00e7os p\u00fablicos, entregues pelo Governo do Estado da Bahia. Por meio de indica\u00e7\u00f5es do deputado estadual Z\u00f3 (PCdoB) e do deputado estadual licenciado \u00c2ngelo Almeida (PSB), a cidade recebeu seis pipas com capacidade de 4.000 litros cada, uma ambul\u00e2ncia, uma retroescavadeira e um trator. Os equipamentos atender\u00e3o, prioritariamente, as \u00e1reas de abastecimento de \u00e1gua, sa\u00fade e agricultura.<\/p>\n<p>A iniciativa representa um avan\u00e7o significativo no atendimento \u00e0s demandas da popula\u00e7\u00e3o, sobretudo nas comunidades mais distantes, e reafirma o compromisso da gest\u00e3o municipal em melhorar a qualidade de vida dos cura\u00e7aenses por meio de parcerias com lideran\u00e7as estaduais e federais.<\/p>\n<p>O prefeito Murilo Bomfim destacou a import\u00e2ncia da a\u00e7\u00e3o e agradeceu o apoio recebido. \u201cEsses equipamentos chegam em boa hora e ser\u00e3o fundamentais para melhorar o atendimento \u00e0s nossas comunidades, principalmente as mais afastadas. Agrade\u00e7o ao governador Jer\u00f4nimo Rodrigues por olhar com aten\u00e7\u00e3o para Cura\u00e7\u00e1, e aos deputados Z\u00f3 e \u00c2ngelo Almeida pela parceria constante e pelas indica\u00e7\u00f5es que resultaram nessas conquistas para o nosso povo\u201d, ressaltou.<\/p>\n<p>A Prefeitura de Cura\u00e7\u00e1 segue empenhada em buscar investimentos e parcerias que promovam o desenvolvimento do munic\u00edpio e garantam mais dignidade \u00e0 popula\u00e7\u00e3o.<\/p>\n<p>SECOM<\/p>\n","protected":false},"excerpt":{"rendered":"<p>Nesta segunda-feira (12), o munic\u00edpio de Cura\u00e7\u00e1 foi contemplado com importantes refor\u00e7os para a melhoria dos servi\u00e7os p\u00fablicos, entregues pelo Governo do Estado da Bahia. Por meio de indica\u00e7\u00f5es do deputado estadual Z\u00f3 (PCdoB) e do deputado estadual licenciado \u00c2ngelo Almeida (PSB), a cidade recebeu seis pipas com capacidade de 4.000 litros cada, uma ambul\u00e2ncia, [&hellip;]<\/p>\n","protected":false},"author":1,"featured_media":75911,"comment_status":"open","ping_status":"open","sticky":false,"template":"","format":"standard","meta":{"_uag_custom_page_level_css":"","_monsterinsights_skip_tracking":false,"_monsterinsights_sitenote_active":false,"_monsterinsights_sitenote_note":"","_monsterinsights_sitenote_category":0,"jetpack_post_was_ever_published":false,"_jetpack_newsletter_access":"","_jetpack_dont_email_post_to_subs":false,"_jetpack_newsletter_tier_id":0,"_jetpack_memberships_contains_paywalled_content":false,"_jetpack_memberships_contains_paid_content":false,"footnotes":"","jetpack_publicize_message":"","jetpack_publicize_feature_enabled":true,"jetpack_social_post_already_shared":true,"jetpack_social_options":{"image_generator_settings":{"template":"highway","default_image_id":0,"font":"","enabled":false},"version":2}},"categories":[197],"tags":[],"class_list":["post-75910","post","type-post","status-publish","format-standard","has-post-thumbnail","hentry","category-politica"],"jetpack_publicize_connections":[],"jetpack_featured_media_url":"https:\/\/blogopara.com.br\/wp-content\/uploads\/2025\/05\/Imagem-do-WhatsApp-de-2025-05-12-as-20.06.08_0c5ded13.jpg","uagb_featured_image_src":{"full":["https:\/\/blogopara.com.br\/wp-content\/uploads\/2025\/05\/Imagem-do-WhatsApp-de-2025-05-12-as-20.06.08_0c5ded13.jpg",500,281,false],"thumbnail":["https:\/\/blogopara.com.br\/wp-content\/uploads\/2025\/05\/Imagem-do-WhatsApp-de-2025-05-12-as-20.06.08_0c5ded13-150x150.jpg",150,150,true],"medium":["https:\/\/blogopara.com.br\/wp-content\/uploads\/2025\/05\/Imagem-do-WhatsApp-de-2025-05-12-as-20.06.08_0c5ded13-300x169.jpg",300,169,true],"medium_large":["https:\/\/blogopara.com.br\/wp-content\/uploads\/2025\/05\/Imagem-do-WhatsApp-de-2025-05-12-as-20.06.08_0c5ded13.jpg",500,281,false],"large":["https:\/\/blogopara.com.br\/wp-content\/uploads\/2025\/05\/Imagem-do-WhatsApp-de-2025-05-12-as-20.06.08_0c5ded13.jpg",500,281,false],"1536x1536":["https:\/\/blogopara.com.br\/wp-content\/uploads\/2025\/05\/Imagem-do-WhatsApp-de-2025-05-12-as-20.06.08_0c5ded13.jpg",500,281,false],"2048x2048":["https:\/\/blogopara.com.br\/wp-content\/uploads\/2025\/05\/Imagem-do-WhatsApp-de-2025-05-12-as-20.06.08_0c5ded13.jpg",500,281,false],"mantranews-slider-large":["https:\/\/blogopara.com.br\/wp-content\/uploads\/2025\/05\/Imagem-do-WhatsApp-de-2025-05-12-as-20.06.08_0c5ded13.jpg",500,281,false],"mantranews-featured-medium":["https:\/\/blogopara.com.br\/wp-content\/uploads\/2025\/05\/Imagem-do-WhatsApp-de-2025-05-12-as-20.06.08_0c5ded13-420x281.jpg",420,281,true],"mantranews-featured-long":["https:\/\/blogopara.com.br\/wp-content\/uploads\/2025\/05\/Imagem-do-WhatsApp-de-2025-05-12-as-20.06.08_0c5ded13-300x281.jpg",300,281,true],"mantranews-block-medium":["https:\/\/blogopara.com.br\/wp-content\/uploads\/2025\/05\/Imagem-do-WhatsApp-de-2025-05-12-as-20.06.08_0c5ded13-464x281.jpg",464,281,true],"mantranews-carousel-image":["https:\/\/blogopara.com.br\/wp-content\/uploads\/2025\/05\/Imagem-do-WhatsApp-de-2025-05-12-as-20.06.08_0c5ded13.jpg",500,281,false],"mantranews-block-thumb":["https:\/\/blogopara.com.br\/wp-content\/uploads\/2025\/05\/Imagem-do-WhatsApp-de-2025-05-12-as-20.06.08_0c5ded13-322x230.jpg",322,230,true],"mantranews-single-large":["https:\/\/blogopara.com.br\/wp-content\/uploads\/2025\/05\/Imagem-do-WhatsApp-de-2025-05-12-as-20.06.08_0c5ded13.jpg",500,281,false]},"uagb_author_info":{"display_name":"Reda\u00e7\u00e3o geral","author_link":"https:\/\/blogopara.com.br\/index.php\/author\/blogopara"},"uagb_comment_info":0,"uagb_excerpt":"Nesta segunda-feira (12), o munic\u00edpio de Cura\u00e7\u00e1 foi contemplado com importantes refor\u00e7os para a melhoria dos servi\u00e7os p\u00fablicos, entregues pelo Governo do Estado da Bahia. Por meio de indica\u00e7\u00f5es do deputado estadual Z\u00f3 (PCdoB) e do deputado estadual licenciado \u00c2ngelo Almeida (PSB), a cidade recebeu seis pipas com capacidade de 4.000 litros cada, uma ambul\u00e2ncia,&hellip;","jetpack_sharing_enabled":true,"jetpack_likes_enabled":true,"_links":{"self":[{"href":"https:\/\/blogopara.com.br\/index.php\/wp-json\/wp\/v2\/posts\/75910","targetHints":{"allow":["GET"]}}],"collection":[{"href":"https:\/\/blogopara.com.br\/index.php\/wp-json\/wp\/v2\/posts"}],"about":[{"href":"https:\/\/blogopara.com.br\/index.php\/wp-json\/wp\/v2\/types\/post"}],"author":[{"embeddable":true,"href":"https:\/\/blogopara.com.br\/index.php\/wp-json\/wp\/v2\/users\/1"}],"replies":[{"embeddable":true,"href":"https:\/\/blogopara.com.br\/index.php\/wp-json\/wp\/v2\/comments?post=75910"}],"version-history":[{"count":1,"href":"https:\/\/blogopara.com.br\/index.php\/wp-json\/wp\/v2\/posts\/75910\/revisions"}],"predecessor-version":[{"id":75912,"href":"https:\/\/blogopara.com.br\/index.php\/wp-json\/wp\/v2\/posts\/75910\/revisions\/75912"}],"wp:featuredmedia":[{"embeddable":true,"href":"https:\/\/blogopara.com.br\/index.php\/wp-json\/wp\/v2\/media\/75911"}],"wp:attachment":[{"href":"https:\/\/blogopara.com.br\/index.php\/wp-json\/wp\/v2\/media?parent=75910"}],"wp:term":[{"taxonomy":"category","embeddable":true,"href":"https:\/\/blogopara.com.br\/index.php\/wp-json\/wp\/v2\/categories?post=75910"},{"taxonomy":"post_tag","embeddable":true,"href":"https:\/\/blogopara.com.br\/index.php\/wp-json\/wp\/v2\/tags?post=75910"}],"curies":[{"name":"wp","href":"https:\/\/api.w.org\/{rel}","templated":true}]}}