{"id":75916,"date":"2025-05-13T16:23:44","date_gmt":"2025-05-13T19:23:44","guid":{"rendered":"https:\/\/blogopara.com.br\/?p=75916"},"modified":"2025-05-13T16:23:44","modified_gmt":"2025-05-13T19:23:44","slug":"viabahia-que-deveria-pagar-entenda-revolta-de-advogados-contra-empresa-de-pedagio","status":"publish","type":"post","link":"https:\/\/blogopara.com.br\/index.php\/2025\/05\/13\/viabahia-que-deveria-pagar-entenda-revolta-de-advogados-contra-empresa-de-pedagio","title":{"rendered":"&#8216;ViaBahia que deveria pagar&#8217;: entenda revolta de advogados contra empresa de ped\u00e1gio"},"content":{"rendered":"<div class=\"flex flex-col w-full font-normal text-[18px] leading-[30px] text-tw-theme-text-default\">\n<p id=\"paragrafo-472xh00yee\">A Justi\u00e7a Federal analisa uma a\u00e7\u00e3o judicial movida por dois advogados que pedem a anula\u00e7\u00e3o do\u00a0acordo firmado entre o Tribunal de Contas da Uni\u00e3o (TCU) e a ViaBahia. A revolta acontece porque, devido ao fim da parceria de forma antecipada. o governo ter\u00e1 que pagar R$ 681 milh\u00f5es de indeniza\u00e7\u00e3o \u00e0 empresa.<\/p>\n<\/div>\n<div class=\"flex flex-col w-full font-normal text-[18px] leading-[30px] text-tw-theme-text-default\">\n<p id=\"paragrafo-pmua8hhdx1\">A dupla, formada pelos advogados\u00a0Mauricio Bastos e La\u00eds Lima, pede a nulidade do pagamento. &#8220;Uma vez que o fim da parceria tenha se dado pela m\u00e1 presta\u00e7\u00e3o de servi\u00e7o, o valor n\u00e3o deveria ser pago. Pelo contr\u00e1rio, a ViaBahia que deveria pagar aos baianos&#8221;, reclama Bastos.<\/p>\n<\/div>\n<div class=\"flex flex-col w-full font-normal text-[18px] leading-[30px] text-tw-theme-text-default\">\n<p id=\"paragrafo-h2kisvczgr\">Eles afirmam que o contrato previa a duplica\u00e7\u00e3o da BR-324, telefonia nas rodovias, al\u00e9m da garantia de servi\u00e7os b\u00e1sicos, como ilumina\u00e7\u00e3o, sinaliza\u00e7\u00e3o e acostamentos adequados, mas as fun\u00e7\u00f5es n\u00e3o foram cumpridas.<\/p>\n<\/div>\n<div class=\"flex flex-col w-full font-normal text-[18px] leading-[30px] text-tw-theme-text-default\">\n<p id=\"paragrafo-yo3kj9p5yg\">&#8220;As BRs n\u00e3o t\u00eam o m\u00ednimo. Fomos a Salvador nesse fim de semana e nos deparamos com a qualidade da rodovia [BR-324], extremamente desgastada. Encontramos ve\u00edculos com pneus estourados, acidentes. P\u00e9ssima qualidade, servi\u00e7os m\u00ednimos n\u00e3o est\u00e3o sendo prestados&#8221;, ressalta.<\/p>\n<\/div>\n<div class=\"flex flex-col w-full\">\n<h2 id=\"intertitulo-mzup39avs4\" class=\"font-family-secondary text-tw-theme-box-titulo-default text-[26px] leading-[38px] font-bold md:text-[31px]\">Justi\u00e7a d\u00e1 prazo para ViaBahia<\/h2>\n<\/div>\n<div class=\"flex flex-col w-full font-normal text-[18px] leading-[30px] text-tw-theme-text-default\">\n<p id=\"paragrafo-d207sgf9va\">Os advogados recorrem \u00e0 nulidade baseada na afirma\u00e7\u00e3o de que o edital disp\u00f5e de que, em caso de inefici\u00eancia, h\u00e1 uma cl\u00e1usula penal para a ViaBahia indenizar os baianos. A Justi\u00e7a deu o prazo de 72h &#8211; conta a partir do recebimento da intima\u00e7\u00e3o &#8211; para os agentes envolvidos se manifestarem. S\u00e3o eles: Governo da Bahia, ViaBahia, TCU e a Ag\u00eancia Nacional de Transportes Terrestres (ANTT).<\/p>\n<\/div>\n<div class=\"flex flex-col w-full font-normal text-[18px] leading-[30px] text-tw-theme-text-default\">\n<p id=\"paragrafo-5bbtv3mvp2\">At\u00e9 o momento, apenas o governo estadual se manifestou no processo, dizendo que a reponsabilidade cabe ao \u00e2mbito federal.<\/p>\n<\/div>\n<div class=\"flex flex-col w-full font-normal text-[18px] leading-[30px] text-tw-theme-text-default\">\n<p id=\"paragrafo-zumuewtx5p\">A reportagem procurou os outros agentes e aguarda retorno. Para Bastos, a expectativa \u00e9 que a ANTT n\u00e3o se posicione, uma vez que j\u00e1 aplicou 390 notifica\u00e7\u00f5es contra a concession\u00e1ria e est\u00e1 em meio a outro processo contra a ViaBahia. O espa\u00e7o segue aberto.<\/p>\n<\/div>\n<div class=\"flex flex-col w-full font-normal text-[18px] leading-[30px] text-tw-theme-text-default\">\n<p id=\"paragrafo-0c1ansu0tz\">Em abril, o ministro dos Transportes Renan Filho anunciou o pagamento de R$ 231 milh\u00f5es, que correspondem \u00e0 primeira parcela do acordo de R$ 681 milh\u00f5es de indeniza\u00e7\u00e3o \u00e0 ViaBahia. As demais parcelas devem ser quitadas em junho deste ano e no in\u00edcio de 2026.<\/p>\n<\/div>\n","protected":false},"excerpt":{"rendered":"<p>A Justi\u00e7a Federal analisa uma a\u00e7\u00e3o judicial movida por dois advogados que pedem a anula\u00e7\u00e3o do\u00a0acordo firmado entre o Tribunal de Contas da Uni\u00e3o (TCU) e a ViaBahia. A revolta acontece porque, devido ao fim da parceria de forma antecipada. o governo ter\u00e1 que pagar R$ 681 milh\u00f5es de indeniza\u00e7\u00e3o \u00e0 empresa. A dupla, formada [&hellip;]<\/p>\n","protected":false},"author":1,"featured_media":75917,"comment_status":"open","ping_status":"open","sticky":false,"template":"","format":"standard","meta":{"_uag_custom_page_level_css":"","_monsterinsights_skip_tracking":false,"_monsterinsights_sitenote_active":false,"_monsterinsights_sitenote_note":"","_monsterinsights_sitenote_category":0,"jetpack_post_was_ever_published":false,"_jetpack_newsletter_access":"","_jetpack_dont_email_post_to_subs":false,"_jetpack_newsletter_tier_id":0,"_jetpack_memberships_contains_paywalled_content":false,"_jetpack_memberships_contains_paid_content":false,"footnotes":"","jetpack_publicize_message":"","jetpack_publicize_feature_enabled":true,"jetpack_social_post_already_shared":true,"jetpack_social_options":{"image_generator_settings":{"template":"highway","default_image_id":0,"font":"","enabled":false},"version":2}},"categories":[199],"tags":[],"class_list":["post-75916","post","type-post","status-publish","format-standard","has-post-thumbnail","hentry","category-bahia"],"jetpack_publicize_connections":[],"jetpack_featured_media_url":"https:\/\/blogopara.com.br\/wp-content\/uploads\/2025\/05\/Capturar-15.jpg","uagb_featured_image_src":{"full":["https:\/\/blogopara.com.br\/wp-content\/uploads\/2025\/05\/Capturar-15.jpg",500,283,false],"thumbnail":["https:\/\/blogopara.com.br\/wp-content\/uploads\/2025\/05\/Capturar-15-150x150.jpg",150,150,true],"medium":["https:\/\/blogopara.com.br\/wp-content\/uploads\/2025\/05\/Capturar-15-300x170.jpg",300,170,true],"medium_large":["https:\/\/blogopara.com.br\/wp-content\/uploads\/2025\/05\/Capturar-15.jpg",500,283,false],"large":["https:\/\/blogopara.com.br\/wp-content\/uploads\/2025\/05\/Capturar-15.jpg",500,283,false],"1536x1536":["https:\/\/blogopara.com.br\/wp-content\/uploads\/2025\/05\/Capturar-15.jpg",500,283,false],"2048x2048":["https:\/\/blogopara.com.br\/wp-content\/uploads\/2025\/05\/Capturar-15.jpg",500,283,false],"mantranews-slider-large":["https:\/\/blogopara.com.br\/wp-content\/uploads\/2025\/05\/Capturar-15.jpg",500,283,false],"mantranews-featured-medium":["https:\/\/blogopara.com.br\/wp-content\/uploads\/2025\/05\/Capturar-15-420x283.jpg",420,283,true],"mantranews-featured-long":["https:\/\/blogopara.com.br\/wp-content\/uploads\/2025\/05\/Capturar-15-300x283.jpg",300,283,true],"mantranews-block-medium":["https:\/\/blogopara.com.br\/wp-content\/uploads\/2025\/05\/Capturar-15-464x283.jpg",464,283,true],"mantranews-carousel-image":["https:\/\/blogopara.com.br\/wp-content\/uploads\/2025\/05\/Capturar-15.jpg",500,283,false],"mantranews-block-thumb":["https:\/\/blogopara.com.br\/wp-content\/uploads\/2025\/05\/Capturar-15-322x230.jpg",322,230,true],"mantranews-single-large":["https:\/\/blogopara.com.br\/wp-content\/uploads\/2025\/05\/Capturar-15.jpg",500,283,false]},"uagb_author_info":{"display_name":"Reda\u00e7\u00e3o geral","author_link":"https:\/\/blogopara.com.br\/index.php\/author\/blogopara"},"uagb_comment_info":0,"uagb_excerpt":"A Justi\u00e7a Federal analisa uma a\u00e7\u00e3o judicial movida por dois advogados que pedem a anula\u00e7\u00e3o do\u00a0acordo firmado entre o Tribunal de Contas da Uni\u00e3o (TCU) e a ViaBahia. A revolta acontece porque, devido ao fim da parceria de forma antecipada. o governo ter\u00e1 que pagar R$ 681 milh\u00f5es de indeniza\u00e7\u00e3o \u00e0 empresa. A dupla, formada&hellip;","jetpack_sharing_enabled":true,"jetpack_likes_enabled":true,"_links":{"self":[{"href":"https:\/\/blogopara.com.br\/index.php\/wp-json\/wp\/v2\/posts\/75916","targetHints":{"allow":["GET"]}}],"collection":[{"href":"https:\/\/blogopara.com.br\/index.php\/wp-json\/wp\/v2\/posts"}],"about":[{"href":"https:\/\/blogopara.com.br\/index.php\/wp-json\/wp\/v2\/types\/post"}],"author":[{"embeddable":true,"href":"https:\/\/blogopara.com.br\/index.php\/wp-json\/wp\/v2\/users\/1"}],"replies":[{"embeddable":true,"href":"https:\/\/blogopara.com.br\/index.php\/wp-json\/wp\/v2\/comments?post=75916"}],"version-history":[{"count":1,"href":"https:\/\/blogopara.com.br\/index.php\/wp-json\/wp\/v2\/posts\/75916\/revisions"}],"predecessor-version":[{"id":75918,"href":"https:\/\/blogopara.com.br\/index.php\/wp-json\/wp\/v2\/posts\/75916\/revisions\/75918"}],"wp:featuredmedia":[{"embeddable":true,"href":"https:\/\/blogopara.com.br\/index.php\/wp-json\/wp\/v2\/media\/75917"}],"wp:attachment":[{"href":"https:\/\/blogopara.com.br\/index.php\/wp-json\/wp\/v2\/media?parent=75916"}],"wp:term":[{"taxonomy":"category","embeddable":true,"href":"https:\/\/blogopara.com.br\/index.php\/wp-json\/wp\/v2\/categories?post=75916"},{"taxonomy":"post_tag","embeddable":true,"href":"https:\/\/blogopara.com.br\/index.php\/wp-json\/wp\/v2\/tags?post=75916"}],"curies":[{"name":"wp","href":"https:\/\/api.w.org\/{rel}","templated":true}]}}