{"id":7598,"date":"2020-02-27T16:07:26","date_gmt":"2020-02-27T19:07:26","guid":{"rendered":"http:\/\/blogopara.com.br\/?p=7598"},"modified":"2020-02-27T16:07:35","modified_gmt":"2020-02-27T19:07:35","slug":"pt-ve-motivo-para-impeachment-de-bolsonaro-mas-evita-defesa-publica","status":"publish","type":"post","link":"https:\/\/blogopara.com.br\/index.php\/2020\/02\/27\/pt-ve-motivo-para-impeachment-de-bolsonaro-mas-evita-defesa-publica","title":{"rendered":"PT v\u00ea motivo para impeachment de Bolsonaro, mas evita defesa p\u00fablica"},"content":{"rendered":"<div class=\"box-body\" data-io-article-url=\"https:\/\/www.bahianoticias.com.br\/folha\/noticia\/68891-pt-ve-motivo-para-impeachment-de-bolsonaro-mas-evita-defesa-publica.html?utm_source=principal&amp;utm_medium=link&amp;utm_campaign=destaques\">\n<div class=\"text-descricao\">\n<p style=\"text-align: justify;\">O impeachment do presidente Jair Bolsonaro deixou de ser tabu no PT, mas o partido ainda prefere evitar sua defesa em p\u00fablico.\u00a0A avalia\u00e7\u00e3o no partido \u00e9 que j\u00e1 \u00e9 poss\u00edvel fazer uma argumenta\u00e7\u00e3o jur\u00eddica de que o presidente cometeu crime de responsabilidade. O problema, na vis\u00e3o interna,\u00a0\u00e9 que n\u00e3o haveria ainda condi\u00e7\u00f5es realistas para iniciar uma campanha pelo afastamento do presidente.<\/p>\n<p style=\"text-align: justify;\">O apoio do mercado financeiro e de parte do empresariado e da classe m\u00e9dia \u00e0s reformas econ\u00f4micas ainda d\u00e1\u00a0f\u00f4lego a Bolsonaro. Seria preciso esperar uma piora substantiva no humor popular para o impeachment ter chance de prosperar. Nesta quarta-feira\u00a0(26), o ex-presidente Luiz In\u00e1cio Lula da Silva convocou membros da c\u00fapula petista e entidades aliadas para discutir a resposta do partido aos seguidos ataques de Bolsonaro ao Congresso, Supremo, imprensa e agentes pol\u00edticos de forma geral.<\/p>\n<p style=\"text-align: justify;\">Participaram representantes da dire\u00e7\u00e3o nacional e lideran\u00e7as como o ex-prefeito Fernando Haddad.\u00a0Tamb\u00e9m estiveram na reuni\u00e3o a CUT e movimentos sociais. A presidente do partido, Gleisi Hoffmann, que n\u00e3o estava em S\u00e3o Paulo, se fez presente por meio de videoconfer\u00eancia.A reuni\u00e3o resultou numa nota, que diz que &#8220;o novo ataque de Jair Bolsonaro\u00a0\u00e0 democracia e \u00e0s institui\u00e7\u00f5es\u00a0\u00e9 mais uma etapa da escalada que passou pelo golpe do impeachment de Dilma Rousseff e pela pris\u00e3o e cassa\u00e7\u00e3o da candidatura de Lula&#8221;.<\/p>\n<p style=\"text-align: justify;\">O PT marcou tr\u00eas atos para mar\u00e7o: dia 8, em prol das mulheres, dia 14, para marcar os dois anos do assassinato da vereadora Marielle Franco e dia 18,\u00a0em defesa da democracia. Al\u00e9m disso, na pr\u00f3xima ter\u00e7a (3), partidos de esquerda v\u00e3o se reunir para debater uma estrat\u00e9gia conjunta de rea\u00e7\u00e3o ao presidente. &#8220;Quem pode realmente garantir a democracia no Brasil\u00a0\u00e9 o povo nas ruas&#8221;, afirma a nota do partido. &#8220;\u00c9 assim que mostraremos nossa indigna\u00e7\u00e3o com a situa\u00e7\u00e3o do pa\u00eds, enfrentando Bolsonaro e seu governo neoliberal de extrema-direita.&#8221;<\/p>\n<p style=\"text-align: justify;\">At\u00e9 agora, o partido vinha criticando a administra\u00e7\u00e3o Bolsonaro, mas evitando a defesa do impeachment.\u00a0A orienta\u00e7\u00e3o partiu do pr\u00f3prio Lula, que, ao deixar a pris\u00e3o, em novembro do ano passado, descartou a defesa do afastamento do presidente. Em discurso em S\u00e3o Bernardo do Campo, argumentou que o partido n\u00e3o deveria defender um impeachment em bases fr\u00e1geis, como julga ter sido o caso do processo contra Dilma, em 2016.<\/p>\n<p style=\"text-align: justify;\">Com o ac\u00famulo de declara\u00e7\u00f5es pol\u00eamicas do presidente, o assunto vem lentamente ocupando espa\u00e7o no partido. Nesta quarta (26), o l\u00edder do PT no Senado,\u00a0Rogerio Carvalho (SE),\u00a0disse que Bolsonaro pode ter cometido um crime de responsabilidade, o que poderia levar a um pedido de impeachment. Haddad tamb\u00e9m se referiu \u00e0s declara\u00e7\u00f5es do presidente como crime de responsabilidade, ap\u00f3s ele ter repassado um v\u00eddeo convocando para manifesta\u00e7\u00e3o em 15 de mar\u00e7o.\u00a0O ex-prefeito, contudo, n\u00e3o defendeu o afastamento de Bolsonaro. &#8220;Impeachment \u00e9 algo muito complexo, envolve uma dimens\u00e3o pol\u00edtica que norteia toda e qualquer rea\u00e7\u00e3o&#8221;, afirmou.<\/p>\n<p style=\"text-align: justify;\">Para ele, mais importante \u00e9 o Congresso reagir \u00e0s agress\u00f5es. &#8220;Se o Congresso n\u00e3o tiver uma rea\u00e7\u00e3o \u00e0\u00a0altura, \u00e9 algo t\u00e3o grave quanto a mensagem que o Bolsonaro repassou&#8221;, afirmou. Na mesma linha, o secret\u00e1rio de Comunica\u00e7\u00e3o do PT, Jilmar Tatto, defende cautela. &#8220;Motivos para impeachment n\u00e3o faltam, mas precisamos avaliar com cuidado as condi\u00e7\u00f5es antes de usarmos essa palavra de ordem&#8221;.<\/p>\n<pre>Fonte: Bahia Noticias<\/pre>\n<\/div>\n<\/div>\n<div class=\"box-footer\">\n<div class=\"bar-share clearfix\" style=\"text-align: justify;\"><\/div>\n<\/div>\n","protected":false},"excerpt":{"rendered":"<p>O impeachment do presidente Jair Bolsonaro deixou de ser tabu no PT, mas o partido ainda prefere evitar sua defesa em p\u00fablico.\u00a0A avalia\u00e7\u00e3o no partido \u00e9 que j\u00e1 \u00e9 poss\u00edvel fazer uma argumenta\u00e7\u00e3o jur\u00eddica de que o presidente cometeu crime de responsabilidade. O problema, na vis\u00e3o interna,\u00a0\u00e9 que n\u00e3o haveria ainda condi\u00e7\u00f5es realistas para iniciar [&hellip;]<\/p>\n","protected":false},"author":1,"featured_media":7599,"comment_status":"open","ping_status":"open","sticky":false,"template":"","format":"standard","meta":{"_uag_custom_page_level_css":"","_monsterinsights_skip_tracking":false,"_monsterinsights_sitenote_active":false,"_monsterinsights_sitenote_note":"","_monsterinsights_sitenote_category":0,"jetpack_post_was_ever_published":false,"_jetpack_newsletter_access":"","_jetpack_dont_email_post_to_subs":false,"_jetpack_newsletter_tier_id":0,"_jetpack_memberships_contains_paywalled_content":false,"_jetpack_memberships_contains_paid_content":false,"footnotes":"","jetpack_publicize_message":"","jetpack_publicize_feature_enabled":true,"jetpack_social_post_already_shared":true,"jetpack_social_options":{"image_generator_settings":{"template":"highway","default_image_id":0,"font":"","enabled":false},"version":2}},"categories":[200],"tags":[21,52],"class_list":["post-7598","post","type-post","status-publish","format-standard","has-post-thumbnail","hentry","category-brasil","tag-bolsonaro","tag-pt"],"jetpack_publicize_connections":[],"jetpack_featured_media_url":"https:\/\/blogopara.com.br\/wp-content\/uploads\/2020\/02\/IMAGEM_NOTICIA_5-5.jpg","uagb_featured_image_src":{"full":["https:\/\/blogopara.com.br\/wp-content\/uploads\/2020\/02\/IMAGEM_NOTICIA_5-5.jpg",380,280,false],"thumbnail":["https:\/\/blogopara.com.br\/wp-content\/uploads\/2020\/02\/IMAGEM_NOTICIA_5-5-150x150.jpg",150,150,true],"medium":["https:\/\/blogopara.com.br\/wp-content\/uploads\/2020\/02\/IMAGEM_NOTICIA_5-5-300x221.jpg",300,221,true],"medium_large":["https:\/\/blogopara.com.br\/wp-content\/uploads\/2020\/02\/IMAGEM_NOTICIA_5-5.jpg",380,280,false],"large":["https:\/\/blogopara.com.br\/wp-content\/uploads\/2020\/02\/IMAGEM_NOTICIA_5-5.jpg",380,280,false],"1536x1536":["https:\/\/blogopara.com.br\/wp-content\/uploads\/2020\/02\/IMAGEM_NOTICIA_5-5.jpg",380,280,false],"2048x2048":["https:\/\/blogopara.com.br\/wp-content\/uploads\/2020\/02\/IMAGEM_NOTICIA_5-5.jpg",380,280,false],"mantranews-slider-large":["https:\/\/blogopara.com.br\/wp-content\/uploads\/2020\/02\/IMAGEM_NOTICIA_5-5.jpg",380,280,false],"mantranews-featured-medium":["https:\/\/blogopara.com.br\/wp-content\/uploads\/2020\/02\/IMAGEM_NOTICIA_5-5.jpg",380,280,false],"mantranews-featured-long":["https:\/\/blogopara.com.br\/wp-content\/uploads\/2020\/02\/IMAGEM_NOTICIA_5-5-300x280.jpg",300,280,true],"mantranews-block-medium":["https:\/\/blogopara.com.br\/wp-content\/uploads\/2020\/02\/IMAGEM_NOTICIA_5-5.jpg",380,280,false],"mantranews-carousel-image":["https:\/\/blogopara.com.br\/wp-content\/uploads\/2020\/02\/IMAGEM_NOTICIA_5-5.jpg",380,280,false],"mantranews-block-thumb":["https:\/\/blogopara.com.br\/wp-content\/uploads\/2020\/02\/IMAGEM_NOTICIA_5-5-322x230.jpg",322,230,true],"mantranews-single-large":["https:\/\/blogopara.com.br\/wp-content\/uploads\/2020\/02\/IMAGEM_NOTICIA_5-5.jpg",380,280,false]},"uagb_author_info":{"display_name":"Reda\u00e7\u00e3o geral","author_link":"https:\/\/blogopara.com.br\/index.php\/author\/blogopara"},"uagb_comment_info":0,"uagb_excerpt":"O impeachment do presidente Jair Bolsonaro deixou de ser tabu no PT, mas o partido ainda prefere evitar sua defesa em p\u00fablico.\u00a0A avalia\u00e7\u00e3o no partido \u00e9 que j\u00e1 \u00e9 poss\u00edvel fazer uma argumenta\u00e7\u00e3o jur\u00eddica de que o presidente cometeu crime de responsabilidade. O problema, na vis\u00e3o interna,\u00a0\u00e9 que n\u00e3o haveria ainda condi\u00e7\u00f5es realistas para iniciar&hellip;","jetpack_sharing_enabled":true,"jetpack_likes_enabled":true,"_links":{"self":[{"href":"https:\/\/blogopara.com.br\/index.php\/wp-json\/wp\/v2\/posts\/7598","targetHints":{"allow":["GET"]}}],"collection":[{"href":"https:\/\/blogopara.com.br\/index.php\/wp-json\/wp\/v2\/posts"}],"about":[{"href":"https:\/\/blogopara.com.br\/index.php\/wp-json\/wp\/v2\/types\/post"}],"author":[{"embeddable":true,"href":"https:\/\/blogopara.com.br\/index.php\/wp-json\/wp\/v2\/users\/1"}],"replies":[{"embeddable":true,"href":"https:\/\/blogopara.com.br\/index.php\/wp-json\/wp\/v2\/comments?post=7598"}],"version-history":[{"count":1,"href":"https:\/\/blogopara.com.br\/index.php\/wp-json\/wp\/v2\/posts\/7598\/revisions"}],"predecessor-version":[{"id":7600,"href":"https:\/\/blogopara.com.br\/index.php\/wp-json\/wp\/v2\/posts\/7598\/revisions\/7600"}],"wp:featuredmedia":[{"embeddable":true,"href":"https:\/\/blogopara.com.br\/index.php\/wp-json\/wp\/v2\/media\/7599"}],"wp:attachment":[{"href":"https:\/\/blogopara.com.br\/index.php\/wp-json\/wp\/v2\/media?parent=7598"}],"wp:term":[{"taxonomy":"category","embeddable":true,"href":"https:\/\/blogopara.com.br\/index.php\/wp-json\/wp\/v2\/categories?post=7598"},{"taxonomy":"post_tag","embeddable":true,"href":"https:\/\/blogopara.com.br\/index.php\/wp-json\/wp\/v2\/tags?post=7598"}],"curies":[{"name":"wp","href":"https:\/\/api.w.org\/{rel}","templated":true}]}}