{"id":75993,"date":"2025-05-15T09:57:35","date_gmt":"2025-05-15T12:57:35","guid":{"rendered":"https:\/\/blogopara.com.br\/?p=75993"},"modified":"2025-05-15T09:57:35","modified_gmt":"2025-05-15T12:57:35","slug":"prefeitura-de-sento-se-inicia-montagem-estrutura-para-a-festa-da-cidade-2025","status":"publish","type":"post","link":"https:\/\/blogopara.com.br\/index.php\/2025\/05\/15\/prefeitura-de-sento-se-inicia-montagem-estrutura-para-a-festa-da-cidade-2025","title":{"rendered":"Prefeitura de Sento S\u00e9 inicia montagem estrutura para a Festa da Cidade 2025"},"content":{"rendered":"<p class=\"x_MsoNormal\">A Prefeitura de Sento S\u00e9 deu in\u00edcio \u00e0 montagem da estrutura que vai receber a t\u00e3o aguardada Festa da Cidade 2025, que acontece de 16 a 18 de maio no Espa\u00e7o de Eventos, na Av. Raul Alves.<\/p>\n<p class=\"x_MsoNormal\">\n<p class=\"x_MsoNormal\">Com um palco de 16&#215;12, luzes e painel de LED, dois geradores, barrac\u00f5es para venda bebidas, \u00e1rea de alimenta\u00e7\u00e3o, camarins, mais de 600 metros de fechamento e 400 metros de baias de conten\u00e7\u00e3o, o evento conta ainda com estandes para todas as for\u00e7as de seguran\u00e7a e sa\u00fade, al\u00e9m de banheiros qu\u00edmicos e sa\u00eddas de emerg\u00eancia, garantindo conforto e seguran\u00e7a num espa\u00e7o com capacidade para mais 20 mil pessoas.<\/p>\n<p class=\"x_MsoNormal\">\n<p class=\"x_MsoNormal\">\u201cA festa j\u00e1 come\u00e7ou nos bastidores. Estamos montando uma estrutura completa, moderna e segura para que nosso povo e visitantes tenham uma experi\u00eancia inesquec\u00edvel. Mais que shows, estamos resgatando uma tradi\u00e7\u00e3o que movimenta a cidade e aquece a nossa economia\u201d, destacou a prefeita Giselda Carvalho.<\/p>\n<p class=\"x_MsoNormal\">\n<p class=\"x_MsoNormal\"><b>A Festa da Cidade 2025<\/b><\/p>\n<p class=\"x_MsoNormal\">\n<p class=\"x_MsoNormal\">Traz grandes atra\u00e7\u00f5es como L\u00e9o Santana, Tayrone, Taty Girl, Tony Salles, Heitor Costa, a atra\u00e7\u00e3o gospel Elaine Martins e muito mais. A partir deste ano, o evento entra oficialmente para o calend\u00e1rio cultural do munic\u00edpio, sendo realizado todo terceiro fim de semana de maio.<\/p>\n<p class=\"x_MsoNormal\">\n<p class=\"x_MsoNormal\"><b>Confira a Programa\u00e7\u00e3o completa:<\/b><\/p>\n<p class=\"x_MsoNormal\">\n<p class=\"x_MsoNormal\">SEXTA-FEIRA \u2013 16\/05<\/p>\n<p class=\"x_MsoNormal\">20h \u2013 Iti\u00faba<\/p>\n<p class=\"x_MsoNormal\">21h30\u00a0\u2013\u00a0Mateus Torres<\/p>\n<p class=\"x_MsoNormal\">23h\u00a0\u2013\u00a0L\u00e9o Santana<\/p>\n<p class=\"x_MsoNormal\">1h\u00a0\u2013\u00a0Tayrone<\/p>\n<p class=\"x_MsoNormal\">3h\u00a0\u2013\u00a0Mateus do Acordeon<\/p>\n<p class=\"x_MsoNormal\">\n<p class=\"x_MsoNormal\">\n<p class=\"x_MsoNormal\">S\u00c1BADO \u2013 17\/05<\/p>\n<p class=\"x_MsoNormal\">20h\u00a0\u2013\u00a0Robinho Vaqueiro<\/p>\n<p class=\"x_MsoNormal\">21h\u00a0\u2013\u00a0Dicalli<\/p>\n<p class=\"x_MsoNormal\">22h\u00a0\u2013\u00a0Tony Salles<\/p>\n<p class=\"x_MsoNormal\">24h\u00a0\u2013\u00a0Taty Girl<\/p>\n<p class=\"x_MsoNormal\">2h\u00a0\u2013\u00a0Heitor Costa<\/p>\n<p class=\"x_MsoNormal\">4h\u00a0\u2013\u00a0Brena Miranda<\/p>\n<p class=\"x_MsoNormal\">\n<p class=\"x_MsoNormal\">DOMINGO \u2013 18\/05<\/p>\n<p class=\"x_MsoNormal\">21h\u00a0\u2013\u00a0Elaine Martins<\/p>\n<p class=\"x_MsoNormal\">\n<p class=\"x_MsoNormal\">\n<p class=\"x_MsoNormal\">&#8212;<br \/>\nTexto: Gardennia Garibalde &#8211; Ascom PMSSE<\/p>\n","protected":false},"excerpt":{"rendered":"<p>A Prefeitura de Sento S\u00e9 deu in\u00edcio \u00e0 montagem da estrutura que vai receber a t\u00e3o aguardada Festa da Cidade 2025, que acontece de 16 a 18 de maio no Espa\u00e7o de Eventos, na Av. Raul Alves. Com um palco de 16&#215;12, luzes e painel de LED, dois geradores, barrac\u00f5es para venda bebidas, \u00e1rea de [&hellip;]<\/p>\n","protected":false},"author":1,"featured_media":75994,"comment_status":"open","ping_status":"open","sticky":false,"template":"","format":"standard","meta":{"_uag_custom_page_level_css":"","_monsterinsights_skip_tracking":false,"_monsterinsights_sitenote_active":false,"_monsterinsights_sitenote_note":"","_monsterinsights_sitenote_category":0,"jetpack_post_was_ever_published":false,"_jetpack_newsletter_access":"","_jetpack_dont_email_post_to_subs":false,"_jetpack_newsletter_tier_id":0,"_jetpack_memberships_contains_paywalled_content":false,"_jetpack_memberships_contains_paid_content":false,"footnotes":"","jetpack_publicize_message":"","jetpack_publicize_feature_enabled":true,"jetpack_social_post_already_shared":true,"jetpack_social_options":{"image_generator_settings":{"template":"highway","default_image_id":0,"font":"","enabled":false},"version":2}},"categories":[197],"tags":[],"class_list":["post-75993","post","type-post","status-publish","format-standard","has-post-thumbnail","hentry","category-politica"],"jetpack_publicize_connections":[],"jetpack_featured_media_url":"https:\/\/blogopara.com.br\/wp-content\/uploads\/2025\/05\/thumbnail_WhatsApp-Image-2025-05-14-at-08.49.48.jpg","uagb_featured_image_src":{"full":["https:\/\/blogopara.com.br\/wp-content\/uploads\/2025\/05\/thumbnail_WhatsApp-Image-2025-05-14-at-08.49.48.jpg",500,281,false],"thumbnail":["https:\/\/blogopara.com.br\/wp-content\/uploads\/2025\/05\/thumbnail_WhatsApp-Image-2025-05-14-at-08.49.48-150x150.jpg",150,150,true],"medium":["https:\/\/blogopara.com.br\/wp-content\/uploads\/2025\/05\/thumbnail_WhatsApp-Image-2025-05-14-at-08.49.48-300x169.jpg",300,169,true],"medium_large":["https:\/\/blogopara.com.br\/wp-content\/uploads\/2025\/05\/thumbnail_WhatsApp-Image-2025-05-14-at-08.49.48.jpg",500,281,false],"large":["https:\/\/blogopara.com.br\/wp-content\/uploads\/2025\/05\/thumbnail_WhatsApp-Image-2025-05-14-at-08.49.48.jpg",500,281,false],"1536x1536":["https:\/\/blogopara.com.br\/wp-content\/uploads\/2025\/05\/thumbnail_WhatsApp-Image-2025-05-14-at-08.49.48.jpg",500,281,false],"2048x2048":["https:\/\/blogopara.com.br\/wp-content\/uploads\/2025\/05\/thumbnail_WhatsApp-Image-2025-05-14-at-08.49.48.jpg",500,281,false],"mantranews-slider-large":["https:\/\/blogopara.com.br\/wp-content\/uploads\/2025\/05\/thumbnail_WhatsApp-Image-2025-05-14-at-08.49.48.jpg",500,281,false],"mantranews-featured-medium":["https:\/\/blogopara.com.br\/wp-content\/uploads\/2025\/05\/thumbnail_WhatsApp-Image-2025-05-14-at-08.49.48-420x281.jpg",420,281,true],"mantranews-featured-long":["https:\/\/blogopara.com.br\/wp-content\/uploads\/2025\/05\/thumbnail_WhatsApp-Image-2025-05-14-at-08.49.48-300x281.jpg",300,281,true],"mantranews-block-medium":["https:\/\/blogopara.com.br\/wp-content\/uploads\/2025\/05\/thumbnail_WhatsApp-Image-2025-05-14-at-08.49.48-464x281.jpg",464,281,true],"mantranews-carousel-image":["https:\/\/blogopara.com.br\/wp-content\/uploads\/2025\/05\/thumbnail_WhatsApp-Image-2025-05-14-at-08.49.48.jpg",500,281,false],"mantranews-block-thumb":["https:\/\/blogopara.com.br\/wp-content\/uploads\/2025\/05\/thumbnail_WhatsApp-Image-2025-05-14-at-08.49.48-322x230.jpg",322,230,true],"mantranews-single-large":["https:\/\/blogopara.com.br\/wp-content\/uploads\/2025\/05\/thumbnail_WhatsApp-Image-2025-05-14-at-08.49.48.jpg",500,281,false]},"uagb_author_info":{"display_name":"Reda\u00e7\u00e3o geral","author_link":"https:\/\/blogopara.com.br\/index.php\/author\/blogopara"},"uagb_comment_info":0,"uagb_excerpt":"A Prefeitura de Sento S\u00e9 deu in\u00edcio \u00e0 montagem da estrutura que vai receber a t\u00e3o aguardada Festa da Cidade 2025, que acontece de 16 a 18 de maio no Espa\u00e7o de Eventos, na Av. Raul Alves. Com um palco de 16&#215;12, luzes e painel de LED, dois geradores, barrac\u00f5es para venda bebidas, \u00e1rea de&hellip;","jetpack_sharing_enabled":true,"jetpack_likes_enabled":true,"_links":{"self":[{"href":"https:\/\/blogopara.com.br\/index.php\/wp-json\/wp\/v2\/posts\/75993","targetHints":{"allow":["GET"]}}],"collection":[{"href":"https:\/\/blogopara.com.br\/index.php\/wp-json\/wp\/v2\/posts"}],"about":[{"href":"https:\/\/blogopara.com.br\/index.php\/wp-json\/wp\/v2\/types\/post"}],"author":[{"embeddable":true,"href":"https:\/\/blogopara.com.br\/index.php\/wp-json\/wp\/v2\/users\/1"}],"replies":[{"embeddable":true,"href":"https:\/\/blogopara.com.br\/index.php\/wp-json\/wp\/v2\/comments?post=75993"}],"version-history":[{"count":1,"href":"https:\/\/blogopara.com.br\/index.php\/wp-json\/wp\/v2\/posts\/75993\/revisions"}],"predecessor-version":[{"id":75995,"href":"https:\/\/blogopara.com.br\/index.php\/wp-json\/wp\/v2\/posts\/75993\/revisions\/75995"}],"wp:featuredmedia":[{"embeddable":true,"href":"https:\/\/blogopara.com.br\/index.php\/wp-json\/wp\/v2\/media\/75994"}],"wp:attachment":[{"href":"https:\/\/blogopara.com.br\/index.php\/wp-json\/wp\/v2\/media?parent=75993"}],"wp:term":[{"taxonomy":"category","embeddable":true,"href":"https:\/\/blogopara.com.br\/index.php\/wp-json\/wp\/v2\/categories?post=75993"},{"taxonomy":"post_tag","embeddable":true,"href":"https:\/\/blogopara.com.br\/index.php\/wp-json\/wp\/v2\/tags?post=75993"}],"curies":[{"name":"wp","href":"https:\/\/api.w.org\/{rel}","templated":true}]}}