{"id":75996,"date":"2025-05-15T10:00:10","date_gmt":"2025-05-15T13:00:10","guid":{"rendered":"https:\/\/blogopara.com.br\/?p=75996"},"modified":"2025-05-15T10:00:10","modified_gmt":"2025-05-15T13:00:10","slug":"ponto-sonoro-estreia-com-shows-de-samba-de-ultima-hora-e-irmao-carlos-no-proximo-sabado-17","status":"publish","type":"post","link":"https:\/\/blogopara.com.br\/index.php\/2025\/05\/15\/ponto-sonoro-estreia-com-shows-de-samba-de-ultima-hora-e-irmao-carlos-no-proximo-sabado-17","title":{"rendered":"Ponto Sonoro estreia com shows de Samba de \u00daltima Hora e Irm\u00e3o Carlos no pr\u00f3ximo s\u00e1bado (17)"},"content":{"rendered":"<p>T\u00e1 a fim de um sambinha no fim de semana? E que tal um rock misturado com sotaque soteropolitano? A nova temporada do projeto cultural Ponto Sonoro estreia no pr\u00f3ximo s\u00e1bado (17) com as duas op\u00e7\u00f5es em shows ao vivo Samba de \u00daltima Hora e Irm\u00e3o Carlos Psicofunk no Espa\u00e7o Cultural Dona Neuza, no Imbu\u00ed, em Salvador.<\/p>\n<p>O evento come\u00e7a \u00e0s 17h e promete uma noite de muita m\u00fasica, A banda Samba de \u00daltima Hora apresenta um repert\u00f3rio recheado de cl\u00e1ssicos do samba e do pagode dos anos 90, enquanto Irm\u00e3o Carlos leva ao palco seu estilo \u00fanico, o psicofunk, com composi\u00e7\u00f5es autorais e uma performance vibrante.<\/p>\n<p>Os ingressos j\u00e1 est\u00e3o \u00e0 venda e podem ser adquiridos antecipadamente pelo seguinte link que consta ao final da mat\u00e9ria e na bio do @donaneuza. H\u00e1 op\u00e7\u00f5es para ticket individual, casadinha e combo para quatro amigos.<\/p>\n<p>\u201cVai ter samba sim e depois vai ter psicofunk metendo dan\u00e7a, metendo Groove\u201d, chama o agitador cultural Irm\u00e3o Carlos. As apresenta\u00e7\u00f5es ainda ser\u00e3o gravadas e divulgadas no YouTube do projeto.<\/p>\n<p><b>O que \u00e9 o Ponto Sonoro?<\/b><\/p>\n<p>O Ponto Sonoro \u00e9 um projeto que transforma o Espa\u00e7o Cultural Dona Neuza em um polo de cria\u00e7\u00e3o, forma\u00e7\u00e3o e difus\u00e3o musical. A iniciativa promove shows, cursos gratuitos e um podcast, sempre valorizando a m\u00fasica produzida na Bahia.<\/p>\n<p>A programa\u00e7\u00e3o inclui seis edi\u00e7\u00f5es de shows ao vivo, sempre com Irm\u00e3o Carlos Psicofunk como anfitri\u00e3o e uma atra\u00e7\u00e3o convidada selecionada por convocat\u00f3ria, al\u00e9m do Papo Sonoro, podcast que re\u00fane artistas para discutir os bastidores da cena musical, e tr\u00eas cursos t\u00e9cnicos h\u00edbridos, voltados para jovens da regi\u00e3o. As oficinas s\u00e3o gratuitas.<\/p>\n<p><b>Espa\u00e7o Cultural Dona Neuza<\/b><\/p>\n<p>O espa\u00e7o surgiu como fruto da inquieta\u00e7\u00e3o art\u00edstica do idealizador e criador, irm\u00e3o Carlos, e da necessidade de trazer para a regi\u00e3o da cidade uma programa\u00e7\u00e3o cultural regular.<\/p>\n<p>J\u00e1 o projeto nasce da trajet\u00f3ria j\u00e1 consolidada do Espa\u00e7o Cultural Dona Neuza como local de encontro de m\u00fasicos, produtores e criadores da cidade. Agora, com o Ponto Sonoro, o espa\u00e7o se fortalece como um HUB cultural, ampliando seu impacto na comunidade, promovendo acesso gratuito \u00e0 cultura, forma\u00e7\u00e3o profissional e difus\u00e3o de talentos da cena musical baiana.<\/p>\n<p><i>Projeto aprovado no Edital Greg\u00f3rios Ano IV, edital 03\/2024, da Funda\u00e7\u00e3o Greg\u00f3rio de Matos, Secret\u00e1ria de Cultura e Turismo &#8211; SECULT, Prefeitura Municipal de Salvador.<\/i><\/p>\n<p><b>Servi\u00e7o:<\/b><br \/>\nO qu\u00ea: Ponto Sonoro<br \/>\nQuando: pr\u00f3ximo s\u00e1bado (17)<br \/>\nOnde: Espa\u00e7o Cultural Dona Neuza<br \/>\nEndere\u00e7o: Rua Jayme Sapolnik, 766 &#8211; Imbu\u00ed, Salvador &#8211; BA, 41710-045, Brasil<br \/>\nComo comprar:\u00a0<a id=\"LPlnk797856\" title=\"https:\/\/shotgun.live\/pt-br\/events\/ponto-sonoro?fbclid=PAQ0xDSwKPgp9leHRuA2FlbQIxMQABp8yyI21658YSxHQC5mNSMJFMh7mc7VSlQaJLxUsWb9KPpq7i4Caok094tqzH_aem_SISVuWlFPTyrmGUdIcQ8jw\" href=\"https:\/\/shotgun.live\/pt-br\/events\/ponto-sonoro?fbclid=PAQ0xDSwKPgp9leHRuA2FlbQIxMQABp8yyI21658YSxHQC5mNSMJFMh7mc7VSlQaJLxUsWb9KPpq7i4Caok094tqzH_aem_SISVuWlFPTyrmGUdIcQ8jw\" target=\"_blank\" rel=\"noopener noreferrer\" data-auth=\"NotApplicable\" data-linkindex=\"0\">https:\/\/shotgun.live\/pt-br\/events\/ponto-sonoro?fbclid=PAQ0xDSwKPgp9leHRuA2FlbQIxMQABp8yyI21658YSxHQC5mNSMJFMh7mc7VSlQaJLxUsWb9KPpq7i4Caok094tqzH_aem_SISVuWlFPTyrmGUdIcQ8jw<\/a><\/p>\n<p><i>Cr\u00e9dito das fotos de Samba de \u00daltima Hora: Camilo \u00c1rabe<\/p>\n<p>Cr\u00e9dito Irm\u00e3o Carlos:\u00a0Heder\u00a0Novaes<\/i><\/p>\n","protected":false},"excerpt":{"rendered":"<p>T\u00e1 a fim de um sambinha no fim de semana? E que tal um rock misturado com sotaque soteropolitano? A nova temporada do projeto cultural Ponto Sonoro estreia no pr\u00f3ximo s\u00e1bado (17) com as duas op\u00e7\u00f5es em shows ao vivo Samba de \u00daltima Hora e Irm\u00e3o Carlos Psicofunk no Espa\u00e7o Cultural Dona Neuza, no Imbu\u00ed, [&hellip;]<\/p>\n","protected":false},"author":1,"featured_media":75997,"comment_status":"open","ping_status":"open","sticky":false,"template":"","format":"standard","meta":{"_uag_custom_page_level_css":"","_monsterinsights_skip_tracking":false,"_monsterinsights_sitenote_active":false,"_monsterinsights_sitenote_note":"","_monsterinsights_sitenote_category":0,"jetpack_post_was_ever_published":false,"_jetpack_newsletter_access":"","_jetpack_dont_email_post_to_subs":false,"_jetpack_newsletter_tier_id":0,"_jetpack_memberships_contains_paywalled_content":false,"_jetpack_memberships_contains_paid_content":false,"footnotes":"","jetpack_publicize_message":"","jetpack_publicize_feature_enabled":true,"jetpack_social_post_already_shared":true,"jetpack_social_options":{"image_generator_settings":{"template":"highway","default_image_id":0,"font":"","enabled":false},"version":2}},"categories":[199],"tags":[],"class_list":["post-75996","post","type-post","status-publish","format-standard","has-post-thumbnail","hentry","category-bahia"],"jetpack_publicize_connections":[],"jetpack_featured_media_url":"https:\/\/blogopara.com.br\/wp-content\/uploads\/2025\/05\/Imagem-do-WhatsApp-de-2025-05-04-as-10.38.32_cbadde5a.jpg","uagb_featured_image_src":{"full":["https:\/\/blogopara.com.br\/wp-content\/uploads\/2025\/05\/Imagem-do-WhatsApp-de-2025-05-04-as-10.38.32_cbadde5a.jpg",500,375,false],"thumbnail":["https:\/\/blogopara.com.br\/wp-content\/uploads\/2025\/05\/Imagem-do-WhatsApp-de-2025-05-04-as-10.38.32_cbadde5a-150x150.jpg",150,150,true],"medium":["https:\/\/blogopara.com.br\/wp-content\/uploads\/2025\/05\/Imagem-do-WhatsApp-de-2025-05-04-as-10.38.32_cbadde5a-300x225.jpg",300,225,true],"medium_large":["https:\/\/blogopara.com.br\/wp-content\/uploads\/2025\/05\/Imagem-do-WhatsApp-de-2025-05-04-as-10.38.32_cbadde5a.jpg",500,375,false],"large":["https:\/\/blogopara.com.br\/wp-content\/uploads\/2025\/05\/Imagem-do-WhatsApp-de-2025-05-04-as-10.38.32_cbadde5a.jpg",500,375,false],"1536x1536":["https:\/\/blogopara.com.br\/wp-content\/uploads\/2025\/05\/Imagem-do-WhatsApp-de-2025-05-04-as-10.38.32_cbadde5a.jpg",500,375,false],"2048x2048":["https:\/\/blogopara.com.br\/wp-content\/uploads\/2025\/05\/Imagem-do-WhatsApp-de-2025-05-04-as-10.38.32_cbadde5a.jpg",500,375,false],"mantranews-slider-large":["https:\/\/blogopara.com.br\/wp-content\/uploads\/2025\/05\/Imagem-do-WhatsApp-de-2025-05-04-as-10.38.32_cbadde5a.jpg",500,375,false],"mantranews-featured-medium":["https:\/\/blogopara.com.br\/wp-content\/uploads\/2025\/05\/Imagem-do-WhatsApp-de-2025-05-04-as-10.38.32_cbadde5a-420x307.jpg",420,307,true],"mantranews-featured-long":["https:\/\/blogopara.com.br\/wp-content\/uploads\/2025\/05\/Imagem-do-WhatsApp-de-2025-05-04-as-10.38.32_cbadde5a-300x375.jpg",300,375,true],"mantranews-block-medium":["https:\/\/blogopara.com.br\/wp-content\/uploads\/2025\/05\/Imagem-do-WhatsApp-de-2025-05-04-as-10.38.32_cbadde5a-464x290.jpg",464,290,true],"mantranews-carousel-image":["https:\/\/blogopara.com.br\/wp-content\/uploads\/2025\/05\/Imagem-do-WhatsApp-de-2025-05-04-as-10.38.32_cbadde5a.jpg",500,375,false],"mantranews-block-thumb":["https:\/\/blogopara.com.br\/wp-content\/uploads\/2025\/05\/Imagem-do-WhatsApp-de-2025-05-04-as-10.38.32_cbadde5a-322x230.jpg",322,230,true],"mantranews-single-large":["https:\/\/blogopara.com.br\/wp-content\/uploads\/2025\/05\/Imagem-do-WhatsApp-de-2025-05-04-as-10.38.32_cbadde5a.jpg",500,375,false]},"uagb_author_info":{"display_name":"Reda\u00e7\u00e3o geral","author_link":"https:\/\/blogopara.com.br\/index.php\/author\/blogopara"},"uagb_comment_info":0,"uagb_excerpt":"T\u00e1 a fim de um sambinha no fim de semana? E que tal um rock misturado com sotaque soteropolitano? A nova temporada do projeto cultural Ponto Sonoro estreia no pr\u00f3ximo s\u00e1bado (17) com as duas op\u00e7\u00f5es em shows ao vivo Samba de \u00daltima Hora e Irm\u00e3o Carlos Psicofunk no Espa\u00e7o Cultural Dona Neuza, no Imbu\u00ed,&hellip;","jetpack_sharing_enabled":true,"jetpack_likes_enabled":true,"_links":{"self":[{"href":"https:\/\/blogopara.com.br\/index.php\/wp-json\/wp\/v2\/posts\/75996","targetHints":{"allow":["GET"]}}],"collection":[{"href":"https:\/\/blogopara.com.br\/index.php\/wp-json\/wp\/v2\/posts"}],"about":[{"href":"https:\/\/blogopara.com.br\/index.php\/wp-json\/wp\/v2\/types\/post"}],"author":[{"embeddable":true,"href":"https:\/\/blogopara.com.br\/index.php\/wp-json\/wp\/v2\/users\/1"}],"replies":[{"embeddable":true,"href":"https:\/\/blogopara.com.br\/index.php\/wp-json\/wp\/v2\/comments?post=75996"}],"version-history":[{"count":1,"href":"https:\/\/blogopara.com.br\/index.php\/wp-json\/wp\/v2\/posts\/75996\/revisions"}],"predecessor-version":[{"id":75998,"href":"https:\/\/blogopara.com.br\/index.php\/wp-json\/wp\/v2\/posts\/75996\/revisions\/75998"}],"wp:featuredmedia":[{"embeddable":true,"href":"https:\/\/blogopara.com.br\/index.php\/wp-json\/wp\/v2\/media\/75997"}],"wp:attachment":[{"href":"https:\/\/blogopara.com.br\/index.php\/wp-json\/wp\/v2\/media?parent=75996"}],"wp:term":[{"taxonomy":"category","embeddable":true,"href":"https:\/\/blogopara.com.br\/index.php\/wp-json\/wp\/v2\/categories?post=75996"},{"taxonomy":"post_tag","embeddable":true,"href":"https:\/\/blogopara.com.br\/index.php\/wp-json\/wp\/v2\/tags?post=75996"}],"curies":[{"name":"wp","href":"https:\/\/api.w.org\/{rel}","templated":true}]}}