{"id":76164,"date":"2025-05-20T19:52:15","date_gmt":"2025-05-20T22:52:15","guid":{"rendered":"https:\/\/blogopara.com.br\/?p=76164"},"modified":"2025-05-20T19:52:15","modified_gmt":"2025-05-20T22:52:15","slug":"seminario-de-pecuaria-de-leite-reforca-papel-do-campo-no-desenvolvimento-de-senhor-do-bonfim","status":"publish","type":"post","link":"https:\/\/blogopara.com.br\/index.php\/2025\/05\/20\/seminario-de-pecuaria-de-leite-reforca-papel-do-campo-no-desenvolvimento-de-senhor-do-bonfim","title":{"rendered":"Semin\u00e1rio de Pecu\u00e1ria de Leite refor\u00e7a papel do campo no desenvolvimento de Senhor do Bonfim\u00a0"},"content":{"rendered":"<div class=\"x_gmail-OutlineElement x_gmail-Ltr x_gmail-SCXW198736982 x_gmail-BCX0\">\n<p class=\"x_gmail-Paragraph x_gmail-SCXW198736982 x_gmail-BCX0\" lang=\"PT-BR\"><span class=\"x_gmail-TextRun x_gmail-SCXW198736982 x_gmail-BCX0\" lang=\"PT-BR\" style=\"font-size: 1rem;\"><span class=\"x_gmail-NormalTextRun x_gmail-SCXW198736982 x_gmail-BCX0\">Nesta quarta-feira (21), Senhor do Bonfim sedia o Semin\u00e1rio de Pecu\u00e1ria de Leite. O evento realizado pela Prefeitura, por meio da Secretaria Municipal de Desenvolvimento Agropecu\u00e1rio, Servi\u00e7o Nacional de Aprendizagem Rural (SENAR-BA), do Servi\u00e7o Brasileiro de Apoio \u00e0s Micro e Pequenas Empresas (SEBRAE), da Cooperativa Mista Agropecu\u00e1ria e o Sindicato dos Produtores Rurais de Senhor do Bonfim, acontece no Centro de Capacita\u00e7\u00e3o Regional do Senar, a partir das 8h30.<\/span><\/span> <span class=\"x_gmail-TextRun x_gmail-SCXW198736982 x_gmail-BCX0\" lang=\"PT-BR\" style=\"font-size: 1rem;\"><span class=\"x_gmail-NormalTextRun x_gmail-SCXW198736982 x_gmail-BCX0\">\u00a0<\/span><\/span><span class=\"x_gmail-EOP x_gmail-SCXW198736982 x_gmail-BCX0\" style=\"font-size: 1rem;\">\u00a0<\/span><\/p>\n<\/div>\n<div class=\"x_gmail-OutlineElement x_gmail-Ltr x_gmail-SCXW198736982 x_gmail-BCX0\">\n<p class=\"x_gmail-Paragraph x_gmail-SCXW198736982 x_gmail-BCX0\" lang=\"PT-BR\"><span class=\"x_gmail-TextRun x_gmail-SCXW198736982 x_gmail-BCX0\" lang=\"PT-BR\"><span class=\"x_gmail-NormalTextRun x_gmail-SCXW198736982 x_gmail-BCX0\">Com uma programa\u00e7\u00e3o voltada para o fortalecimento da cadeia produtiva do leite, o semin\u00e1rio prop\u00f5e reflex\u00f5es sobre o cen\u00e1rio atual do setor, o papel do cooperativismo e as perspectivas de desenvolvimento regional a partir da valoriza\u00e7\u00e3o dos produtores locais.<\/span><\/span> <span class=\"x_gmail-TextRun x_gmail-SCXW198736982 x_gmail-BCX0\" lang=\"PT-BR\" style=\"font-size: 1rem;\"><span class=\"x_gmail-NormalTextRun x_gmail-SCXW198736982 x_gmail-BCX0\">\u00a0<\/span><\/span><span class=\"x_gmail-EOP x_gmail-SCXW198736982 x_gmail-BCX0\" style=\"font-size: 1rem;\">\u00a0<\/span><\/p>\n<\/div>\n<div class=\"x_gmail-OutlineElement x_gmail-Ltr x_gmail-SCXW198736982 x_gmail-BCX0\">\n<p class=\"x_gmail-Paragraph x_gmail-SCXW198736982 x_gmail-BCX0\" lang=\"PT-BR\"><span class=\"x_gmail-TextRun x_gmail-SCXW198736982 x_gmail-BCX0\" lang=\"PT-BR\"><span class=\"x_gmail-NormalTextRun x_gmail-SCXW198736982 x_gmail-BCX0\">De acordo com o secret\u00e1rio municipal de Desenvolvimento Agropecu\u00e1rio, Paulo Terra Nova, o semin\u00e1rio representa mais do que uma atividade t\u00e9cnica, \u00e9 uma \u00e9 uma a\u00e7\u00e3o que refor\u00e7a o compromisso do munic\u00edpio com o desenvolvimento sustent\u00e1vel. \u201cA pecu\u00e1ria leiteira \u00e9 um modo de vida. Investir nessa cadeia \u00e9 fortalecer a perman\u00eancia do nosso povo na terra, com dignidade, trabalho e gera\u00e7\u00e3o de renda.\u201d<\/span><\/span><span class=\"x_gmail-EOP x_gmail-SCXW198736982 x_gmail-BCX0\">\u00a0<\/span><\/p>\n<\/div>\n<div class=\"x_gmail-OutlineElement x_gmail-Ltr x_gmail-SCXW198736982 x_gmail-BCX0\">\n<p class=\"x_gmail-Paragraph x_gmail-SCXW198736982 x_gmail-BCX0\" lang=\"PT-BR\"><span class=\"x_gmail-TextRun x_gmail-SCXW198736982 x_gmail-BCX0\" lang=\"PT-BR\"><span class=\"x_gmail-NormalTextRun x_gmail-SCXW198736982 x_gmail-BCX0\">\u00a0<\/span><\/span><span class=\"x_gmail-EOP x_gmail-SCXW198736982 x_gmail-BCX0\">\u00a0<\/span><\/p>\n<\/div>\n<div class=\"x_gmail-OutlineElement x_gmail-Ltr x_gmail-SCXW198736982 x_gmail-BCX0\">\n<p class=\"x_gmail-Paragraph x_gmail-SCXW198736982 x_gmail-BCX0\" lang=\"PT-BR\"><span class=\"x_gmail-TextRun x_gmail-SCXW198736982 x_gmail-BCX0\" lang=\"PT-BR\"><span class=\"x_gmail-NormalTextRun x_gmail-SCXW198736982 x_gmail-BCX0\">Programa\u00e7\u00e3o<\/span><\/span><span class=\"x_gmail-EOP x_gmail-SCXW198736982 x_gmail-BCX0\">\u00a0<\/span><\/p>\n<\/div>\n<div class=\"x_gmail-OutlineElement x_gmail-Ltr x_gmail-SCXW198736982 x_gmail-BCX0\">\n<p class=\"x_gmail-Paragraph x_gmail-SCXW198736982 x_gmail-BCX0\" lang=\"PT-BR\"><span class=\"x_gmail-EOP x_gmail-SCXW198736982 x_gmail-BCX0\">\u00a0<\/span><span class=\"x_gmail-TextRun x_gmail-SCXW198736982 x_gmail-BCX0\" lang=\"PT-BR\" style=\"font-size: 1rem;\"><span class=\"x_gmail-NormalTextRun x_gmail-SCXW198736982 x_gmail-BCX0\">Na abertura, o p\u00fablico ter\u00e1 acesso \u00e0 palestra \u201cO Mercado do Leite na Bahia\u201d, conduzida pelo Senar. Em seguida, o Sebrae aborda o tema \u201cCooperativismo na Cadeia Produtiva do Leite\u201d. O evento se encerra com a palestra \u201cA Import\u00e2ncia do Latic\u00ednio Piemonte Norte do Itapicuru como Ferramenta do Desenvolvimento Territorial\u201d, ministrada por Nonato Azevedo e M\u00e1rcio Ara\u00fajo.<\/span><\/span> <span class=\"x_gmail-TextRun x_gmail-SCXW198736982 x_gmail-BCX0\" lang=\"PT-BR\" style=\"font-size: 1rem;\"><span class=\"x_gmail-NormalTextRun x_gmail-SCXW198736982 x_gmail-BCX0\">\u00a0<\/span><\/span><span class=\"x_gmail-EOP x_gmail-SCXW198736982 x_gmail-BCX0\" style=\"font-size: 1rem;\">\u00a0<\/span><\/p>\n<\/div>\n<div class=\"x_gmail-OutlineElement x_gmail-Ltr x_gmail-SCXW198736982 x_gmail-BCX0\">\n<p class=\"x_gmail-Paragraph x_gmail-SCXW198736982 x_gmail-BCX0\" lang=\"PT-BR\"><span class=\"x_gmail-TextRun x_gmail-SCXW198736982 x_gmail-BCX0\" lang=\"PT-BR\"><span class=\"x_gmail-NormalTextRun x_gmail-SCXW198736982 x_gmail-BCX0\">&#8212;<\/span><\/span><span class=\"x_gmail-EOP x_gmail-SCXW198736982 x_gmail-BCX0\">\u00a0<\/span><\/p>\n<\/div>\n<div class=\"x_gmail-OutlineElement x_gmail-Ltr x_gmail-SCXW198736982 x_gmail-BCX0\">\n<p class=\"x_gmail-Paragraph x_gmail-SCXW198736982 x_gmail-BCX0\" lang=\"PT-BR\"><span class=\"x_gmail-TextRun x_gmail-SCXW198736982 x_gmail-BCX0\" lang=\"PT-BR\"><span class=\"x_gmail-NormalTextRun x_gmail-SCXW198736982 x_gmail-BCX0\">Texto: Ascom PMSB<\/span><\/span><\/p>\n<\/div>\n","protected":false},"excerpt":{"rendered":"<p>Nesta quarta-feira (21), Senhor do Bonfim sedia o Semin\u00e1rio de Pecu\u00e1ria de Leite. O evento realizado pela Prefeitura, por meio da Secretaria Municipal de Desenvolvimento Agropecu\u00e1rio, Servi\u00e7o Nacional de Aprendizagem Rural (SENAR-BA), do Servi\u00e7o Brasileiro de Apoio \u00e0s Micro e Pequenas Empresas (SEBRAE), da Cooperativa Mista Agropecu\u00e1ria e o Sindicato dos Produtores Rurais de Senhor [&hellip;]<\/p>\n","protected":false},"author":1,"featured_media":76165,"comment_status":"open","ping_status":"open","sticky":false,"template":"","format":"standard","meta":{"_uag_custom_page_level_css":"","_monsterinsights_skip_tracking":false,"_monsterinsights_sitenote_active":false,"_monsterinsights_sitenote_note":"","_monsterinsights_sitenote_category":0,"jetpack_post_was_ever_published":false,"_jetpack_newsletter_access":"","_jetpack_dont_email_post_to_subs":false,"_jetpack_newsletter_tier_id":0,"_jetpack_memberships_contains_paywalled_content":false,"_jetpack_memberships_contains_paid_content":false,"footnotes":"","jetpack_publicize_message":"","jetpack_publicize_feature_enabled":true,"jetpack_social_post_already_shared":true,"jetpack_social_options":{"image_generator_settings":{"template":"highway","default_image_id":0,"font":"","enabled":false},"version":2}},"categories":[197],"tags":[],"class_list":["post-76164","post","type-post","status-publish","format-standard","has-post-thumbnail","hentry","category-politica"],"jetpack_publicize_connections":[],"jetpack_featured_media_url":"https:\/\/blogopara.com.br\/wp-content\/uploads\/2025\/05\/WhatsApp-Image-2025-05-20-at-14.13.00.jpeg","uagb_featured_image_src":{"full":["https:\/\/blogopara.com.br\/wp-content\/uploads\/2025\/05\/WhatsApp-Image-2025-05-20-at-14.13.00.jpeg",494,511,false],"thumbnail":["https:\/\/blogopara.com.br\/wp-content\/uploads\/2025\/05\/WhatsApp-Image-2025-05-20-at-14.13.00-150x150.jpeg",150,150,true],"medium":["https:\/\/blogopara.com.br\/wp-content\/uploads\/2025\/05\/WhatsApp-Image-2025-05-20-at-14.13.00-290x300.jpeg",290,300,true],"medium_large":["https:\/\/blogopara.com.br\/wp-content\/uploads\/2025\/05\/WhatsApp-Image-2025-05-20-at-14.13.00.jpeg",494,511,false],"large":["https:\/\/blogopara.com.br\/wp-content\/uploads\/2025\/05\/WhatsApp-Image-2025-05-20-at-14.13.00.jpeg",494,511,false],"1536x1536":["https:\/\/blogopara.com.br\/wp-content\/uploads\/2025\/05\/WhatsApp-Image-2025-05-20-at-14.13.00.jpeg",494,511,false],"2048x2048":["https:\/\/blogopara.com.br\/wp-content\/uploads\/2025\/05\/WhatsApp-Image-2025-05-20-at-14.13.00.jpeg",494,511,false],"mantranews-slider-large":["https:\/\/blogopara.com.br\/wp-content\/uploads\/2025\/05\/WhatsApp-Image-2025-05-20-at-14.13.00.jpeg",494,511,false],"mantranews-featured-medium":["https:\/\/blogopara.com.br\/wp-content\/uploads\/2025\/05\/WhatsApp-Image-2025-05-20-at-14.13.00-420x307.jpeg",420,307,true],"mantranews-featured-long":["https:\/\/blogopara.com.br\/wp-content\/uploads\/2025\/05\/WhatsApp-Image-2025-05-20-at-14.13.00-300x443.jpeg",300,443,true],"mantranews-block-medium":["https:\/\/blogopara.com.br\/wp-content\/uploads\/2025\/05\/WhatsApp-Image-2025-05-20-at-14.13.00-464x290.jpeg",464,290,true],"mantranews-carousel-image":["https:\/\/blogopara.com.br\/wp-content\/uploads\/2025\/05\/WhatsApp-Image-2025-05-20-at-14.13.00-494x500.jpeg",494,500,true],"mantranews-block-thumb":["https:\/\/blogopara.com.br\/wp-content\/uploads\/2025\/05\/WhatsApp-Image-2025-05-20-at-14.13.00-322x230.jpeg",322,230,true],"mantranews-single-large":["https:\/\/blogopara.com.br\/wp-content\/uploads\/2025\/05\/WhatsApp-Image-2025-05-20-at-14.13.00.jpeg",494,511,false]},"uagb_author_info":{"display_name":"Reda\u00e7\u00e3o geral","author_link":"https:\/\/blogopara.com.br\/index.php\/author\/blogopara"},"uagb_comment_info":0,"uagb_excerpt":"Nesta quarta-feira (21), Senhor do Bonfim sedia o Semin\u00e1rio de Pecu\u00e1ria de Leite. O evento realizado pela Prefeitura, por meio da Secretaria Municipal de Desenvolvimento Agropecu\u00e1rio, Servi\u00e7o Nacional de Aprendizagem Rural (SENAR-BA), do Servi\u00e7o Brasileiro de Apoio \u00e0s Micro e Pequenas Empresas (SEBRAE), da Cooperativa Mista Agropecu\u00e1ria e o Sindicato dos Produtores Rurais de Senhor&hellip;","jetpack_sharing_enabled":true,"jetpack_likes_enabled":true,"_links":{"self":[{"href":"https:\/\/blogopara.com.br\/index.php\/wp-json\/wp\/v2\/posts\/76164","targetHints":{"allow":["GET"]}}],"collection":[{"href":"https:\/\/blogopara.com.br\/index.php\/wp-json\/wp\/v2\/posts"}],"about":[{"href":"https:\/\/blogopara.com.br\/index.php\/wp-json\/wp\/v2\/types\/post"}],"author":[{"embeddable":true,"href":"https:\/\/blogopara.com.br\/index.php\/wp-json\/wp\/v2\/users\/1"}],"replies":[{"embeddable":true,"href":"https:\/\/blogopara.com.br\/index.php\/wp-json\/wp\/v2\/comments?post=76164"}],"version-history":[{"count":1,"href":"https:\/\/blogopara.com.br\/index.php\/wp-json\/wp\/v2\/posts\/76164\/revisions"}],"predecessor-version":[{"id":76166,"href":"https:\/\/blogopara.com.br\/index.php\/wp-json\/wp\/v2\/posts\/76164\/revisions\/76166"}],"wp:featuredmedia":[{"embeddable":true,"href":"https:\/\/blogopara.com.br\/index.php\/wp-json\/wp\/v2\/media\/76165"}],"wp:attachment":[{"href":"https:\/\/blogopara.com.br\/index.php\/wp-json\/wp\/v2\/media?parent=76164"}],"wp:term":[{"taxonomy":"category","embeddable":true,"href":"https:\/\/blogopara.com.br\/index.php\/wp-json\/wp\/v2\/categories?post=76164"},{"taxonomy":"post_tag","embeddable":true,"href":"https:\/\/blogopara.com.br\/index.php\/wp-json\/wp\/v2\/tags?post=76164"}],"curies":[{"name":"wp","href":"https:\/\/api.w.org\/{rel}","templated":true}]}}