{"id":76167,"date":"2025-05-20T19:54:24","date_gmt":"2025-05-20T22:54:24","guid":{"rendered":"https:\/\/blogopara.com.br\/?p=76167"},"modified":"2025-05-20T19:54:24","modified_gmt":"2025-05-20T22:54:24","slug":"r-54-milhoes-sextou-com-obras-tem-edicao-dupla-no-distrito-de-igara-em-comemoracao-aos-140-anos-de-bonfim-com-inauguracao-de-centro-de-convivencia-e-inicio-de-obras-da-tao-sonhada","status":"publish","type":"post","link":"https:\/\/blogopara.com.br\/index.php\/2025\/05\/20\/r-54-milhoes-sextou-com-obras-tem-edicao-dupla-no-distrito-de-igara-em-comemoracao-aos-140-anos-de-bonfim-com-inauguracao-de-centro-de-convivencia-e-inicio-de-obras-da-tao-sonhada","title":{"rendered":"R$ 5,4 milh\u00f5es: \u201cSextou com Obras\u201d tem edi\u00e7\u00e3o dupla no Distrito de Igara em comemora\u00e7\u00e3o aos 140 anos de Bonfim com inaugura\u00e7\u00e3o de centro de conviv\u00eancia e in\u00edcio de obras da t\u00e3o sonhada creche"},"content":{"rendered":"<div class=\"x_gmail-OutlineElement x_gmail-Ltr x_gmail-SCXW969260 x_gmail-BCX0\">\n<p class=\"x_gmail-Paragraph x_gmail-SCXW969260 x_gmail-BCX0\" lang=\"PT-BR\"><span class=\"x_gmail-TextRun x_gmail-SCXW969260 x_gmail-BCX0\" lang=\"PT-BR\" style=\"font-size: 1rem;\"><span class=\"x_gmail-NormalTextRun x_gmail-SCXW969260 x_gmail-BCX0\">A Prefeitura de Senhor do Bonfim segue transformando a realidade do munic\u00edpio e, nesta sexta-feira (23), a partir das 17h, a tradicional edi\u00e7\u00e3o do programa \u201cSextou com Obras\u201d chega em dose dupla no Distrito de Igara, em comemora\u00e7\u00e3o ao anivers\u00e1rio de 140 anos da cidade. <\/span><\/span><span class=\"x_gmail-EOP x_gmail-SCXW969260 x_gmail-BCX0\" style=\"font-size: 1rem;\">\u00a0<\/span><span class=\"x_gmail-TextRun x_gmail-SCXW969260 x_gmail-BCX0\" lang=\"PT-BR\" style=\"font-size: 1rem;\"><span class=\"x_gmail-NormalTextRun x_gmail-SCXW969260 x_gmail-BCX0\">\u00a0<\/span><\/span><span class=\"x_gmail-EOP x_gmail-SCXW969260 x_gmail-BCX0\" style=\"font-size: 1rem;\">\u00a0<\/span><\/p>\n<\/div>\n<div class=\"x_gmail-OutlineElement x_gmail-Ltr x_gmail-SCXW969260 x_gmail-BCX0\">\n<p class=\"x_gmail-Paragraph x_gmail-SCXW969260 x_gmail-BCX0\" lang=\"PT-BR\"><span class=\"x_gmail-TextRun x_gmail-SCXW969260 x_gmail-BCX0\" lang=\"PT-BR\"><span class=\"x_gmail-NormalTextRun x_gmail-SCXW969260 x_gmail-BCX0\">Com um investimento superior a R$ 5,4 milh\u00f5es ser\u00e3o entregues a comunidade o Centro de Conviv\u00eancia Educacional e Cultural e a assinatura da ordem de servi\u00e7o para constru\u00e7\u00e3o da t\u00e3o sonhada Creche de Igara.\u00a0<\/span><\/span> <span class=\"x_gmail-TextRun x_gmail-SCXW969260 x_gmail-BCX0\" lang=\"PT-BR\" style=\"font-size: 1rem;\"><span class=\"x_gmail-NormalTextRun x_gmail-SCXW969260 x_gmail-BCX0\">\u00a0<\/span><\/span><span class=\"x_gmail-EOP x_gmail-SCXW969260 x_gmail-BCX0\" style=\"font-size: 1rem;\">\u00a0<\/span><\/p>\n<\/div>\n<div class=\"x_gmail-OutlineElement x_gmail-Ltr x_gmail-SCXW969260 x_gmail-BCX0\">\n<p class=\"x_gmail-Paragraph x_gmail-SCXW969260 x_gmail-BCX0\" lang=\"PT-BR\"><span class=\"x_gmail-TextRun x_gmail-SCXW969260 x_gmail-BCX0\" lang=\"PT-BR\"><span class=\"x_gmail-NormalTextRun x_gmail-SCXW969260 x_gmail-BCX0\">\u201cEstamos realizando sonhos e fortalecendo o futuro das nossas crian\u00e7as. \u00c9 uma alegria entregar esses dois grandes projetos justamente durante as comemora\u00e7\u00f5es dos 140 anos da nossa cidade\u201d, destacou o prefeito La\u00e9rcio J\u00fanior.<\/span><\/span> <span class=\"x_gmail-TextRun x_gmail-SCXW969260 x_gmail-BCX0\" lang=\"PT-BR\" style=\"font-size: 1rem;\"><span class=\"x_gmail-NormalTextRun x_gmail-SCXW969260 x_gmail-BCX0\">\u00a0<\/span><\/span><span class=\"x_gmail-EOP x_gmail-SCXW969260 x_gmail-BCX0\" style=\"font-size: 1rem;\">\u00a0<\/span><\/p>\n<\/div>\n<div class=\"x_gmail-OutlineElement x_gmail-Ltr x_gmail-SCXW969260 x_gmail-BCX0\">\n<p class=\"x_gmail-Paragraph x_gmail-SCXW969260 x_gmail-BCX0\" lang=\"PT-BR\"><span class=\"x_gmail-TextRun x_gmail-SCXW969260 x_gmail-BCX0\" lang=\"PT-BR\"><span class=\"x_gmail-NormalTextRun x_gmail-SCXW969260 x_gmail-BCX0\">A nova Creche ser\u00e1 um marco para a educa\u00e7\u00e3o infantil da regi\u00e3o e chega para transformar a vida das fam\u00edlias na comunidade. Projetada para atender crian\u00e7as com qualidade e seguran\u00e7a, a unidade contar\u00e1 com salas de aula, \u00e1rea de recrea\u00e7\u00e3o, espa\u00e7os administrativos, refeit\u00f3rio, cozinha e banheiros adaptados, tudo dentro dos padr\u00f5es exigidos pelo Minist\u00e9rio da Educa\u00e7\u00e3o. Um espa\u00e7o moderno e acolhedor que garantir\u00e1 \u00e0s crian\u00e7as o ambiente ideal para o desenvolvimento da primeira inf\u00e2ncia.\u00a0<\/span><\/span> <span class=\"x_gmail-TextRun x_gmail-SCXW969260 x_gmail-BCX0\" lang=\"PT-BR\" style=\"font-size: 1rem;\"><span class=\"x_gmail-NormalTextRun x_gmail-SCXW969260 x_gmail-BCX0\">\u00a0<\/span><\/span><span class=\"x_gmail-EOP x_gmail-SCXW969260 x_gmail-BCX0\" style=\"font-size: 1rem;\">\u00a0<\/span><\/p>\n<\/div>\n<div class=\"x_gmail-OutlineElement x_gmail-Ltr x_gmail-SCXW969260 x_gmail-BCX0\">\n<p class=\"x_gmail-Paragraph x_gmail-SCXW969260 x_gmail-BCX0\" lang=\"PT-BR\"><span class=\"x_gmail-TextRun x_gmail-SCXW969260 x_gmail-BCX0\" lang=\"PT-BR\"><span class=\"x_gmail-NormalTextRun x_gmail-SCXW969260 x_gmail-BCX0\">J\u00e1 o Centro de Conviv\u00eancia Educacional e Cultural, que ser\u00e1 inaugurado nesta sexta-feira, funcionar\u00e1 como uma extens\u00e3o da Escola Municipal Josefa da Silva Castro. O espa\u00e7o foi pensado para ampliar as possibilidades de aprendizado e intera\u00e7\u00e3o, com ambiente destinado a apresenta\u00e7\u00f5es culturais, atividades l\u00fadicas e conviv\u00eancia comunit\u00e1ria. Al\u00e9m de beneficiar os alunos, o centro tamb\u00e9m estar\u00e1 dispon\u00edvel para uso da comunidade, fortalecendo a rela\u00e7\u00e3o entre a escola e os moradores da regi\u00e3o.\u00a0<\/span><\/span><span class=\"x_gmail-EOP x_gmail-SCXW969260 x_gmail-BCX0\">\u00a0<\/span><\/p>\n<\/div>\n<div class=\"x_gmail-OutlineElement x_gmail-Ltr x_gmail-SCXW969260 x_gmail-BCX0\">\n<p class=\"x_gmail-Paragraph x_gmail-SCXW969260 x_gmail-BCX0\" lang=\"PT-BR\"><span class=\"x_gmail-TextRun x_gmail-SCXW969260 x_gmail-BCX0\" lang=\"PT-BR\"><span class=\"x_gmail-NormalTextRun x_gmail-SCXW969260 x_gmail-BCX0\">\u00a0<\/span><\/span><span class=\"x_gmail-EOP x_gmail-SCXW969260 x_gmail-BCX0\">\u00a0<\/span><\/p>\n<\/div>\n<div class=\"x_gmail-OutlineElement x_gmail-Ltr x_gmail-SCXW969260 x_gmail-BCX0\">\n<p class=\"x_gmail-Paragraph x_gmail-SCXW969260 x_gmail-BCX0\" lang=\"PT-BR\"><span class=\"x_gmail-TextRun x_gmail-SCXW969260 x_gmail-BCX0\" lang=\"PT-BR\"><span class=\"x_gmail-NormalTextRun x_gmail-SCXW969260 x_gmail-BCX0\">Texto: Ascom PMSB<\/span><\/span><span class=\"x_gmail-EOP x_gmail-SCXW969260 x_gmail-BCX0\">\u00a0<\/span><\/p>\n<\/div>\n","protected":false},"excerpt":{"rendered":"<p>A Prefeitura de Senhor do Bonfim segue transformando a realidade do munic\u00edpio e, nesta sexta-feira (23), a partir das 17h, a tradicional edi\u00e7\u00e3o do programa \u201cSextou com Obras\u201d chega em dose dupla no Distrito de Igara, em comemora\u00e7\u00e3o ao anivers\u00e1rio de 140 anos da cidade. \u00a0\u00a0\u00a0 Com um investimento superior a R$ 5,4 milh\u00f5es ser\u00e3o [&hellip;]<\/p>\n","protected":false},"author":1,"featured_media":76168,"comment_status":"open","ping_status":"open","sticky":false,"template":"","format":"standard","meta":{"_uag_custom_page_level_css":"","_monsterinsights_skip_tracking":false,"_monsterinsights_sitenote_active":false,"_monsterinsights_sitenote_note":"","_monsterinsights_sitenote_category":0,"jetpack_post_was_ever_published":false,"_jetpack_newsletter_access":"","_jetpack_dont_email_post_to_subs":false,"_jetpack_newsletter_tier_id":0,"_jetpack_memberships_contains_paywalled_content":false,"_jetpack_memberships_contains_paid_content":false,"footnotes":"","jetpack_publicize_message":"","jetpack_publicize_feature_enabled":true,"jetpack_social_post_already_shared":true,"jetpack_social_options":{"image_generator_settings":{"template":"highway","default_image_id":0,"font":"","enabled":false},"version":2}},"categories":[197],"tags":[],"class_list":["post-76167","post","type-post","status-publish","format-standard","has-post-thumbnail","hentry","category-politica"],"jetpack_publicize_connections":[],"jetpack_featured_media_url":"https:\/\/blogopara.com.br\/wp-content\/uploads\/2025\/05\/WhatsApp-Image-2025-05-19-at-21.46.07.jpeg","uagb_featured_image_src":{"full":["https:\/\/blogopara.com.br\/wp-content\/uploads\/2025\/05\/WhatsApp-Image-2025-05-19-at-21.46.07.jpeg",498,471,false],"thumbnail":["https:\/\/blogopara.com.br\/wp-content\/uploads\/2025\/05\/WhatsApp-Image-2025-05-19-at-21.46.07-150x150.jpeg",150,150,true],"medium":["https:\/\/blogopara.com.br\/wp-content\/uploads\/2025\/05\/WhatsApp-Image-2025-05-19-at-21.46.07-300x284.jpeg",300,284,true],"medium_large":["https:\/\/blogopara.com.br\/wp-content\/uploads\/2025\/05\/WhatsApp-Image-2025-05-19-at-21.46.07.jpeg",498,471,false],"large":["https:\/\/blogopara.com.br\/wp-content\/uploads\/2025\/05\/WhatsApp-Image-2025-05-19-at-21.46.07.jpeg",498,471,false],"1536x1536":["https:\/\/blogopara.com.br\/wp-content\/uploads\/2025\/05\/WhatsApp-Image-2025-05-19-at-21.46.07.jpeg",498,471,false],"2048x2048":["https:\/\/blogopara.com.br\/wp-content\/uploads\/2025\/05\/WhatsApp-Image-2025-05-19-at-21.46.07.jpeg",498,471,false],"mantranews-slider-large":["https:\/\/blogopara.com.br\/wp-content\/uploads\/2025\/05\/WhatsApp-Image-2025-05-19-at-21.46.07.jpeg",498,471,false],"mantranews-featured-medium":["https:\/\/blogopara.com.br\/wp-content\/uploads\/2025\/05\/WhatsApp-Image-2025-05-19-at-21.46.07-420x307.jpeg",420,307,true],"mantranews-featured-long":["https:\/\/blogopara.com.br\/wp-content\/uploads\/2025\/05\/WhatsApp-Image-2025-05-19-at-21.46.07-300x443.jpeg",300,443,true],"mantranews-block-medium":["https:\/\/blogopara.com.br\/wp-content\/uploads\/2025\/05\/WhatsApp-Image-2025-05-19-at-21.46.07-464x290.jpeg",464,290,true],"mantranews-carousel-image":["https:\/\/blogopara.com.br\/wp-content\/uploads\/2025\/05\/WhatsApp-Image-2025-05-19-at-21.46.07.jpeg",498,471,false],"mantranews-block-thumb":["https:\/\/blogopara.com.br\/wp-content\/uploads\/2025\/05\/WhatsApp-Image-2025-05-19-at-21.46.07-322x230.jpeg",322,230,true],"mantranews-single-large":["https:\/\/blogopara.com.br\/wp-content\/uploads\/2025\/05\/WhatsApp-Image-2025-05-19-at-21.46.07.jpeg",498,471,false]},"uagb_author_info":{"display_name":"Reda\u00e7\u00e3o geral","author_link":"https:\/\/blogopara.com.br\/index.php\/author\/blogopara"},"uagb_comment_info":0,"uagb_excerpt":"A Prefeitura de Senhor do Bonfim segue transformando a realidade do munic\u00edpio e, nesta sexta-feira (23), a partir das 17h, a tradicional edi\u00e7\u00e3o do programa \u201cSextou com Obras\u201d chega em dose dupla no Distrito de Igara, em comemora\u00e7\u00e3o ao anivers\u00e1rio de 140 anos da cidade. \u00a0\u00a0\u00a0 Com um investimento superior a R$ 5,4 milh\u00f5es ser\u00e3o&hellip;","jetpack_sharing_enabled":true,"jetpack_likes_enabled":true,"_links":{"self":[{"href":"https:\/\/blogopara.com.br\/index.php\/wp-json\/wp\/v2\/posts\/76167","targetHints":{"allow":["GET"]}}],"collection":[{"href":"https:\/\/blogopara.com.br\/index.php\/wp-json\/wp\/v2\/posts"}],"about":[{"href":"https:\/\/blogopara.com.br\/index.php\/wp-json\/wp\/v2\/types\/post"}],"author":[{"embeddable":true,"href":"https:\/\/blogopara.com.br\/index.php\/wp-json\/wp\/v2\/users\/1"}],"replies":[{"embeddable":true,"href":"https:\/\/blogopara.com.br\/index.php\/wp-json\/wp\/v2\/comments?post=76167"}],"version-history":[{"count":1,"href":"https:\/\/blogopara.com.br\/index.php\/wp-json\/wp\/v2\/posts\/76167\/revisions"}],"predecessor-version":[{"id":76169,"href":"https:\/\/blogopara.com.br\/index.php\/wp-json\/wp\/v2\/posts\/76167\/revisions\/76169"}],"wp:featuredmedia":[{"embeddable":true,"href":"https:\/\/blogopara.com.br\/index.php\/wp-json\/wp\/v2\/media\/76168"}],"wp:attachment":[{"href":"https:\/\/blogopara.com.br\/index.php\/wp-json\/wp\/v2\/media?parent=76167"}],"wp:term":[{"taxonomy":"category","embeddable":true,"href":"https:\/\/blogopara.com.br\/index.php\/wp-json\/wp\/v2\/categories?post=76167"},{"taxonomy":"post_tag","embeddable":true,"href":"https:\/\/blogopara.com.br\/index.php\/wp-json\/wp\/v2\/tags?post=76167"}],"curies":[{"name":"wp","href":"https:\/\/api.w.org\/{rel}","templated":true}]}}