{"id":76170,"date":"2025-05-20T19:57:52","date_gmt":"2025-05-20T22:57:52","guid":{"rendered":"https:\/\/blogopara.com.br\/?p=76170"},"modified":"2025-05-20T19:57:52","modified_gmt":"2025-05-20T22:57:52","slug":"articulacao-de-elmar-nascimento-para-assumir-vaga-no-tcu-envolve-possivel-retorno-de-aroldo-cedraz-a-politica-entenda","status":"publish","type":"post","link":"https:\/\/blogopara.com.br\/index.php\/2025\/05\/20\/articulacao-de-elmar-nascimento-para-assumir-vaga-no-tcu-envolve-possivel-retorno-de-aroldo-cedraz-a-politica-entenda","title":{"rendered":"Articula\u00e7\u00e3o de Elmar Nascimento para assumir vaga no TCU envolve poss\u00edvel retorno de Aroldo Cedraz \u00e0 pol\u00edtica; entenda"},"content":{"rendered":"<p>Como revelou em fevereiro a coluna\u00a0<strong>Radar do Poder<\/strong>, o deputado federal Elmar Nascimento (Uni\u00e3o) est\u00e1 de olho em uma cadeira no Tribunal de Contas da Uni\u00e3o (TCU).\u00a0Ele, inclusive, admitiu publicamente essa inten\u00e7\u00e3o posteriormente. As articula\u00e7\u00f5es do parlamentar passariam por um acordo que envolve o poss\u00edvel retorno \u00e0 pol\u00edtica do ministro baiano da Corte, Aroldo Cedraz.<\/p>\n<p>Este\u00a0<strong>Pol\u00edtica Livre<\/strong>\u00a0apurou junto a fontes em Bras\u00edlia que Elmar sugeriu a Aroldo que antecipe a aposentadoria compuls\u00f3ria, prevista para fevereiro de 2026, quando completa 75 anos. De olho na vaga, o deputado do Uni\u00e3o Brasil teria prometido apoiar o ministro como candidato a deputado federal no ano que vem, transferindo a maior parte do esp\u00f3lio eleitoral de mais de 175 mil votos obtidos em 2022.<\/p>\n<p>Como o aval do PT \u00e0 candidatura vitoriosa do deputado Hugo Motta (Republicanos-PB) \u00e0 presid\u00eancia da C\u00e2mara envolveu o apoio a um indicado petista para ocupar a pr\u00f3xima cadeira dispon\u00edvel no TCU, Elmar espera que Aroldo conven\u00e7a um outro ministro, Augusto Nardes, a tamb\u00e9m antecipar a aposentadoria, de modo a surgirem duas vagas. Assim, o baiano teria mais espa\u00e7o pol\u00edtico para se articular entre os pares e tentar conquistar a t\u00e3o sonhada aposentadoria de luxo.<\/p>\n<p>Assim como o colega baiano, Augusto Nardes tamb\u00e9m j\u00e1 foi deputado federal e tem planos de concorrer ao Senado pelo Rio Grande do Sul em 2026. Ele teve tr\u00eas mandatos consecutivos na C\u00e2mara. J\u00e1 Aroldo Cedraz foi deputado federal entre 1991 e 2007, sempre posicionado no grupo do falecido Ant\u00f4nio Carlos Magalh\u00e3es.<\/p>\n<p>Antes dessas negocia\u00e7\u00f5es, havia a expectativa de que o esp\u00f3lio eleitoral de Elmar fosse \u201cherdado\u201d por um dos primos, o deputado estadual J\u00fanior Nascimento (Uni\u00e3o), ou pelo fiel escudeiro, o deputado estadual Marcinho Oliveira (Uni\u00e3o). O grupo liderado pelo deputado federal decidiu, no entanto, que os dois aliados tentar\u00e3o a reelei\u00e7\u00e3o \u2013 o primeiro pelo mesmo partido e o segundo pelo PRD, sigla da qual Elmar assumiu o controle, indicando como presidente na Bahia o ex-vereador Adriano Meirelles.<\/p>\n<p>Al\u00e9m disso, Elmar pretende trabalhar para que outros dois deputados estaduais da sua \u201cbancada\u201d \u2013 Manuel Rocha (Uni\u00e3o) e Robinho (Uni\u00e3o) \u2013 conquistem uma cadeira na C\u00e2mara Federal em 2026. Outro que o pretenso ministro do TCU tem interesse em ajudar, por ser pr\u00f3ximo, \u00e9 o deputado federal Dal Barreto (Uni\u00e3o), postulante \u00e0 reelei\u00e7\u00e3o no ano que vem.<\/p>\n<p>Elmar tomou a decis\u00e3o de disputar uma vaga ao TCU depois de levar uma \u201crasteira\u201d do ex-presidente da C\u00e2mara Federal deputado Arthur Lira (PP-AL), de quem era aliado e amigo. O parlamentar baiano apostou todas as fichas em suceder Lira, mas o pepista optou por apoiar Hugo Motta.<\/p>\n<p>&nbsp;<\/p>\n<p><span class=\"assinatura_exclusiva\">Pol\u00edtica Livre<\/span><\/p>\n","protected":false},"excerpt":{"rendered":"<p>Como revelou em fevereiro a coluna\u00a0Radar do Poder, o deputado federal Elmar Nascimento (Uni\u00e3o) est\u00e1 de olho em uma cadeira no Tribunal de Contas da Uni\u00e3o (TCU).\u00a0Ele, inclusive, admitiu publicamente essa inten\u00e7\u00e3o posteriormente. As articula\u00e7\u00f5es do parlamentar passariam por um acordo que envolve o poss\u00edvel retorno \u00e0 pol\u00edtica do ministro baiano da Corte, Aroldo Cedraz. [&hellip;]<\/p>\n","protected":false},"author":1,"featured_media":76171,"comment_status":"open","ping_status":"open","sticky":false,"template":"","format":"standard","meta":{"_uag_custom_page_level_css":"","_monsterinsights_skip_tracking":false,"_monsterinsights_sitenote_active":false,"_monsterinsights_sitenote_note":"","_monsterinsights_sitenote_category":0,"jetpack_post_was_ever_published":false,"_jetpack_newsletter_access":"","_jetpack_dont_email_post_to_subs":false,"_jetpack_newsletter_tier_id":0,"_jetpack_memberships_contains_paywalled_content":false,"_jetpack_memberships_contains_paid_content":false,"footnotes":"","jetpack_publicize_message":"","jetpack_publicize_feature_enabled":true,"jetpack_social_post_already_shared":true,"jetpack_social_options":{"image_generator_settings":{"template":"highway","default_image_id":0,"font":"","enabled":false},"version":2}},"categories":[200,197],"tags":[],"class_list":["post-76170","post","type-post","status-publish","format-standard","has-post-thumbnail","hentry","category-brasil","category-politica"],"jetpack_publicize_connections":[],"jetpack_featured_media_url":"https:\/\/blogopara.com.br\/wp-content\/uploads\/2025\/05\/Capturar-27.jpg","uagb_featured_image_src":{"full":["https:\/\/blogopara.com.br\/wp-content\/uploads\/2025\/05\/Capturar-27.jpg",500,344,false],"thumbnail":["https:\/\/blogopara.com.br\/wp-content\/uploads\/2025\/05\/Capturar-27-150x150.jpg",150,150,true],"medium":["https:\/\/blogopara.com.br\/wp-content\/uploads\/2025\/05\/Capturar-27-300x206.jpg",300,206,true],"medium_large":["https:\/\/blogopara.com.br\/wp-content\/uploads\/2025\/05\/Capturar-27.jpg",500,344,false],"large":["https:\/\/blogopara.com.br\/wp-content\/uploads\/2025\/05\/Capturar-27.jpg",500,344,false],"1536x1536":["https:\/\/blogopara.com.br\/wp-content\/uploads\/2025\/05\/Capturar-27.jpg",500,344,false],"2048x2048":["https:\/\/blogopara.com.br\/wp-content\/uploads\/2025\/05\/Capturar-27.jpg",500,344,false],"mantranews-slider-large":["https:\/\/blogopara.com.br\/wp-content\/uploads\/2025\/05\/Capturar-27.jpg",500,344,false],"mantranews-featured-medium":["https:\/\/blogopara.com.br\/wp-content\/uploads\/2025\/05\/Capturar-27-420x307.jpg",420,307,true],"mantranews-featured-long":["https:\/\/blogopara.com.br\/wp-content\/uploads\/2025\/05\/Capturar-27-300x344.jpg",300,344,true],"mantranews-block-medium":["https:\/\/blogopara.com.br\/wp-content\/uploads\/2025\/05\/Capturar-27-464x290.jpg",464,290,true],"mantranews-carousel-image":["https:\/\/blogopara.com.br\/wp-content\/uploads\/2025\/05\/Capturar-27.jpg",500,344,false],"mantranews-block-thumb":["https:\/\/blogopara.com.br\/wp-content\/uploads\/2025\/05\/Capturar-27-322x230.jpg",322,230,true],"mantranews-single-large":["https:\/\/blogopara.com.br\/wp-content\/uploads\/2025\/05\/Capturar-27.jpg",500,344,false]},"uagb_author_info":{"display_name":"Reda\u00e7\u00e3o geral","author_link":"https:\/\/blogopara.com.br\/index.php\/author\/blogopara"},"uagb_comment_info":0,"uagb_excerpt":"Como revelou em fevereiro a coluna\u00a0Radar do Poder, o deputado federal Elmar Nascimento (Uni\u00e3o) est\u00e1 de olho em uma cadeira no Tribunal de Contas da Uni\u00e3o (TCU).\u00a0Ele, inclusive, admitiu publicamente essa inten\u00e7\u00e3o posteriormente. As articula\u00e7\u00f5es do parlamentar passariam por um acordo que envolve o poss\u00edvel retorno \u00e0 pol\u00edtica do ministro baiano da Corte, Aroldo Cedraz.&hellip;","jetpack_sharing_enabled":true,"jetpack_likes_enabled":true,"_links":{"self":[{"href":"https:\/\/blogopara.com.br\/index.php\/wp-json\/wp\/v2\/posts\/76170","targetHints":{"allow":["GET"]}}],"collection":[{"href":"https:\/\/blogopara.com.br\/index.php\/wp-json\/wp\/v2\/posts"}],"about":[{"href":"https:\/\/blogopara.com.br\/index.php\/wp-json\/wp\/v2\/types\/post"}],"author":[{"embeddable":true,"href":"https:\/\/blogopara.com.br\/index.php\/wp-json\/wp\/v2\/users\/1"}],"replies":[{"embeddable":true,"href":"https:\/\/blogopara.com.br\/index.php\/wp-json\/wp\/v2\/comments?post=76170"}],"version-history":[{"count":1,"href":"https:\/\/blogopara.com.br\/index.php\/wp-json\/wp\/v2\/posts\/76170\/revisions"}],"predecessor-version":[{"id":76172,"href":"https:\/\/blogopara.com.br\/index.php\/wp-json\/wp\/v2\/posts\/76170\/revisions\/76172"}],"wp:featuredmedia":[{"embeddable":true,"href":"https:\/\/blogopara.com.br\/index.php\/wp-json\/wp\/v2\/media\/76171"}],"wp:attachment":[{"href":"https:\/\/blogopara.com.br\/index.php\/wp-json\/wp\/v2\/media?parent=76170"}],"wp:term":[{"taxonomy":"category","embeddable":true,"href":"https:\/\/blogopara.com.br\/index.php\/wp-json\/wp\/v2\/categories?post=76170"},{"taxonomy":"post_tag","embeddable":true,"href":"https:\/\/blogopara.com.br\/index.php\/wp-json\/wp\/v2\/tags?post=76170"}],"curies":[{"name":"wp","href":"https:\/\/api.w.org\/{rel}","templated":true}]}}